{"id":13235,"date":"2025-05-20T06:00:32","date_gmt":"2025-05-20T06:00:32","guid":{"rendered":"https:\/\/www.automakers.cz\/?p=13235"},"modified":"2025-05-20T06:00:32","modified_gmt":"2025-05-20T06:00:32","slug":"skoda-partnerem-dvou-cyklistickych-akci","status":"publish","type":"post","link":"https:\/\/www.automakers.cz\/?p=13235","title":{"rendered":"\u0160koda partnerem dvou cyklistick\u00fdch akc\u00ed"},"content":{"rendered":"<p><strong>\u0160koda Auto se pro p\u0159\u00ed\u0161t\u00ed dv\u011b sezony st\u00e1v\u00e1 ofici\u00e1ln\u00edm partnerem Mistrovstv\u00ed sv\u011bta horsk\u00fdch kol (MTB) a Mistrovstv\u00ed sv\u011bta v gravelu, po\u0159\u00e1dan\u00fdch Mezin\u00e1rodn\u00ed cyklistickou federac\u00ed (UCI). Jedn\u00e1 se o dv\u011b sportovn\u00ed kl\u00e1n\u00ed s \u0159adou discipl\u00edn pro mu\u017ee i \u017eeny. <\/strong><!--more--><\/p>\n<p>Zat\u00edmco horsk\u00e1 kola maj\u00ed dlouhou tradic\u00ed i \u0161irokou fanou\u0161kovskou z\u00e1kladnou a jsou sou\u010d\u00e1st\u00ed programu letn\u00edch olympi\u00e1d, j\u00edzda na gravelov\u00e9m kole pro r\u016fzn\u00e9 druhy povrch\u016f v\u010detn\u011b \u0161t\u011brkov\u00fdch cest za\u017e\u00edv\u00e1 velk\u00fd rozmach v posledn\u00edch letech. Z\u00e1vody pravideln\u011b nav\u0161t\u011bvuj\u00ed des\u00edtky tis\u00edc p\u0159\u00edznivc\u016f p\u0159\u00edmo v m\u00edst\u011b kon\u00e1n\u00ed a v sou\u010dtu v\u00edce ne\u017e 25 milion\u016f div\u00e1k\u016f je sleduje prost\u0159ednictv\u00edm p\u0159\u00edm\u00fdch p\u0159enos\u016f.<\/p>\n<p>Leto\u0161n\u00ed Mistrovstv\u00ed sv\u011bta horsk\u00fdch kol se bude konat na p\u0159elomu srpna a z\u00e1\u0159\u00ed ve \u0161v\u00fdcarsk\u00e9m Valais, Mistrovstv\u00ed sv\u011bta v gravelu prob\u011bhne v \u0159\u00edjnu 2025 v nizozemsk\u00e9m regionu Ji\u017en\u00ed Limburg. Na m\u00edstech kon\u00e1n\u00ed \u0161ampion\u00e1tu UCInab\u00eddne \u0160koda vyhrazen\u00e9 z\u00f3ny pro n\u00e1v\u0161t\u011bvn\u00edky a fanou\u0161ky, kde p\u0159edstav\u00ed v\u00fdb\u011br elektrifikovan\u00fdch model\u016f, v\u010detn\u011b pln\u011b elektrick\u00fdch vozidel (BEV) a plug-in hybrid\u016f (PHEV).<\/p>\n<p><strong>Martin Jahn<\/strong>, \u010dlen p\u0159edstavenstva spole\u010dnosti \u0160koda Auto pro Prodej a marketing, \u0159\u00edk\u00e1:<\/p>\n<p>\u201eCyklistika je sou\u010d\u00e1st\u00ed DNA automobilky \u0160koda Auto ji\u017e od doby p\u0159ed 130 lety, kdy na\u0161i zakladatel\u00e9 V\u00e1clav Laurin a V\u00e1clav Klement vybudovali spole\u010dn\u00fd podnik. Profesion\u00e1ln\u00ed cyklistiku podporujeme v\u00edce ne\u017e 20 let a jsme hrd\u00ed na to, \u017ee m\u016f\u017eeme spolupr\u00e1ci s organizac\u00ed UCI roz\u0161\u00ed\u0159it o vrcholn\u00e9 z\u00e1vody na horsk\u00fdch kolech a gravelech. Na\u0161\u00ed snahou je p\u0159ibl\u00ed\u017eit zna\u010dku \u0160koda p\u0159\u00edznivc\u016fm cyklistiky a sportov\u00e1n\u00ed v p\u0159\u00edrod\u011b, tedy lidem, kte\u0159\u00ed stejn\u011b jako na\u0161i z\u00e1kazn\u00edci maj\u00ed r\u00e1di ka\u017edodenn\u00ed objevov\u00e1n\u00ed. Toto nov\u00e9 atraktivn\u00ed partnerstv\u00ed nejen dokl\u00e1d\u00e1 n\u00e1\u0161 z\u00e1jem o udr\u017eitelnost, ale p\u0159edev\u0161\u00edm podporuje jednu z na\u0161ich z\u00e1kladn\u00edch hodnot: b\u00fdt lidsk\u00fd. Z\u00e1vody UCI jsou nakonec pr\u00e1v\u011b p\u0159edev\u0161\u00edm o lidech \u2013 profesion\u00e1ln\u00edch cyklistech \u2013 dosahuj\u00edc\u00edch mimo\u0159\u00e1dn\u00fdch v\u00fdkon\u016f.\u201c<\/p>\n<p><strong>Program Mistrovstv\u00ed sv\u011bta horsk\u00fdch kol ve \u0160v\u00fdcarsku<\/strong><\/p>\n<p>Mistrovstv\u00ed sv\u011bta horsk\u00fdch kol UCI 2025 se bude letos konat od 30. srpna do 14. z\u00e1\u0159\u00ed v kantonu Valais. Pro horsk\u00e1 kola to bude velk\u00e1 ud\u00e1lost, proto\u017ee spoj\u00ed t\u00e9m\u011b\u0159 v\u0161echny discipl\u00edny v jedin\u00e9m dvout\u00fddenn\u00edm podniku: pojede se zde olympijsk\u00e9 cross-country, t\u00fdmov\u00fd \u0161tafetov\u00fd z\u00e1vod, cross-country short track, maraton na horsk\u00fdch kolech, cross-country na elektrokolech, sjezd, enduro, enduro na elektrokolech a pump track. P\u0159i t\u00e9to p\u0159\u00edle\u017eitosti bude ud\u011bleno 27 titul\u016f mistra sv\u011bta UCI.<\/p>\n<p><strong>Mistrovstv\u00ed sv\u011bta v gravelu v Nizozemsku <\/strong><\/p>\n<p>Obliba j\u00edzdy na gravelech, kolech upraven\u00fdch pro j\u00edzdu po n\u00e1ro\u010dn\u011bj\u0161\u00edm povrchu, jako jsou \u0161otolinov\u00e9 nebo poln\u00ed cesty, v posledn\u00edch letech v\u00fdrazn\u011b vzrostla. Znovuobjeven\u00ed schopnost\u00ed t\u011bchto lehk\u00fdch a rychl\u00fdch bicykl\u016f p\u0159il\u00e1kalo \u0159adu amat\u00e9rsk\u00fdch i profesion\u00e1ln\u00edch jezdc\u016f a vedlo k zalo\u017een\u00ed samostatn\u00e9ho sv\u011btov\u00e9ho \u0161ampion\u00e1tu. Ten se letos pojede v nizozemsk\u00e9m regionu Ji\u017en\u00ed Limburg.<\/p>\n<p><strong>\u0160koda Auto \u2013 partner cyklistiky <\/strong><\/p>\n<p>\u010cesk\u00e1 automobilka si letos p\u0159ipom\u00edn\u00e1 130 let od sv\u00e9ho vzniku. P\u016fvod spole\u010dnosti \u0160koda Auto sah\u00e1 do roku 1895, kdy zakladatel\u00e9 V\u00e1clav Laurin a V\u00e1clav Klement zah\u00e1jili v Mlad\u00e9 Boleslavi v\u00fdrobu j\u00edzdn\u00edch kol. V novodob\u00e9 \u00e9\u0159e je zna\u010dka \u0160koda s profesion\u00e1ln\u00ed cyklistikou spjata v\u00edce ne\u017e dv\u011b desetilet\u00ed. Vloni prodlou\u017eila do roku 2028 smlouvu s organizac\u00ed A.S.O., organiz\u00e1torem vrcholn\u00fdch z\u00e1vod\u016f v\u010detn\u011b Tour de France. Vedle toho \u0160koda podporuje i \u017eenskou Tour de France Femme avec Zwift a \u0159adu dal\u0161\u00edch slavn\u00fdch kl\u00e1n\u00ed, jako je La Vuelta nebo Valonsk\u00fd \u0161\u00edp. J\u00edzdn\u00ed kola a p\u0159\u00edslu\u0161enstv\u00ed jsou dlouhodob\u011b sou\u010d\u00e1st\u00ed \u0161ir\u0161\u00ed nab\u00eddky spole\u010dnosti \u0160koda Auto.<\/p>\n<p><a href=\"https:\/\/www.skoda-storyboard.com\/cs\/tiskove-zpravy-archiv\/skoda-auto-partnerem-mezinarodni-cyklisticke-federace-pro-dve-vrcholne-akce-mistrovstvi-sveta-horskych-kol-i-mistrovstvi-sveta-v-gravelu\/attachment\/skoda-uci-16_9_9b83e584\/\">Video: Mistrovstv\u00ed sv\u011bta horsk\u00fdch kol i Mistrovstv\u00ed sv\u011bta v gravelu<\/a><\/p>\n","protected":false},"excerpt":{"rendered":"<p>\u0160koda Auto se pro p\u0159\u00ed\u0161t\u00ed dv\u011b sezony st\u00e1v\u00e1 ofici\u00e1ln\u00edm partnerem Mistrovstv\u00ed sv\u011bta horsk\u00fdch kol (MTB)&#8230;<\/p>\n","protected":false},"author":2,"featured_media":13238,"comment_status":"closed","ping_status":"closed","sticky":false,"template":"","format":"standard","meta":{"footnotes":""},"categories":[29,70],"tags":[],"class_list":["post-13235","post","type-post","status-publish","format-standard","has-post-thumbnail","hentry","category-sponzoring","category-sport"],"_links":{"self":[{"href":"https:\/\/www.automakers.cz\/index.php?rest_route=\/wp\/v2\/posts\/13235","targetHints":{"allow":["GET"]}}],"collection":[{"href":"https:\/\/www.automakers.cz\/index.php?rest_route=\/wp\/v2\/posts"}],"about":[{"href":"https:\/\/www.automakers.cz\/index.php?rest_route=\/wp\/v2\/types\/post"}],"author":[{"embeddable":true,"href":"https:\/\/www.automakers.cz\/index.php?rest_route=\/wp\/v2\/users\/2"}],"replies":[{"embeddable":true,"href":"https:\/\/www.automakers.cz\/index.php?rest_route=%2Fwp%2Fv2%2Fcomments&post=13235"}],"version-history":[{"count":3,"href":"https:\/\/www.automakers.cz\/index.php?rest_route=\/wp\/v2\/posts\/13235\/revisions"}],"predecessor-version":[{"id":13239,"href":"https:\/\/www.automakers.cz\/index.php?rest_route=\/wp\/v2\/posts\/13235\/revisions\/13239"}],"wp:featuredmedia":[{"embeddable":true,"href":"https:\/\/www.automakers.cz\/index.php?rest_route=\/wp\/v2\/media\/13238"}],"wp:attachment":[{"href":"https:\/\/www.automakers.cz\/index.php?rest_route=%2Fwp%2Fv2%2Fmedia&parent=13235"}],"wp:term":[{"taxonomy":"category","embeddable":true,"href":"https:\/\/www.automakers.cz\/index.php?rest_route=%2Fwp%2Fv2%2Fcategories&post=13235"},{"taxonomy":"post_tag","embeddable":true,"href":"https:\/\/www.automakers.cz\/index.php?rest_route=%2Fwp%2Fv2%2Ftags&post=13235"}],"curies":[{"name":"wp","href":"https:\/\/api.w.org\/{rel}","templated":true}]}}