{"id":13240,"date":"2025-05-19T06:36:18","date_gmt":"2025-05-19T06:36:18","guid":{"rendered":"https:\/\/www.automakers.cz\/?p=13240"},"modified":"2025-05-19T06:36:18","modified_gmt":"2025-05-19T06:36:18","slug":"most-bude-hostit-worldsbk-dalsich-5-let","status":"publish","type":"post","link":"https:\/\/www.automakers.cz\/?p=13240","title":{"rendered":"Most bude hostit WorldSBK dal\u0161\u00edch 5 let"},"content":{"rendered":"<p><b>Autodrom Most a WorldSBK prodlou\u017eily sv\u00e9ho partnerstv\u00ed, kter\u00e9 zaji\u0161\u0165uje \u010desk\u00e9mu podniku m\u00edsto v kalend\u00e1\u0159i MOTUL FIM Superbike World Championship na dal\u0161\u00edch p\u011bt let, a\u017e do sezony 2030 v\u010detn\u011b. <\/b><!--more--><\/p>\n<p>Od sv\u00e9ho vstupu do kalend\u00e1\u0159e WorldSBK v roce 2021 se Autodrom Most rychle stal mezi fanou\u0161ky m\u00edstem, kter\u00e9 p\u0159in\u00e1\u0161\u00ed nap\u00ednav\u00e9 z\u00e1vody. Ro\u010dn\u00edk 2024 zaznamenal rekordn\u00ed \u00fa\u010dast t\u00e9m\u011b\u0159 60 000 n\u00e1v\u0161t\u011bvn\u00edk\u016f, co\u017e z n\u011bj \u010din\u00ed druh\u00fd nejnav\u0161t\u011bvovan\u011bj\u0161\u00ed z\u00e1vod sez\u00f3ny a odr\u00e1\u017e\u00ed jeho rostouc\u00ed popularitu a za\u010dlen\u011bn\u00ed do \u0161ampion\u00e1tu WorldSBK.<\/p>\n<p>Na trati i v jej\u00edm z\u00e1zem\u00ed se soustavn\u011b prov\u00e1d\u011bj\u00ed vylep\u0161en\u00ed, kter\u00e1 zaji\u0161\u0165uj\u00ed spln\u011bn\u00ed standard\u016f vy\u017eadovan\u00fdch WorldSBK.<\/p>\n<p>Ned\u00e1vn\u00fd v\u00fdvoj zahrnuje rozs\u00e1hl\u00e9 obnoven\u00ed povrchu trati, vylep\u0161en\u00e9 bezpe\u010dnostn\u00ed prvky, kamerov\u00e9 syst\u00e9my vyu\u017e\u00edvaj\u00edc\u00ed um\u011blou inteligenci a pr\u016fb\u011b\u017en\u00e9 vylep\u0161ov\u00e1n\u00ed infrastruktury okruhu.<\/p>\n<p><img loading=\"lazy\" decoding=\"async\" class=\"alignnone size-medium wp-image-13242\" src=\"http:\/\/www.automakers.cz\/wp-content\/uploads\/2025\/05\/most-1-small-900x600.jpg\" alt=\"\" width=\"900\" height=\"600\" srcset=\"https:\/\/www.automakers.cz\/wp-content\/uploads\/2025\/05\/most-1-small-900x600.jpg 900w, https:\/\/www.automakers.cz\/wp-content\/uploads\/2025\/05\/most-1-small-1024x683.jpg 1024w, https:\/\/www.automakers.cz\/wp-content\/uploads\/2025\/05\/most-1-small-768x512.jpg 768w, https:\/\/www.automakers.cz\/wp-content\/uploads\/2025\/05\/most-1-small-1536x1024.jpg 1536w, https:\/\/www.automakers.cz\/wp-content\/uploads\/2025\/05\/most-1-small-2048x1365.jpg 2048w\" sizes=\"auto, (max-width: 900px) 100vw, 900px\" \/><\/p>\n<p><strong>Gregorio Lavilla<\/strong>, v\u00fdkonn\u00fd \u0159editel WorldSBK, k tomu uvedl:\u00a0<i>&#8222;Jsme velmi r\u00e1di, \u017ee m\u016f\u017eeme potvrdit m\u00edsto mosteck\u00e9ho autodromu v kalend\u00e1\u0159i WorldSBK na dal\u0161\u00edch p\u011bt let. Okruh se rychle etabloval jako jeden z na\u0161ich v\u00fdzna\u010dn\u00fdch podnik\u016f s pozoruhodn\u00fdmi \u010d\u00edsly n\u00e1v\u0161t\u011bvnosti a nad\u0161en\u00fdm zapojen\u00edm fanou\u0161k\u016f. Neust\u00e1l\u00e9 investice do bezpe\u010dnosti trati, infrastruktury a celkov\u00e9ho z\u00e1\u017eitku z akce ukazuj\u00ed, \u017ee se n\u00e1m to da\u0159\u00ed.&#8220;<\/i><\/p>\n<p><strong>Josef Zaj\u00ed\u010dek<\/strong>, \u010dlen po\u0159\u00e1daj\u00edc\u00edho spolku AMK Most a gener\u00e1ln\u00ed \u0159editel Autodromu Most k tomu sd\u011blil:<i>\u00a0\u201eJsem r\u00e1d, \u017ee tato spolupr\u00e1ce je \u00fasp\u011b\u0161n\u00e1 a nad\u00e1le se vyv\u00edj\u00ed velmi pozitivn\u00edm sm\u011brem. Pro mosteck\u00fd autodrom je to kl\u00ed\u010dov\u00fd z\u00e1vodn\u00ed v\u00edkend, kter\u00fd ka\u017edoro\u010dn\u011b p\u0159il\u00e1k\u00e1 do \u010cesk\u00e9 republiky tis\u00edce fanou\u0161k\u016f. V\u00fdznamn\u011b p\u0159isp\u00edv\u00e1 nejen ke zviditeln\u011bn\u00ed na\u0161eho okruhu, ale tak\u00e9 k mezin\u00e1rodn\u00edmu renom\u00e9 \u010cesk\u00e9 republiky. \u0160ampion\u00e1t je velmi otev\u0159en\u00fd fanou\u0161k\u016fm a ti maj\u00ed d\u00edky p\u0159\u00edstupu do paddocku mo\u017enost vid\u011bt a za\u017e\u00edt sv\u011btov\u00fd motorsport zbl\u00edzka jako nikde jinde &#8211; to je n\u011bco, co d\u011bl\u00e1 WorldSBK skute\u010dn\u011b v\u00fdjime\u010dn\u00fdm. Jsme proto velmi r\u00e1di, \u017ee jsme se s promot\u00e9rem dohodli na prodlou\u017een\u00ed na\u0161eho partnerstv\u00ed a\u017e do roku 2030.\u201c<\/i><\/p>\n<p>Program leto\u0161n\u00edho ro\u010dn\u00edku za\u010dal ve \u010dtvrtek 15. kv\u011btna. P\u00e1tek nab\u00eddl ofici\u00e1ln\u00ed tr\u00e9ninky a z\u00e1\u017eitkov\u00fd program <i>Ride Like a Pro<\/i>, kde si \u00fa\u010dastn\u00edci pod veden\u00edm profesion\u00e1l\u016f mohli vyzkou\u0161et j\u00edzdu po trati a nahl\u00e9dnou do z\u00e1kulis\u00ed WorldSBK.<\/p>\n<p>V\u00edkend (17.\u201318. kv\u011btna) pat\u0159il samotn\u00fdm z\u00e1vod\u016fm t\u0159\u00edd WorldSBK, WorldSSP a WorldSSP300. Fanou\u0161ci m\u011bli mo\u017enost shl\u00e9dnout paddock show, autogrami\u00e1dy, <i>Victory Lane <\/i>a setkat se s jezdci na c\u00edlov\u00e9 rovince. K vid\u011bn\u00ed byl tak\u00e9 p\u0159elet st\u00edha\u010dky Aero Vodochody a <i>Bike Parade<\/i> \u2013 spanil\u00e1 j\u00edzda po trati pro n\u00e1v\u0161t\u011bvn\u00edky na motork\u00e1ch.<\/p>\n<p>Novinkou je tak\u00e9 sjednocen\u00e9 vstupn\u00e9 pro v\u0161echny fanou\u0161ky, kter\u00e9 zahrnuje i p\u0159\u00edstup do paddocku \u2013 tedy do samotn\u00e9ho srdce z\u00e1vodn\u00edho d\u011bn\u00ed. D\u011bti do 15 let maj\u00ed vstup zdarma.<\/p>\n<p><img loading=\"lazy\" decoding=\"async\" class=\"alignnone size-medium wp-image-13243\" src=\"http:\/\/www.automakers.cz\/wp-content\/uploads\/2025\/05\/most-6-900x600.jpg\" alt=\"\" width=\"900\" height=\"600\" srcset=\"https:\/\/www.automakers.cz\/wp-content\/uploads\/2025\/05\/most-6-900x600.jpg 900w, https:\/\/www.automakers.cz\/wp-content\/uploads\/2025\/05\/most-6-768x512.jpg 768w, https:\/\/www.automakers.cz\/wp-content\/uploads\/2025\/05\/most-6.jpg 1024w\" sizes=\"auto, (max-width: 900px) 100vw, 900px\" \/><\/p>\n","protected":false},"excerpt":{"rendered":"<p>Autodrom Most a WorldSBK prodlou\u017eily sv\u00e9ho partnerstv\u00ed, kter\u00e9 zaji\u0161\u0165uje \u010desk\u00e9mu podniku m\u00edsto v kalend\u00e1\u0159i MOTUL&#8230;<\/p>\n","protected":false},"author":2,"featured_media":13241,"comment_status":"closed","ping_status":"closed","sticky":false,"template":"","format":"standard","meta":{"footnotes":""},"categories":[26,54,19],"tags":[],"class_list":["post-13240","post","type-post","status-publish","format-standard","has-post-thumbnail","hentry","category-eventy","category-motocykly","category-motorsport"],"_links":{"self":[{"href":"https:\/\/www.automakers.cz\/index.php?rest_route=\/wp\/v2\/posts\/13240","targetHints":{"allow":["GET"]}}],"collection":[{"href":"https:\/\/www.automakers.cz\/index.php?rest_route=\/wp\/v2\/posts"}],"about":[{"href":"https:\/\/www.automakers.cz\/index.php?rest_route=\/wp\/v2\/types\/post"}],"author":[{"embeddable":true,"href":"https:\/\/www.automakers.cz\/index.php?rest_route=\/wp\/v2\/users\/2"}],"replies":[{"embeddable":true,"href":"https:\/\/www.automakers.cz\/index.php?rest_route=%2Fwp%2Fv2%2Fcomments&post=13240"}],"version-history":[{"count":4,"href":"https:\/\/www.automakers.cz\/index.php?rest_route=\/wp\/v2\/posts\/13240\/revisions"}],"predecessor-version":[{"id":13261,"href":"https:\/\/www.automakers.cz\/index.php?rest_route=\/wp\/v2\/posts\/13240\/revisions\/13261"}],"wp:featuredmedia":[{"embeddable":true,"href":"https:\/\/www.automakers.cz\/index.php?rest_route=\/wp\/v2\/media\/13241"}],"wp:attachment":[{"href":"https:\/\/www.automakers.cz\/index.php?rest_route=%2Fwp%2Fv2%2Fmedia&parent=13240"}],"wp:term":[{"taxonomy":"category","embeddable":true,"href":"https:\/\/www.automakers.cz\/index.php?rest_route=%2Fwp%2Fv2%2Fcategories&post=13240"},{"taxonomy":"post_tag","embeddable":true,"href":"https:\/\/www.automakers.cz\/index.php?rest_route=%2Fwp%2Fv2%2Ftags&post=13240"}],"curies":[{"name":"wp","href":"https:\/\/api.w.org\/{rel}","templated":true}]}}