{"id":13253,"date":"2025-05-18T21:36:42","date_gmt":"2025-05-18T21:36:42","guid":{"rendered":"https:\/\/www.automakers.cz\/?p=13253"},"modified":"2025-05-18T21:36:42","modified_gmt":"2025-05-18T21:36:42","slug":"tym-janik-motorsport-posilil-o-mistry-sveta","status":"publish","type":"post","link":"https:\/\/www.automakers.cz\/?p=13253","title":{"rendered":"T\u00fdm Jan\u00edk Motorsport pos\u00edlil o mistry sv\u011bta"},"content":{"rendered":"<p><strong>Dva sv\u011btov\u00e9 tituly a t\u0159i dom\u00e1c\u00ed z posledn\u00edch t\u0159\u00ed let m\u016f\u017ee nab\u00eddnout reprezenta\u010dn\u00ed pos\u00e1dka Michal \u017d\u010f\u00e1rsk\u00fd a Jakub N\u00e1b\u011blek sout\u011b\u017e\u00edc\u00ed v \u0161ampion\u00e1tu Bridgestone FIA ecoRally Cup. Zku\u0161en\u00e1 pos\u00e1dka bude na mezin\u00e1rodn\u00ed sc\u00e9n\u011b nov\u011b p\u016fsobit v barv\u00e1ch t\u00fdmu Jan\u00edk Motorsport.<\/strong><!--more--><\/p>\n<p>\u010ctrn\u00e1ct sout\u011b\u017e\u00ed na mezin\u00e1rodn\u00ed sc\u00e9n\u011b a \u0161est podnik\u016f \u010cEZ Mistrovstv\u00ed \u010cR v ecoRally \u010dek\u00e1 v leto\u0161n\u00ed sez\u00f3n\u011b na pos\u00e1dku Michal \u017d\u010f\u00e1rsk\u00fd a Jakub N\u00e1b\u011blek, kte\u0159\u00ed h\u00e1j\u00ed \u010desk\u00e9 barvy s vozem Hyundai Kona Electric vyr\u00e1b\u011bn\u00e9 v tov\u00e1rn\u011b Hyundai Motor Manufacturing Czech ve slezsk\u00fdch No\u0161ovic\u00edch.<\/p>\n<p><img loading=\"lazy\" decoding=\"async\" class=\"alignnone size-medium wp-image-327\" src=\"http:\/\/www.automakers.cz\/wp-content\/uploads\/2023\/11\/Zdarsky-eco-rally-Nabelek-900x601.jpg\" alt=\"\" width=\"900\" height=\"601\" \/>S nejnov\u011bj\u0161\u00ed generac\u00ed dok\u00e1zala \u010desk\u00e1 pos\u00e1dka v lo\u0148sk\u00e9m roce v \u0161ampion\u00e1tu FIA zv\u00edt\u011bzit a v\u00edt\u011bzn\u00e9 trofeje si z rukou prezidenta mezin\u00e1rodn\u00ed automobilov\u00e9 federace p\u0159evzala na z\u00e1v\u011bre\u010dn\u00e9m gala v Kigali ve Rwand\u011b.<\/p>\n<p>B\u011bhem sez\u00f3ny se pos\u00e1dka s vozem vydala do destinac\u00ed jako jsou Azorsk\u00e9 ostrovy, Island \u010di proslul\u00e9 Monte-Carlo. B\u011bhem roku pos\u00e1dka s elektrickou Konou najela v\u00edce, ne\u017e 60 000 km.<\/p>\n<p><strong>Nov\u011b u Jan\u00edka<\/strong><\/p>\n<p>Podobn\u011b n\u00e1ro\u010dn\u00fd program pos\u00e1dku \u010dek\u00e1 i v leto\u0161n\u00edm roce, nov\u011b u\u017e v t\u00fdmu ACCR Hyundai Jan\u00edk Motorsport. \u201eJe to pro n\u00e1s velk\u00e1 \u010dest i zodpov\u011bdnost. Jsme r\u00e1di, \u017ee budeme moct vyu\u017e\u00edt z\u00e1zem\u00ed a zku\u0161enosti t\u00fdmu Jan\u00edk Motorsport. V\u011b\u0159\u00edme, \u017ee n\u00e1s tato spolupr\u00e1ce posune je\u0161t\u011b d\u00e1l a pom\u016f\u017ee v leto\u0161n\u00ed cest\u011b za dal\u0161\u00ed obhajobou sv\u011btov\u00e9ho titulu. Leto\u0161n\u00ed sez\u00f3na bude op\u011bt hodn\u011b n\u00e1ro\u010dn\u00e1 a dlouh\u00e1, ale t\u011b\u0161\u00edme se na ni,\u201c hodnot\u00ed vstup pod k\u0159\u00eddla t\u00fdmu Jan\u00edk Motorsport Michal \u017d\u010f\u00e1rsk\u00fd.<\/p>\n<p>Premi\u00e9ru v barv\u00e1ch t\u00fdmu Jan\u00edk Motorsport absolvovala pos\u00e1dka ji\u017e tento t\u00fdden na prakticky dom\u00e1c\u00ed sout\u011b\u017ei 4. Futures Contproduct Classic Rally Morava se z\u00e1zem\u00edm v are\u00e1lu spole\u010dnosti NUTREND D.S. v Olomouci a jedouc\u00ed se v okol\u00ed \u0160ternberku, tradi\u010dn\u011b i na trati Ecce Homo.<\/p>\n<p>\u201eP\u0159\u00edchod \u00fa\u0159aduj\u00edc\u00edch mistr\u016f sv\u011bta v ecoRally je pro n\u00e1\u0161 t\u00fdm ct\u00ed. D\u00edky nim vstoup\u00edme do dal\u0161\u00ed z\u00e1vodn\u00ed kategorie, kter\u00e9 se\u00a0 budeme na plno v\u011bnovat s tou nejlep\u0161\u00ed pos\u00e1dkou na sv\u011bt\u011b,\u201c \u0159\u00edk\u00e1 k nov\u011b nav\u00e1zan\u00e9 spolupr\u00e1ci s nad\u0161en\u00edm<br \/>\nV\u00e1clav Jan\u00edk, majitel t\u00fdmu.<\/p>\n<p>Ihned po absolvov\u00e1n\u00ed moravsk\u00e9 sout\u011b\u017ee \u010dek\u00e1 na pos\u00e1dku rychl\u00fd p\u0159esun do Belgie na sout\u011b\u017e E-Rally Ardenne Roads a po \u010dtrn\u00e1cti dnech na Island, kde se odehraje leto\u0161n\u00ed ji\u017e \u0161est\u00e1 sout\u011b\u017e \u0161ampion\u00e1tu FIA ecoRally Cup, tradi\u010dn\u00ed EcoRallye Iceland.<\/p>\n<p><strong>Zdroj: Jan\u00edk Motosport<\/strong><\/p>\n<p><img loading=\"lazy\" decoding=\"async\" class=\"alignnone size-medium wp-image-13256\" src=\"http:\/\/www.automakers.cz\/wp-content\/uploads\/2025\/05\/Janik-logo-Michal-Zdarsky-web-023-11-600x900.jpg\" alt=\"\" width=\"600\" height=\"900\" srcset=\"https:\/\/www.automakers.cz\/wp-content\/uploads\/2025\/05\/Janik-logo-Michal-Zdarsky-web-023-11-600x900.jpg 600w, https:\/\/www.automakers.cz\/wp-content\/uploads\/2025\/05\/Janik-logo-Michal-Zdarsky-web-023-11-683x1024.jpg 683w, https:\/\/www.automakers.cz\/wp-content\/uploads\/2025\/05\/Janik-logo-Michal-Zdarsky-web-023-11-768x1151.jpg 768w, https:\/\/www.automakers.cz\/wp-content\/uploads\/2025\/05\/Janik-logo-Michal-Zdarsky-web-023-11-1025x1536.jpg 1025w, https:\/\/www.automakers.cz\/wp-content\/uploads\/2025\/05\/Janik-logo-Michal-Zdarsky-web-023-11-1024x1535.jpg 1024w, https:\/\/www.automakers.cz\/wp-content\/uploads\/2025\/05\/Janik-logo-Michal-Zdarsky-web-023-11.jpg 1281w\" sizes=\"auto, (max-width: 600px) 100vw, 600px\" \/><\/p>\n","protected":false},"excerpt":{"rendered":"<p>Dva sv\u011btov\u00e9 tituly a t\u0159i dom\u00e1c\u00ed z posledn\u00edch t\u0159\u00ed let m\u016f\u017ee nab\u00eddnout reprezenta\u010dn\u00ed pos\u00e1dka Michal&#8230;<\/p>\n","protected":false},"author":1,"featured_media":13255,"comment_status":"closed","ping_status":"closed","sticky":false,"template":"","format":"standard","meta":{"footnotes":""},"categories":[9,19,27],"tags":[],"class_list":["post-13253","post","type-post","status-publish","format-standard","has-post-thumbnail","hentry","category-elektromobily","category-motorsport","category-novinari"],"_links":{"self":[{"href":"https:\/\/www.automakers.cz\/index.php?rest_route=\/wp\/v2\/posts\/13253","targetHints":{"allow":["GET"]}}],"collection":[{"href":"https:\/\/www.automakers.cz\/index.php?rest_route=\/wp\/v2\/posts"}],"about":[{"href":"https:\/\/www.automakers.cz\/index.php?rest_route=\/wp\/v2\/types\/post"}],"author":[{"embeddable":true,"href":"https:\/\/www.automakers.cz\/index.php?rest_route=\/wp\/v2\/users\/1"}],"replies":[{"embeddable":true,"href":"https:\/\/www.automakers.cz\/index.php?rest_route=%2Fwp%2Fv2%2Fcomments&post=13253"}],"version-history":[{"count":2,"href":"https:\/\/www.automakers.cz\/index.php?rest_route=\/wp\/v2\/posts\/13253\/revisions"}],"predecessor-version":[{"id":13257,"href":"https:\/\/www.automakers.cz\/index.php?rest_route=\/wp\/v2\/posts\/13253\/revisions\/13257"}],"wp:featuredmedia":[{"embeddable":true,"href":"https:\/\/www.automakers.cz\/index.php?rest_route=\/wp\/v2\/media\/13255"}],"wp:attachment":[{"href":"https:\/\/www.automakers.cz\/index.php?rest_route=%2Fwp%2Fv2%2Fmedia&parent=13253"}],"wp:term":[{"taxonomy":"category","embeddable":true,"href":"https:\/\/www.automakers.cz\/index.php?rest_route=%2Fwp%2Fv2%2Fcategories&post=13253"},{"taxonomy":"post_tag","embeddable":true,"href":"https:\/\/www.automakers.cz\/index.php?rest_route=%2Fwp%2Fv2%2Ftags&post=13253"}],"curies":[{"name":"wp","href":"https:\/\/api.w.org\/{rel}","templated":true}]}}