{"id":13282,"date":"2025-05-20T06:52:14","date_gmt":"2025-05-20T06:52:14","guid":{"rendered":"https:\/\/www.automakers.cz\/?p=13282"},"modified":"2025-05-20T06:58:16","modified_gmt":"2025-05-20T06:58:16","slug":"volkswagen-v-top-3-na-ceskem-trhu","status":"publish","type":"post","link":"https:\/\/www.automakers.cz\/?p=13282","title":{"rendered":"Volkswagen v Top 3 na \u010desk\u00e9m trhu"},"content":{"rendered":"<p><b>Volkswagen si v dubnu zajistil s 1441 registracemi t\u0159et\u00ed m\u00edsto na \u010desk\u00e9m trhu s tr\u017en\u00edm pod\u00edlem 6,79 %. Prodeje komentoval vedouc\u00ed zna\u010dky v Porsche \u010cR Jakub \u0160ebesta, vzpomn\u011bl tak\u00e9 na mosteckou akci VW R Driving Experience.<\/b><!--more--><\/p>\n<p>Volkswagen se do dubnov\u00fdch statistik v \u010cesk\u00e9 republice zapsal 1441 registracemi, k\u00a0nim\u017e nejv\u00edce p\u0159isp\u011bly modely Golf (372 voz\u016f), Tiguan (185 voz\u016f), Passat (121 voz\u016f) a ned\u00e1vno p\u0159edstaven\u00e9 rodinn\u00e9 SUV Tayron (115 voz\u016f). Obliba voz\u016f s logem VW zajistila v\u00a0dubnu zna\u010dce Volkswagen t\u0159et\u00ed m\u00edsto na \u010desk\u00e9m trhu (druh\u00e9 mezi import\u00e9ry) s tr\u017en\u00edm pod\u00edlem 6,79 %.<\/p>\n<p>\u201eDubnem jsme projeli ve vysok\u00e9m tempu, kter\u00e9 jsme nasadili ji\u017e v \u0159\u00edjnu minul\u00e9ho roku,\u201c \u0159\u00edk\u00e1 Jakub \u0160ebesta, vedouc\u00ed divize Volkswagen spole\u010dnosti Porsche \u010cesk\u00e1 republika, a dod\u00e1v\u00e1: \u201eDoslova tomu tak bylo v r\u00e1mci jedine\u010dn\u00e9 akce Volkswagen R Driving Experience, kterou jsme pro na\u0161e z\u00e1kazn\u00edky a \u010desk\u00e9 novin\u00e1\u0159e uspo\u0159\u00e1dali na Autodromu Most. A k na\u0161im autorizovan\u00fdm prodejc\u016fm jsme vyslali speci\u00e1ln\u00ed edici model\u016f Love s atraktivn\u00ed v\u00fdbavou a skv\u011bl\u00fdmi cenami, proto\u017ee Volkswagen je l\u00e1ska na cel\u00fd \u017eivot.\u201c<\/p>\n<figure id=\"attachment_12311\" aria-describedby=\"caption-attachment-12311\" style=\"width: 900px\" class=\"wp-caption alignnone\"><img loading=\"lazy\" decoding=\"async\" class=\"size-medium wp-image-12311\" src=\"http:\/\/www.automakers.cz\/wp-content\/uploads\/2025\/04\/VW-Sebesta-garaz-900x600.jpg\" alt=\"\" width=\"900\" height=\"600\" \/><figcaption id=\"caption-attachment-12311\" class=\"wp-caption-text\">Jakub \u0160ebesta, FOTO: VW<\/figcaption><\/figure>\n<p><strong>Volkswagen R Driving Experience<\/strong><\/p>\n<p>Volkswagen v dubnu sezval 160 z\u00e1kazn\u00edk\u016f a novin\u00e1\u0159\u016f na Autodrom Most. P\u0159i ostr\u00fdch j\u00edzd\u00e1ch na z\u00e1vodn\u00edm okruhu pod Kru\u0161n\u00fdmi horami se host\u00e9 d\u016fkladn\u011b sezn\u00e1mili s aktu\u00e1ln\u00ed nab\u00eddkou nejsportovn\u011bj\u0161\u00edch model\u016f Volkswagen v r\u00e1mci jedine\u010dn\u00e9 akce Volkswagen R Driving Experience.<\/p>\n<p><img loading=\"lazy\" decoding=\"async\" class=\"alignnone size-medium wp-image-12658\" src=\"http:\/\/www.automakers.cz\/wp-content\/uploads\/2025\/04\/VW-ID3-Driving-experience-Most-900x506.jpg\" alt=\"\" width=\"900\" height=\"506\" srcset=\"https:\/\/www.automakers.cz\/wp-content\/uploads\/2025\/04\/VW-ID3-Driving-experience-Most-900x506.jpg 900w, https:\/\/www.automakers.cz\/wp-content\/uploads\/2025\/04\/VW-ID3-Driving-experience-Most-1024x576.jpg 1024w, https:\/\/www.automakers.cz\/wp-content\/uploads\/2025\/04\/VW-ID3-Driving-experience-Most-768x432.jpg 768w, https:\/\/www.automakers.cz\/wp-content\/uploads\/2025\/04\/VW-ID3-Driving-experience-Most-1536x864.jpg 1536w, https:\/\/www.automakers.cz\/wp-content\/uploads\/2025\/04\/VW-ID3-Driving-experience-Most-1280x720.jpg 1280w, https:\/\/www.automakers.cz\/wp-content\/uploads\/2025\/04\/VW-ID3-Driving-experience-Most.jpg 2040w\" sizes=\"auto, (max-width: 900px) 100vw, 900px\" \/><\/p>\n<p>\u010cesk\u00e1 republika je jednou z pouh\u00fdch 11 zem\u00ed cel\u00e9ho sv\u011bta v leto\u0161n\u00edm kalend\u00e1\u0159i z\u00e1\u017eitkov\u00e9ho programu Volkswagen R Driving Experience, kter\u00fd v roce 2025 zav\u00edt\u00e1 tak\u00e9 do Finska, N\u011bmecka, Rakouska, Japonska, Bulharska, Austr\u00e1lie, Kanady, Dubaje, \u0160v\u00fdcarska a na Tchaj-wan.<\/p>\n<figure id=\"attachment_12657\" aria-describedby=\"caption-attachment-12657\" style=\"width: 900px\" class=\"wp-caption alignnone\"><img loading=\"lazy\" decoding=\"async\" class=\"size-medium wp-image-12657\" src=\"http:\/\/www.automakers.cz\/wp-content\/uploads\/2025\/04\/VW-Driving-experience-Most-900x506.jpg\" alt=\"\" width=\"900\" height=\"506\" srcset=\"https:\/\/www.automakers.cz\/wp-content\/uploads\/2025\/04\/VW-Driving-experience-Most-900x506.jpg 900w, https:\/\/www.automakers.cz\/wp-content\/uploads\/2025\/04\/VW-Driving-experience-Most-1024x576.jpg 1024w, https:\/\/www.automakers.cz\/wp-content\/uploads\/2025\/04\/VW-Driving-experience-Most-768x432.jpg 768w, https:\/\/www.automakers.cz\/wp-content\/uploads\/2025\/04\/VW-Driving-experience-Most-1536x864.jpg 1536w, https:\/\/www.automakers.cz\/wp-content\/uploads\/2025\/04\/VW-Driving-experience-Most-1280x720.jpg 1280w, https:\/\/www.automakers.cz\/wp-content\/uploads\/2025\/04\/VW-Driving-experience-Most.jpg 2040w\" sizes=\"auto, (max-width: 900px) 100vw, 900px\" \/><figcaption id=\"caption-attachment-12657\" class=\"wp-caption-text\">Foto: Erich Handl<\/figcaption><\/figure>\n<p><strong>Se spalovac\u00edmi motory se po\u010d\u00edt\u00e1<\/strong><\/p>\n<p>Z Mostu odj\u00ed\u017ed\u011bli p\u0159\u00edznivci rychl\u00fdch kol s jistotou, \u017ee nab\u00eddka sportovn\u00edch model\u016f Volkswagen poh\u00e1n\u011bn\u00fdch spalovac\u00edmi motory bude i nad\u00e1le zachov\u00e1na. Z\u00e1stupci zna\u010dky Volkswagen toti\u017e potvrdili, \u017ee v\u00fdrobce s ukon\u010den\u00edm jejich v\u00fdroby v dohledn\u00e9 budoucnosti nepo\u010d\u00edt\u00e1. Volkswagen sv\u00e9 sportovn\u00ed portfolio naopak pl\u00e1nuje postupn\u011b roz\u0161i\u0159ovat. Z\u00e1kazn\u00edci se mohou t\u011b\u0161it nap\u0159\u00edklad na ostr\u00e9 varianty elektricky poh\u00e1n\u011bn\u00fdch model\u016f z rodiny ID.<\/p>\n<p><strong>Zdroj: VW, archiv, Foto Most: Erich Handl<\/strong><\/p>\n<p><img loading=\"lazy\" decoding=\"async\" class=\"alignnone size-medium wp-image-12659\" src=\"http:\/\/www.automakers.cz\/wp-content\/uploads\/2025\/04\/VW-Driving-Most-900x506.jpg\" alt=\"\" width=\"900\" height=\"506\" srcset=\"https:\/\/www.automakers.cz\/wp-content\/uploads\/2025\/04\/VW-Driving-Most-900x506.jpg 900w, https:\/\/www.automakers.cz\/wp-content\/uploads\/2025\/04\/VW-Driving-Most-1024x576.jpg 1024w, https:\/\/www.automakers.cz\/wp-content\/uploads\/2025\/04\/VW-Driving-Most-768x432.jpg 768w, https:\/\/www.automakers.cz\/wp-content\/uploads\/2025\/04\/VW-Driving-Most-1536x864.jpg 1536w, https:\/\/www.automakers.cz\/wp-content\/uploads\/2025\/04\/VW-Driving-Most-1280x720.jpg 1280w, https:\/\/www.automakers.cz\/wp-content\/uploads\/2025\/04\/VW-Driving-Most.jpg 2040w\" sizes=\"auto, (max-width: 900px) 100vw, 900px\" \/><\/p>\n","protected":false},"excerpt":{"rendered":"<p>Volkswagen si v dubnu zajistil s 1441 registracemi t\u0159et\u00ed m\u00edsto na \u010desk\u00e9m trhu s tr\u017en\u00edm&#8230;<\/p>\n","protected":false},"author":1,"featured_media":12660,"comment_status":"closed","ping_status":"closed","sticky":false,"template":"","format":"standard","meta":{"footnotes":""},"categories":[11,14,10],"tags":[],"class_list":["post-13282","post","type-post","status-publish","format-standard","has-post-thumbnail","hentry","category-importeri","category-komentar","category-statistika"],"_links":{"self":[{"href":"https:\/\/www.automakers.cz\/index.php?rest_route=\/wp\/v2\/posts\/13282","targetHints":{"allow":["GET"]}}],"collection":[{"href":"https:\/\/www.automakers.cz\/index.php?rest_route=\/wp\/v2\/posts"}],"about":[{"href":"https:\/\/www.automakers.cz\/index.php?rest_route=\/wp\/v2\/types\/post"}],"author":[{"embeddable":true,"href":"https:\/\/www.automakers.cz\/index.php?rest_route=\/wp\/v2\/users\/1"}],"replies":[{"embeddable":true,"href":"https:\/\/www.automakers.cz\/index.php?rest_route=%2Fwp%2Fv2%2Fcomments&post=13282"}],"version-history":[{"count":2,"href":"https:\/\/www.automakers.cz\/index.php?rest_route=\/wp\/v2\/posts\/13282\/revisions"}],"predecessor-version":[{"id":13284,"href":"https:\/\/www.automakers.cz\/index.php?rest_route=\/wp\/v2\/posts\/13282\/revisions\/13284"}],"wp:featuredmedia":[{"embeddable":true,"href":"https:\/\/www.automakers.cz\/index.php?rest_route=\/wp\/v2\/media\/12660"}],"wp:attachment":[{"href":"https:\/\/www.automakers.cz\/index.php?rest_route=%2Fwp%2Fv2%2Fmedia&parent=13282"}],"wp:term":[{"taxonomy":"category","embeddable":true,"href":"https:\/\/www.automakers.cz\/index.php?rest_route=%2Fwp%2Fv2%2Fcategories&post=13282"},{"taxonomy":"post_tag","embeddable":true,"href":"https:\/\/www.automakers.cz\/index.php?rest_route=%2Fwp%2Fv2%2Ftags&post=13282"}],"curies":[{"name":"wp","href":"https:\/\/api.w.org\/{rel}","templated":true}]}}