{"id":13337,"date":"2025-05-22T14:34:10","date_gmt":"2025-05-22T14:34:10","guid":{"rendered":"https:\/\/www.automakers.cz\/?p=13337"},"modified":"2025-05-22T14:34:10","modified_gmt":"2025-05-22T14:34:10","slug":"andrea-bezdekova-novou-tvari-znacky-mg","status":"publish","type":"post","link":"https:\/\/www.automakers.cz\/?p=13337","title":{"rendered":"Andrea Bezd\u011bkov\u00e1 novou tv\u00e1\u0159\u00ed zna\u010dky MG"},"content":{"rendered":"<p><strong>Zna\u010dka MG roz\u0161i\u0159uje sv\u00e9 marketingov\u00e9 a PR aktivity, nav\u00e1zala novou spolupr\u00e1ci s Andreou Bezd\u011bkovou, \u010deskou modelkou a Miss \u010cesk\u00e9 republiky 2016<\/strong>.<!--more--><\/p>\n<p>\u201eJe n\u00e1m velkou ct\u00ed p\u0159iv\u00edtat Andreu Bezd\u011bkovou jako ambasadorku zna\u010dky MG. Andrea je osobnost\u00ed, kter\u00e1 d\u00edky sv\u00e9 eleganci, energii a z\u00e1rove\u0148 lidskosti skv\u011ble odr\u00e1\u017e\u00ed hodnoty, kter\u00e9 MG reprezentuje.\u201c \u0159\u00edk\u00e1 Martin Kr\u00e1l\u00ed\u010dek, gener\u00e1ln\u00ed \u0159editel MG Motor.<\/p>\n<p>Andrea si v\u00a0r\u00e1mci spolupr\u00e1ce vybrala elektrick\u00fd hot-hatch MG4 XPower, kter\u00fd dob\u0159e charakterizuje jej\u00ed osobnost \u2013 sportovn\u00ed, energick\u00fd a modern\u00ed.<\/p>\n<p>Andrea Bezd\u011bkov\u00e1 je \u00fasp\u011b\u0161n\u00e1 \u010desk\u00e1 modelka, v\u00edt\u011bzka sout\u011b\u017ee kr\u00e1sy \u010cesk\u00e1 Miss 2016. Ve\u0159ejnosti je zn\u00e1m\u00e1 nejen d\u00edky sv\u00e9mu p\u016fsoben\u00ed v m\u00f3dn\u00edm pr\u016fmyslu, ale tak\u00e9 d\u00edky \u00fa\u010dasti v televizn\u00edch projektech.<\/p>\n<p><strong>Zdroj: MG, Dominika Beranov\u00e1<\/strong><\/p>\n<p><img loading=\"lazy\" decoding=\"async\" class=\"alignnone size-medium wp-image-13340\" src=\"http:\/\/www.automakers.cz\/wp-content\/uploads\/2025\/05\/MG-ambasadorka-600x900.jpg\" alt=\"\" width=\"600\" height=\"900\" \/><\/p>\n<p>&nbsp;<\/p>\n","protected":false},"excerpt":{"rendered":"<p>Zna\u010dka MG roz\u0161i\u0159uje sv\u00e9 marketingov\u00e9 a PR aktivity, nav\u00e1zala novou spolupr\u00e1ci s Andreou Bezd\u011bkovou, \u010deskou&#8230;<\/p>\n","protected":false},"author":1,"featured_media":13339,"comment_status":"closed","ping_status":"closed","sticky":false,"template":"","format":"standard","meta":{"footnotes":""},"categories":[36,5,29],"tags":[],"class_list":["post-13337","post","type-post","status-publish","format-standard","has-post-thumbnail","hentry","category-marketing","category-personalie","category-sponzoring"],"_links":{"self":[{"href":"https:\/\/www.automakers.cz\/index.php?rest_route=\/wp\/v2\/posts\/13337","targetHints":{"allow":["GET"]}}],"collection":[{"href":"https:\/\/www.automakers.cz\/index.php?rest_route=\/wp\/v2\/posts"}],"about":[{"href":"https:\/\/www.automakers.cz\/index.php?rest_route=\/wp\/v2\/types\/post"}],"author":[{"embeddable":true,"href":"https:\/\/www.automakers.cz\/index.php?rest_route=\/wp\/v2\/users\/1"}],"replies":[{"embeddable":true,"href":"https:\/\/www.automakers.cz\/index.php?rest_route=%2Fwp%2Fv2%2Fcomments&post=13337"}],"version-history":[{"count":2,"href":"https:\/\/www.automakers.cz\/index.php?rest_route=\/wp\/v2\/posts\/13337\/revisions"}],"predecessor-version":[{"id":13341,"href":"https:\/\/www.automakers.cz\/index.php?rest_route=\/wp\/v2\/posts\/13337\/revisions\/13341"}],"wp:featuredmedia":[{"embeddable":true,"href":"https:\/\/www.automakers.cz\/index.php?rest_route=\/wp\/v2\/media\/13339"}],"wp:attachment":[{"href":"https:\/\/www.automakers.cz\/index.php?rest_route=%2Fwp%2Fv2%2Fmedia&parent=13337"}],"wp:term":[{"taxonomy":"category","embeddable":true,"href":"https:\/\/www.automakers.cz\/index.php?rest_route=%2Fwp%2Fv2%2Fcategories&post=13337"},{"taxonomy":"post_tag","embeddable":true,"href":"https:\/\/www.automakers.cz\/index.php?rest_route=%2Fwp%2Fv2%2Ftags&post=13337"}],"curies":[{"name":"wp","href":"https:\/\/api.w.org\/{rel}","templated":true}]}}