{"id":1334,"date":"2024-01-10T10:25:12","date_gmt":"2024-01-10T10:25:12","guid":{"rendered":"https:\/\/www.automakers.cz\/?p=1334"},"modified":"2024-01-10T10:27:17","modified_gmt":"2024-01-10T10:27:17","slug":"daimler-truck-drzi-prim-mezi-dovozci-nakladaku","status":"publish","type":"post","link":"https:\/\/www.automakers.cz\/?p=1334","title":{"rendered":"Daimler dr\u017e\u00ed prim mezi dovozci n\u00e1kla\u010f\u00e1k\u016f"},"content":{"rendered":"<p><strong>V roce 2023 bylo podle \u00fadaj\u016f z registru vozidel z 2.1.2024 v \u010cR nov\u011b registrov\u00e1no celkem 9.946 n\u00e1kladn\u00edch automobil\u016f nad 6,5t celkov\u00e9 hmotnosti, tedy o p\u0159ibli\u017en\u011b 1.400 vozidel v\u00edce, ne\u017e v roce 2022. Z toho bylo 2.044 n\u00e1kladn\u00edch vozidel zna\u010dky Mercedes-Benz.<\/strong><!--more--><\/p>\n<p>To znamen\u00e1 pod\u00edl na trhu 20,6 %. Daimler Truck \u010cR t\u00edm dos\u00e1hl op\u011bt prvn\u00edho m\u00edsta mezi dovozci a v\u00fdrobci n\u00e1kladn\u00edch voz\u016f v po\u010dtu registrovan\u00fdch vozidel.<\/p>\n<p>V\u00a0\u010cesk\u00e9 republice bylo registrov\u00e1no 1076 kus\u016f taha\u010d\u016f n\u00e1v\u011bs\u016f zna\u010dky Mercedes-Benz, co\u017e znamen\u00e1 tr\u017en\u00ed pod\u00edl 18,2 %. V\u00a0podvozc\u00edch pro r\u016fzn\u00e9 druhy speci\u00e1ln\u00edch n\u00e1staveb zna\u010dka registrovala 802 ks vozidel, co\u017e znamen\u00e1 tr\u017en\u00ed pod\u00edl 26,6% a takt\u00e9\u017e tradi\u010dn\u00ed prvn\u00ed pozici v\u00a0t\u00e9to kategorii s\u00a0velk\u00fdm odstupem od dal\u0161\u00edch v\u00fdrobc\u016f.<\/p>\n<p>Prodej mal\u00fdch n\u00e1kladn\u00edch voz\u016f Fuso Canter byl letos rekordn\u00ed v\u00a0historii prodeje t\u00e9to zna\u010dky, kter\u00e1 t\u00e9\u017e pat\u0159\u00ed do portfolia koncernu Daimler Truck. I d\u00edky realizovan\u00fdm flotilov\u00fdm obchod\u016fm je zna\u010dka v\u00a0kategorii lehk\u00fdch n\u00e1kladn\u00edch vozidel o celkov\u00e9 hmotnosti 3,5 \u2013 8,5t jednozna\u010dn\u00fdm l\u00eddrem. Prodejem 176 ks dos\u00e1hl v\u00a0kategorii srovnateln\u00fdch produkt\u016f tr\u017en\u00edho pod\u00edlu 67,2 %.<\/p>\n<p>Rok 2023 byl p\u0159edev\u0161\u00edm rokem aktivn\u00edch p\u0159\u00edprav na elektromobilitu n\u00e1kladn\u00edch vozidel. V\u00fdroba akumul\u00e1torov\u00e9ho, \u010dist\u011b elektricky poh\u00e1n\u011bn\u00e9ho t\u011b\u017ek\u00e9ho rozv\u00e1\u017ekov\u00e9ho vozidla Mercedes-Benz eActros za\u010dala v\u00a0\u0159\u00edjnu 2021 a nav\u00e1zala tak s\u00e9riovou produkc\u00ed na n\u011bkolikalet\u00e9 obdob\u00ed v\u00fdvoje a testov\u00e1n\u00ed u vybran\u00fdch z\u00e1kazn\u00edk\u016f.<\/p>\n<p><strong>\u010cesk\u00e1 flotila p\u0159edv\u00e1d\u011b\u010dek<\/strong><\/p>\n<p>\u010cesk\u00e1 flotila p\u0159edv\u00e1d\u011bc\u00edch voz\u016f Mercedes-Benz eActros, kter\u00e1 zahrnuje nejen klasick\u00e1 rozv\u00e1\u017ekov\u00e1 vozidla s\u00a0chlad\u00edrenskou n\u00e1stavbou, taha\u010de n\u00e1v\u011bs\u016f, nosi\u010d v\u00fdm\u011bnn\u00fdch n\u00e1staveb pro logistick\u00e9 operace, ale i speci\u00e1ly, jako je nosi\u010d kontejner\u016f nebo vozidlo s\u00a0n\u00e1stavbou pro svoz komun\u00e1ln\u00edho odpadu, najezdila v\u00a0roce 2023 n\u011bkolik des\u00edtek tis\u00edc kilometr\u016f v\u00a0re\u00e1ln\u00e9m provozu u z\u00e1kazn\u00edk\u016f a zajistila tak mnoho cenn\u00fdch zku\u0161enost\u00ed s\u00a0t\u00edmto nov\u00fdm odv\u011btv\u00edm silni\u010dn\u00ed n\u00e1kladn\u00ed dopravy.<\/p>\n<p>Ve druh\u00e9 polovin\u011b roku se v\u00a0\u010cR poprv\u00e9 objevil i elektricky z\u00a0bateri\u00ed poh\u00e1n\u011bn\u00fd Fuso eCanter, kter\u00fd vzbudil velk\u00fd ohlas u z\u00e1kazn\u00edk\u016f a prvn\u00ed objedn\u00e1vky nasv\u011bd\u010duj\u00ed tomu, \u017ee eCanter m\u00e1 \u0161anci se st\u00e1t prvn\u00edm elektrick\u00fdm n\u00e1kladn\u00edm vozidlem v\u00a0\u0159ad\u011b vozov\u00fdch park\u016f v\u00a0\u010cR &#8211; p\u0159edev\u0161\u00edm v\u00a0bran\u017e\u00edch z\u00e1silkov\u00fdch a komun\u00e1ln\u00edch slu\u017eeb. Rychlej\u0161\u00edmu \u0161\u00ed\u0159en\u00ed elektrick\u00fdch vozidel zat\u00edm br\u00e1n\u00ed nejen jejich vy\u0161\u0161\u00ed cena, ale hlavn\u011b nedostupnost nab\u00edjec\u00edch m\u00edst, prostorov\u011b i v\u00fdkonov\u011b koncipovan\u00fdch pro n\u00e1kladn\u00ed vozidla.<\/p>\n<p><strong>Ma\u0159\u00edk: dod\u00e1vky komponent\u016f se lep\u0161\u00ed<\/strong><\/p>\n<p>Josef Ma\u0159\u00edk, \u0159editel spole\u010dnosti Daimler Truck \u010cR, k\u00a0\u00fasp\u011bchu \u0159ekl: \u201eD\u00e1 se \u0159\u00edci, \u017ee v\u00a0roce 2023 se situace v\u00a0dod\u00e1vk\u00e1ch komponent\u016f do v\u00fdroby do ur\u010dit\u00e9 m\u00edry zlep\u0161ila a to se prom\u00edtlo v\u00a0postupn\u00e9m zkracov\u00e1n\u00ed dodac\u00edch term\u00edn\u016f, i kdy\u017e jsme po\u0159\u00e1d je\u0161t\u011b dost daleko od p\u0159edcovidov\u00fdch standard\u016f. Zlep\u0161en\u00ed ale p\u0159ineslo odpov\u00eddaj\u00edc\u00ed n\u00e1r\u016fst cel\u00e9ho \u010desk\u00e9ho trhu n\u00e1kladn\u00edch voz\u016f, kter\u00fd se po del\u0161\u00ed p\u0159est\u00e1vce op\u011bt p\u0159ibl\u00ed\u017eil k\u00a0hodnot\u011b 10.000 registrovan\u00fdch aut. N\u00e1m se poda\u0159ilo dodat p\u0159es 2000 vozidel, co\u017e m\u011b dvojn\u00e1sob t\u011b\u0161\u00ed proto, \u017ee t\u00edm byla op\u011bt potvrzena na\u0161e vedouc\u00ed pozice na trhu n\u00e1kladn\u00edch voz\u016f v\u00a0\u010cR. Velk\u00fd d\u00edk pat\u0159\u00ed v\u0161em z\u00e1kazn\u00edk\u016fm, kte\u0159\u00ed kupuj\u00ed na\u0161e vozidla a vyu\u017e\u00edvaj\u00ed na\u0161e slu\u017eby, i za to, \u017ee vydr\u017eeli \u010dekat mnohdy velmi dlouhou dobu na dod\u00e1n\u00ed vozidel a zachovali n\u00e1m svou p\u0159\u00edze\u0148. Pevn\u011b v\u011b\u0159\u00edm, \u017ee se n\u00e1m bude i nad\u00e1le da\u0159it b\u00fdt jim siln\u00fdm a spolehliv\u00fdm partnerem\u201c.<\/p>\n<p>Jedn\u00edm z hlavn\u00edch argument\u016f pro vozidla zna\u010dky Mercedes-Benz Trucks jsou jejich n\u00edzk\u00e9 provozn\u00ed n\u00e1klady a nab\u00eddka doprovodn\u00fdch slu\u017eeb. Telematick\u00e9 slu\u017eby pod hlavi\u010dkou FleetBoard a MB Uptime pat\u0159\u00ed k t\u011bm hojn\u011b vyu\u017e\u00edvan\u00fdm. Hardware pro syst\u00e9m FleetBoard je nyn\u00ed s\u00e9riovou v\u00fdbavou n\u00e1kladn\u00edch vozidel Mercedes-Benz. Slu\u017eby FleetBoardu vyu\u017e\u00edv\u00e1 v\u00edce ne\u017e 5.000 vozidel v \u010cR. \u00a0To, \u017ee je telematika vynikaj\u00edc\u00edm n\u00e1strojem pro sni\u017eov\u00e1n\u00ed n\u00e1klad\u016f na provoz vozidel, dokl\u00e1daj\u00ed v\u00fdsledky sout\u011b\u017e\u00ed \u0159idi\u010d\u016f, kter\u00e9 na\u0161e spole\u010dnost pravideln\u011b vyhla\u0161uje. \u0158idi\u010di v sout\u011b\u017e\u00edch opakovan\u011b bo\u0159\u00ed hranice ve sni\u017eov\u00e1n\u00ed spot\u0159eb a ukazuj\u00ed tak, jak n\u00edzk\u00fdch provozn\u00edch n\u00e1klad\u016f mohou n\u00e1kladn\u00ed vozidla Mercedes-Benz p\u0159i sv\u00e9m b\u011b\u017en\u00e9m provozu dosahovat.<\/p>\n<p>A to se t\u00fdk\u00e1 nejen\u00a0d\u00e1lkov\u00e9 dopravy, ale i dopravy rozv\u00e1\u017ekov\u00e9 \u010di stavebn\u00ed. Syst\u00e9m FleetBoard je ji\u017e p\u0159es 20 let na \u010desk\u00e9m trhu a je bezesporu ne\u00fa\u010dinn\u011bj\u0161\u00edm n\u00e1strojem pro zlep\u0161ov\u00e1n\u00ed j\u00edzdn\u00edho stylu \u0159idi\u010d\u016f, sni\u017eov\u00e1n\u00ed opot\u0159eben\u00ed vozidel, spot\u0159eby paliva a sou\u010dasn\u011b i sn\u00ed\u017een\u00ed tolik diskutovan\u00fdch emis\u00ed CO<sub>2<\/sub>. FleetBoard slav\u00ed sv\u00e9 \u00fasp\u011bchy dokonce i u komun\u00e1ln\u00edch vozidel p\u0159i svozu odpadu. Pr\u00e1ce s\u00a0\u0159idi\u010di v\u00a0kombinaci s\u00a0na\u0161\u00edm profesion\u00e1ln\u00edm \u0161kolen\u00edm \u0159idi\u010d\u016f jsou st\u00e1le jedn\u00edm z\u00a0nejefektivn\u011bj\u0161\u00edch zp\u016fsob\u016f, jak zm\u00edn\u011bn\u00fdch skv\u011bl\u00fdch v\u00fdsledk\u016f lze dos\u00e1hnout.<\/p>\n<p>Dal\u0161\u00ed naprosto unik\u00e1tn\u00ed slu\u017ebou je MB Uptime. Tato slu\u017eba pracuje s\u00a0informacemi o technick\u00e9m stavu vozidla v\u00a0re\u00e1ln\u00e9m \u010dase a umo\u017e\u0148uje v\u010dasn\u00e9 pl\u00e1nov\u00e1n\u00ed servisu a \u00fadr\u017eby tak, aby prostoje vozidla byly co nejmen\u0161\u00ed. D\u00edky MB\u00a0Uptime jsme schopni na\u0161im z\u00e1kazn\u00edk\u016fm poskytnout je\u0161t\u011b lep\u0161\u00ed p\u00e9\u010di ze strany servis\u016f Mercedes-Benz a slu\u017eby Servis24. MB\u00a0Uptime v\u00a0\u010cR vyu\u017e\u00edvaj\u00ed z\u00e1kazn\u00edci ji\u017e ve v\u00edce ne\u017e 2.200 vozidlech. Ke\u00a0slu\u017eb\u00e1m FleetBoard a MB\u00a0Uptime nyn\u00ed p\u0159ib\u00fdv\u00e1 slu\u017eba dal\u0161\u00ed, a to MB\u00a0TruckLive. Tato slu\u017eba bude na prvn\u00ed 3 roky zdarma. Hlavn\u00edm \u00fa\u010delem TruckLive je zaji\u0161t\u011bn\u00ed pokud mo\u017eno 100% konektivity v\u0161ech n\u00e1kladn\u00edch vozidel MB. D\u00edky tomu budeme moci na\u0161im z\u00e1kazn\u00edk\u016fm poskytnout je\u0161t\u011b v\u00edce slu\u017eeb, jako je nap\u0159\u00edklad lokalizace vozidla v\u00a0p\u0159\u00edpad\u011b nehody a jeho vzd\u00e1len\u00e1 diagnostika, vzd\u00e1len\u00e1 aktualizace SW jednotek ve vozidle, MB Truck App Portal a mnoho dal\u0161\u00edch. Na slu\u017eby FleetBoard a MB Uptime v\u00a0nov\u00e9m kab\u00e1t\u011b FleetBoard\u00a0Kosmos se mohou na\u0161i z\u00e1kazn\u00edci t\u011b\u0161it zejm\u00e9na u nov\u00fdch elektrick\u00fdch n\u00e1kladn\u00edch vozidel. Novou slu\u017ebou, ur\u010denou pro elektrick\u00e1 vozidla je i FleetBoard Charge\u00a0Management. Tato slu\u017eba komunikuje prim\u00e1rn\u011b p\u0159\u00edmo s\u00a0nab\u00edjec\u00edmi stanicemi a slou\u017e\u00ed k\u00a0\u0159\u00edzen\u00ed a optimalizaci jejich provozu. Je tedy v\u00edce ne\u017e jasn\u00e9, \u017ee budoucnost pat\u0159\u00ed konektivit\u011b.<\/p>\n<p><img loading=\"lazy\" decoding=\"async\" class=\"alignnone size-medium wp-image-1339\" src=\"http:\/\/www.automakers.cz\/wp-content\/uploads\/2024\/01\/Mercedes-Truck-kamion-small-900x600.jpg\" alt=\"\" width=\"900\" height=\"600\" srcset=\"https:\/\/www.automakers.cz\/wp-content\/uploads\/2024\/01\/Mercedes-Truck-kamion-small-900x600.jpg 900w, https:\/\/www.automakers.cz\/wp-content\/uploads\/2024\/01\/Mercedes-Truck-kamion-small-1024x682.jpg 1024w, https:\/\/www.automakers.cz\/wp-content\/uploads\/2024\/01\/Mercedes-Truck-kamion-small-768x512.jpg 768w, https:\/\/www.automakers.cz\/wp-content\/uploads\/2024\/01\/Mercedes-Truck-kamion-small-1536x1024.jpg 1536w, https:\/\/www.automakers.cz\/wp-content\/uploads\/2024\/01\/Mercedes-Truck-kamion-small-2048x1365.jpg 2048w\" sizes=\"auto, (max-width: 900px) 100vw, 900px\" \/><\/p>\n<p>Nejroz\u0161\u00ed\u0159en\u011bj\u0161\u00ed n\u00e1kladn\u00ed vozidlo na evropsk\u00fdch silnic\u00edch, Mercedes-Benz Actros, si i v\u00a0\u010cR dr\u017e\u00ed jednu z\u00a0p\u0159edn\u00edch pozic v\u00a0nejsledovan\u011bj\u0161\u00ed kategorii n\u00e1kladn\u00edch vozidel pro d\u00e1lkovou dopravu. Jeho p\u00e1t\u00e1 generace, pln\u00e1 technick\u00fdch novinek, p\u0159i\u0161la na trh v\u00a0roce 2019 a v\u00a0roce 2022 p\u0159i\u0161ly na trh v\u00fdznamn\u00e9 technick\u00e9 inovace. Nejd\u016fle\u017eit\u011bj\u0161\u00ed z\u00a0nich je nov\u00e1 generace osv\u011bd\u010den\u00e9ho motoru Mercedes-Benz OM471, kter\u00e1 se dod\u00e1v\u00e1 od podzimu 2022 a p\u0159in\u00e1\u0161\u00ed v\u00fdznamn\u00e9 sn\u00ed\u017een\u00ed spot\u0159eby paliva a\u017e o 4% ve spojen\u00ed s\u00a0inovovanou dvan\u00e1ctistup\u0148ovou p\u0159evodovkou PowerShift. Ta d\u00edky inovac\u00edm v\u00fdrazn\u011b zkr\u00e1tila dobu \u0159azen\u00ed rychlostn\u00edch stup\u0148\u016f a zna\u010dnou m\u011brou p\u0159isp\u00edv\u00e1 ke zv\u00fd\u0161en\u00ed hospod\u00e1rnosti provozu. V\u00fdrazn\u00fd rozd\u00edl ve strategii \u0159azen\u00ed a provozu nov\u00e9ho agreg\u00e1tu si z\u00e1kazn\u00edci mohli vyzkou\u0161et v\u00a0z\u00e1\u0159\u00ed 2023 na prezenta\u010dn\u00ed akci Mercedes-Benz Trucks, kterou dovozce po\u0159\u00e1dal ve sv\u00e9 nov\u00e9 prodejn\u00ed a servisn\u00ed pobo\u010dce ve Velk\u00e9m T\u00fdnci u Olomouce. Ta byla slavnostn\u011b uvedena do provozu v\u00a0\u010dervnu 2023 a zaji\u0161\u0165uje zna\u010dkov\u00fd servis n\u00e1kladn\u00edch vozidel u hlavn\u00edch tah\u016f na st\u0159edn\u00ed Morav\u011b.<\/p>\n<p><strong>Zdroj: Ing.David Chleboun, Daimler Truck \u010cR<\/strong><\/p>\n","protected":false},"excerpt":{"rendered":"<p>V roce 2023 bylo podle \u00fadaj\u016f z registru vozidel z 2.1.2024 v \u010cR nov\u011b registrov\u00e1no&#8230;<\/p>\n","protected":false},"author":1,"featured_media":1336,"comment_status":"open","ping_status":"open","sticky":false,"template":"","format":"standard","meta":{"footnotes":""},"categories":[11,10],"tags":[],"class_list":["post-1334","post","type-post","status-publish","format-standard","has-post-thumbnail","hentry","category-importeri","category-statistika"],"_links":{"self":[{"href":"https:\/\/www.automakers.cz\/index.php?rest_route=\/wp\/v2\/posts\/1334","targetHints":{"allow":["GET"]}}],"collection":[{"href":"https:\/\/www.automakers.cz\/index.php?rest_route=\/wp\/v2\/posts"}],"about":[{"href":"https:\/\/www.automakers.cz\/index.php?rest_route=\/wp\/v2\/types\/post"}],"author":[{"embeddable":true,"href":"https:\/\/www.automakers.cz\/index.php?rest_route=\/wp\/v2\/users\/1"}],"replies":[{"embeddable":true,"href":"https:\/\/www.automakers.cz\/index.php?rest_route=%2Fwp%2Fv2%2Fcomments&post=1334"}],"version-history":[{"count":4,"href":"https:\/\/www.automakers.cz\/index.php?rest_route=\/wp\/v2\/posts\/1334\/revisions"}],"predecessor-version":[{"id":1337,"href":"https:\/\/www.automakers.cz\/index.php?rest_route=\/wp\/v2\/posts\/1334\/revisions\/1337"}],"wp:featuredmedia":[{"embeddable":true,"href":"https:\/\/www.automakers.cz\/index.php?rest_route=\/wp\/v2\/media\/1336"}],"wp:attachment":[{"href":"https:\/\/www.automakers.cz\/index.php?rest_route=%2Fwp%2Fv2%2Fmedia&parent=1334"}],"wp:term":[{"taxonomy":"category","embeddable":true,"href":"https:\/\/www.automakers.cz\/index.php?rest_route=%2Fwp%2Fv2%2Fcategories&post=1334"},{"taxonomy":"post_tag","embeddable":true,"href":"https:\/\/www.automakers.cz\/index.php?rest_route=%2Fwp%2Fv2%2Ftags&post=1334"}],"curies":[{"name":"wp","href":"https:\/\/api.w.org\/{rel}","templated":true}]}}