{"id":13344,"date":"2025-05-22T14:53:29","date_gmt":"2025-05-22T14:53:29","guid":{"rendered":"https:\/\/www.automakers.cz\/?p=13344"},"modified":"2025-05-22T14:53:49","modified_gmt":"2025-05-22T14:53:49","slug":"stefan-mecha-sefuje-volkswagen-uzitkove-vozy","status":"publish","type":"post","link":"https:\/\/www.automakers.cz\/?p=13344","title":{"rendered":"Stefan Mecha \u0161\u00e9fuje p\u0159edstavenstvo Volkswagenu U\u017eitkov\u00e9 vozy"},"content":{"rendered":"<p><b>Stefan Mecha se stane nov\u00fdm p\u0159edsedou p\u0159edstavenstva zna\u010dky Volkswagen U\u017eitkov\u00e9 vozy v\u00a0Hannoveru s\u00a0\u00fa\u010dinnost\u00ed od 1. \u010dervence 2025. Mecha nahrad\u00ed Prof. Dr. Carstena Intru, kter\u00fd ze spole\u010dnosti odejde z\u00a0osobn\u00edch d\u016fvod\u016f v r\u00e1mci d\u016fchodov\u00e9ho programu.\u00a0<\/b><!--more--><\/p>\n<p><b>\u00a0<\/b>\u201eCarsten Intra uvedl na trh d\u016fle\u017eit\u00e9 modely, jak\u00fdmi jsou ID. Buzz, Transporter a dal\u0161\u00ed, a stanovil spr\u00e1vn\u00fd sm\u011br k\u00a0dal\u0161\u00edmu vyu\u017eit\u00ed potenci\u00e1lu lehk\u00fdch u\u017eitkov\u00fdch voz\u016f v\u00a0budoucnosti. Podporoval v\u00fdvoj strategicky v\u00fdznamn\u00e9 autonomn\u00ed j\u00edzdy a v\u00fdrazn\u011b vylep\u0161il profil zna\u010dky Volkswagen U\u017eitkov\u00e9 vozy d\u00edl\u010d\u00ed zna\u010dkou \u201aCalifornia\u2018. R\u00e1d bych mu pod\u011bkoval za vynikaj\u00edc\u00ed spolupr\u00e1ci v\u00a0r\u00e1mci skupiny zna\u010dek Core, kterou jsem na osobn\u00ed \u00farovni i j\u00e1 velmi oce\u0148oval, a p\u0159eju mu do budoucna v\u0161echno nejlep\u0161\u00ed,\u201c \u0159\u00edk\u00e1 Thomas Sch\u00e4fer, p\u0159edseda p\u0159edstavenstva zna\u010dky Volkswagen, vedouc\u00ed skupiny zna\u010dek Core a p\u0159edseda dozor\u010d\u00ed rady zna\u010dky Volkswagen U\u017eitkov\u00e9 vozy.<\/p>\n<p><strong>Stefan Mecha<\/strong> je v sou\u010dasnosti \u010dlenem p\u0159edstavenstva zna\u010dky Volkswagen osobn\u00ed vozy odpov\u011bdn\u00fdm za \u010d\u00ednsk\u00fd region. \u201eStefan Mecha p\u0159eb\u00edr\u00e1 veden\u00ed zna\u010dky Volkswagen U\u017eitkov\u00e9 vozy jako mana\u017eer, kter\u00fd se \u0159ad\u00ed mezi na\u0161e vedouc\u00ed pracovn\u00edky s\u00a0nejv\u011bt\u0161\u00edm mno\u017estv\u00edm mezin\u00e1rodn\u00edch zku\u0161enost\u00ed. V regionech, jak\u00fdmi jsou Braz\u00edlie, Ji\u017en\u00ed Afrika, Rusko a \u010c\u00edna, uk\u00e1zal, \u017ee je mo\u017en\u00e9 dosahovat udr\u017eiteln\u00e9ho \u00fasp\u011bchu dokonce i v\u00a0n\u00e1ro\u010dn\u00fdch podm\u00ednk\u00e1ch \u2013 za pomoci dobr\u00e9ho t\u00fdmov\u00e9ho ducha, pragmatismu a hlubok\u00e9ho porozum\u011bn\u00ed situaci na trhu.<\/p>\n<p>Shodou okolnost\u00ed byla Stefanova prvn\u00ed pracovn\u00ed pozice v\u00a0r\u00e1mci koncernu Volkswagen v\u00a0oblasti prodeje lehk\u00fdch u\u017eitkov\u00fdch voz\u016f. Jsem p\u0159esv\u011bd\u010den o tom, \u017ee spole\u010dn\u011b se sv\u00fdm velmi schopn\u00fdm t\u00fdmem povede zna\u010dku k nov\u00e9mu rozmachu a je\u0161t\u011b v\u00edce prohloub\u00ed spolupr\u00e1ci ve skupin\u011b zna\u010dek Core,\u201c dod\u00e1v\u00e1 Thomas Sch\u00e4fer.<\/p>\n<p><b>Prof. Dr. Carsten Intra<\/b>\u00a0je p\u0159edsedou p\u0159edstavenstva zna\u010dky Volkswagen U\u017eitkov\u00e9 vozy od 1. z\u00e1\u0159\u00ed 2020. P\u0159edt\u00edm vykon\u00e1val funkci \u010dlena p\u0159edstavenstva spole\u010dnost\u00ed MAN SE a MAN Truck &amp; Bus SE odpov\u011bdn\u00e9ho za lidsk\u00e9 zdroje a personalistiku a tak\u00e9 byl \u010dlenem v\u00fdkonn\u00e9 rady spole\u010dnosti TRATON SE odpov\u011bdn\u00fdm za lidsk\u00e9 zdroje a IT. Jako p\u0159edseda p\u0159edstavenstva zna\u010dky Volkswagen U\u017eitkov\u00e9 vozy inicioval zku\u0161en\u00fd mana\u017eer s\u00a0doktor\u00e1tem v\u00a0oboru stroj\u00edrenstv\u00ed transformaci zna\u010dky na cestu r\u016fstu, kter\u00e1 vedla v\u00a0roce 2023 k rekordn\u00edm finan\u010dn\u00edm v\u00fdsledk\u016fm. Pod jeho veden\u00edm nabral strategick\u00fd v\u00fdvoj obchodn\u00ed oblasti autonomn\u00ed j\u00edzdy \u017e\u00e1dan\u00fd sm\u011br k budoucnosti mobility. Intra zah\u00e1jil svou kari\u00e9ru v roce 2001 jako v\u00fdrobn\u00ed technolog v b\u00fdval\u00e9 spole\u010dnosti MAN Nutzfahrzeuge AG a n\u00e1sledn\u011b vykon\u00e1val r\u016fzn\u00e9 vedouc\u00ed funkce v\u00a0mezin\u00e1rodn\u00edm m\u011b\u0159\u00edtku.<\/p>\n<p><b>Stefan Mecha<\/b>\u00a0pracuje v koncernu Volkswagen ji\u017e v\u00edce ne\u017e 15 let. P\u0159ed p\u0159\u00edchodem do spole\u010dnosti Volkswagen AG p\u016fsobil na r\u016fzn\u00fdch pozic\u00edch ve spole\u010dnostech Sixt AG a Daimler AG. V roce 2005 se Stefan Mecha stal region\u00e1ln\u00edm prodejn\u00edm \u0159editelem zna\u010dky Volkswagen U\u017eitkov\u00e9 vozy v z\u00e1padn\u00ed Evrop\u011b. Pot\u00e9 vykon\u00e1val r\u016fzn\u00e9 funkce v\u00a0oblasti prodeje pro koncern Volkswagen v\u00a0Evrop\u011b a na St\u0159edn\u00edm v\u00fdchod\u011b. V\u00a0roce 2016 se stal \u010dlenem p\u0159edstavenstva spole\u010dnosti Volkswagen v\u00a0Ji\u017en\u00ed Africe a gener\u00e1ln\u00edm \u0159editelem tamn\u00ed obchodn\u00ed spole\u010dnosti. V\u00a0letech 2018 a\u017e 2020 byl ve spole\u010dnosti Volkswagen Brazil \u010dlenem p\u0159edstavenstva odpov\u011bdn\u00fdm za oblasti prodeje a marketingu v\u00a0Ji\u017en\u00ed Americe. V\u00a0roce 2020 byl jmenov\u00e1n nov\u00fdm gener\u00e1ln\u00edm \u0159editelem spole\u010dnosti Volkswagen Group Rus. Od roku 2022 je Mecha \u010dlenem p\u0159edstavenstva zna\u010dky Volkswagen osobn\u00ed vozy odpov\u011bdn\u00fdm za \u010d\u00ednsk\u00fd region.<\/p>\n<p>Zdroj: VW U\u017eitkov\u00e9<\/p>\n","protected":false},"excerpt":{"rendered":"<p>Stefan Mecha se stane nov\u00fdm p\u0159edsedou p\u0159edstavenstva zna\u010dky Volkswagen U\u017eitkov\u00e9 vozy v\u00a0Hannoveru s\u00a0\u00fa\u010dinnost\u00ed od 1&#8230;.<\/p>\n","protected":false},"author":1,"featured_media":13345,"comment_status":"closed","ping_status":"closed","sticky":false,"template":"","format":"standard","meta":{"footnotes":""},"categories":[6,5],"tags":[],"class_list":["post-13344","post","type-post","status-publish","format-standard","has-post-thumbnail","hentry","category-management","category-personalie"],"_links":{"self":[{"href":"https:\/\/www.automakers.cz\/index.php?rest_route=\/wp\/v2\/posts\/13344","targetHints":{"allow":["GET"]}}],"collection":[{"href":"https:\/\/www.automakers.cz\/index.php?rest_route=\/wp\/v2\/posts"}],"about":[{"href":"https:\/\/www.automakers.cz\/index.php?rest_route=\/wp\/v2\/types\/post"}],"author":[{"embeddable":true,"href":"https:\/\/www.automakers.cz\/index.php?rest_route=\/wp\/v2\/users\/1"}],"replies":[{"embeddable":true,"href":"https:\/\/www.automakers.cz\/index.php?rest_route=%2Fwp%2Fv2%2Fcomments&post=13344"}],"version-history":[{"count":2,"href":"https:\/\/www.automakers.cz\/index.php?rest_route=\/wp\/v2\/posts\/13344\/revisions"}],"predecessor-version":[{"id":13348,"href":"https:\/\/www.automakers.cz\/index.php?rest_route=\/wp\/v2\/posts\/13344\/revisions\/13348"}],"wp:featuredmedia":[{"embeddable":true,"href":"https:\/\/www.automakers.cz\/index.php?rest_route=\/wp\/v2\/media\/13345"}],"wp:attachment":[{"href":"https:\/\/www.automakers.cz\/index.php?rest_route=%2Fwp%2Fv2%2Fmedia&parent=13344"}],"wp:term":[{"taxonomy":"category","embeddable":true,"href":"https:\/\/www.automakers.cz\/index.php?rest_route=%2Fwp%2Fv2%2Fcategories&post=13344"},{"taxonomy":"post_tag","embeddable":true,"href":"https:\/\/www.automakers.cz\/index.php?rest_route=%2Fwp%2Fv2%2Ftags&post=13344"}],"curies":[{"name":"wp","href":"https:\/\/api.w.org\/{rel}","templated":true}]}}