{"id":13379,"date":"2025-05-25T19:20:15","date_gmt":"2025-05-25T19:20:15","guid":{"rendered":"https:\/\/www.automakers.cz\/?p=13379"},"modified":"2025-05-25T20:48:36","modified_gmt":"2025-05-25T20:48:36","slug":"cerne-vyhlidky-autoprumyslu-v-nemecku","status":"publish","type":"post","link":"https:\/\/www.automakers.cz\/?p=13379","title":{"rendered":"\u010cern\u00e9 vyhl\u00eddky autopr\u016fmyslu v N\u011bmecku"},"content":{"rendered":"<p><strong>Podle pr\u016fzkumu N\u011bmeck\u00e9ho svazu <span class=\"highlight-query\">automobilov\u00e9ho<\/span> pr\u016fmyslu (VDA) v\u00edce ne\u017e t\u0159i \u010dtvrtiny n\u011bmeck\u00fdch <span class=\"highlight-E5id7 highlight-E5M\">dodavatel\u016f<\/span> <span class=\"highlight-query\">auto<\/span>pr\u016fmyslu (76 %) pl\u00e1nuj\u00ed odlo\u017eit, p\u0159esunout nebo zcela zru\u0161it pl\u00e1novan\u00e9 investice v <span class=\"highlight-E0id1 highlight-E0M\">N\u011bmecku<\/span>. Pl\u00e1nuj\u00ed naopak p\u0159esun investic do jin\u00fdch zem\u00ed <span class=\"highlight-E1id1 highlight-E1M\">EU<\/span>, <span class=\"highlight-E0id4 highlight-E0M\">Asie<\/span> \u010di <span class=\"highlight-E0id5 highlight-E0M\">Severn\u00ed<\/span> <span class=\"highlight-E0id5 highlight-E0M\">Ameriky<\/span>, p\u00ed\u0161e den\u00edk <span class=\"highlight-E3id0 highlight-E3M\">Berliner<\/span> <span class=\"highlight-E3id0 highlight-E3M\">Zeitung<\/span> (BZ)<\/strong>. <!--more--><\/p>\n<p>D\u016fvodem maj\u00ed b\u00fdt probl\u00e9my n\u011bmeck\u00e9ho <span class=\"highlight-query\">automobilov\u00e9ho<\/span> pr\u016fmyslu v posledn\u00edch letech, kter\u00e9 souvisej\u00ed mimo jin\u00e9 s jeho klesaj\u00edc\u00ed atraktivitou pro <span class=\"highlight-E5id1 highlight-E5M\">investory<\/span> a v d\u016fsledku toho mimo jin\u00e9 klesaj\u00edc\u00edmi prodeji a 73 000 propu\u0161t\u011bn\u00fdmi <span class=\"highlight-E5id4 highlight-E5M\">zam\u011bstnanci<\/span> od roku 2018.<\/p>\n<p>Podle nov\u00e9ho pr\u016fzkumu N\u011bmeck\u00e9ho svazu <span class=\"highlight-query\">automobilov\u00e9ho<\/span> pr\u016fmyslu (VDA) v\u00edce ne\u017e t\u0159i \u010dtvrtiny n\u011bmeck\u00fdch <span class=\"highlight-E5id7 highlight-E5M\">dodavatel\u016f<\/span> <span class=\"highlight-query\">automobilov\u00e9ho<\/span> pr\u016fmyslu (76 %) pl\u00e1nuj\u00ed odlo\u017eit, p\u0159esunout nebo zcela zru\u0161it pl\u00e1novan\u00e9 investice v <span class=\"highlight-E0id1 highlight-E0M\">N\u011bmecku<\/span>. Pl\u00e1nuj\u00ed naopak p\u0159esun investic do jin\u00fdch zem\u00ed <span class=\"highlight-E1id1 highlight-E1M\">EU<\/span>, <span class=\"highlight-E0id4 highlight-E0M\">Asie<\/span> \u010di <span class=\"highlight-E0id5 highlight-E0M\">Severn\u00ed<\/span> <span class=\"highlight-E0id5 highlight-E0M\">Ameriky<\/span>, p\u00ed\u0161e n\u011bmeck\u00fd den\u00edk <span class=\"highlight-E3id0 highlight-E3M\">Berliner<\/span> <span class=\"highlight-E3id0 highlight-E3M\">Zeitung<\/span> (BZ).<\/p>\n<p>D\u016fvodem maj\u00ed b\u00fdt probl\u00e9my n\u011bmeck\u00e9ho <span class=\"highlight-query\">automobilov\u00e9ho<\/span> pr\u016fmyslu v posledn\u00edch letech, kter\u00e9 souvisej\u00ed mimo jin\u00e9 s jeho klesaj\u00edc\u00ed atraktivitou pro <span class=\"highlight-E5id1 highlight-E5M\">investory<\/span> a v d\u016fsledku toho mimo jin\u00e9 klesaj\u00edc\u00edmi prodeji a 73 000 propu\u0161t\u011bn\u00fdmi <span class=\"highlight-E5id4 highlight-E5M\">zam\u011bstnanci<\/span> od roku 2018. \u201eTato \u010d\u00edsla jsou alarmuj\u00edc\u00ed,\u201c komentovala <span class=\"highlight-E5id3 highlight-E5M\">prezidentka<\/span> VDA <span class=\"highlight-E2id1 highlight-E2M\">Hildegard<\/span> <span class=\"highlight-E2id1 highlight-E2M\">M\u00fcllerov\u00e1<\/span>. \u201eJako n\u011bmeck\u00fd <span class=\"highlight-query\">automobilov\u00fd<\/span> pr\u016fmysl chceme zachovat pracovn\u00ed m\u00edsta a prosperitu a chceme i v budoucnu vyr\u00e1b\u011bt na\u0161e produkty a automobily zde v <span class=\"highlight-E0id1 highlight-E0M\">N\u011bmecku<\/span>.\u201c<\/p>\n<p><strong>P\u0159ijde vlna propou\u0161t\u011bn\u00ed?<\/strong><\/p>\n<p><span class=\"highlight-E5id0 highlight-E5M\">Odborn\u00edci<\/span> v\u0161ak varuj\u00ed, \u017ee n\u011bmeck\u00fd <span class=\"highlight-query\">automobilov\u00fd<\/span> pr\u016fmysl \u010dek\u00e1 skute\u010dn\u00e1 vlna propou\u0161t\u011bn\u00ed, p\u00ed\u0161e BZ. Podle VDA pl\u00e1nuje necel\u00e1 \u010dtvrtina podnik\u016f (24 %) p\u0159esun investic do jin\u00fdch zem\u00ed <span class=\"highlight-E1id1 highlight-E1M\">EU<\/span>, <span class=\"highlight-E0id4 highlight-E0M\">Asie<\/span>, jin\u00fdch zem\u00ed <span class=\"highlight-E0id0 highlight-E0M\">Evropy<\/span> a <span class=\"highlight-E0id5 highlight-E0M\">Severn\u00ed<\/span> <span class=\"highlight-E0id5 highlight-E0M\">Ameriky<\/span> &#8211; o n\u011bco m\u00e9n\u011b ne\u017e p\u0159i posledn\u00edm pr\u016fzkumu v \u00fanoru (29 %). Pouze jedno procento spole\u010dnost\u00ed v\u0161ak hodl\u00e1 vzhledem k sou\u010dasn\u00e9 situaci zv\u00fd\u0161it sv\u00e9 investice v <span class=\"highlight-E0id1 highlight-E0M\">N\u011bmecku<\/span>. Aby se \u00farove\u0148 investic v dodavatelsk\u00e9m pr\u016fmyslu op\u011bt zv\u00fd\u0161ila a zabr\u00e1nilo se tak p\u0159\u00edpadn\u00e9mu propou\u0161t\u011bn\u00ed, \u201emus\u00ed se nyn\u00ed <span class=\"highlight-E1id0 highlight-E1M\">n\u011bmeck\u00e1<\/span> <span class=\"highlight-E1id0 highlight-E1M\">vl\u00e1da<\/span> zam\u011b\u0159it na v\u0161e, co vytv\u00e1\u0159\u00ed r\u016fst &#8211; a to rozhodn\u011b a rychle,\u201c \u0159ekla pro BZ <span class=\"highlight-E5id3 highlight-E5M\">prezidentka<\/span> VDA <span class=\"highlight-E2id1 highlight-E2M\">M\u00fcllerov\u00e1<\/span>.<\/p>\n<p>\u201eHospod\u00e1\u0159sk\u00fd v\u00fdkon <span class=\"highlight-query\">automobilov\u00e9ho<\/span> pr\u016fmyslu v <span class=\"highlight-E0id1 highlight-E0M\">N\u011bmecku<\/span> byl zna\u010dn\u00fd,\u201c p\u0159ipojil sv\u00e9 vyj\u00e1d\u0159en\u00ed k pr\u016fzkumu Andreas W\u00e4chtler, <span class=\"highlight-E5id2 highlight-E5M\">mana\u017eer<\/span> s\u00edt\u011b Svazu <span class=\"highlight-E5id7 highlight-E5M\">dodavatel\u016f<\/span> automobil\u016f v <span class=\"highlight-E0id2 highlight-E0M\">Sasku<\/span> (AMZ). \u201eOstatn\u00ed odv\u011btv\u00ed nebudou schopna tuto p\u0159\u00edpadn\u011b vzniklou mezeru p\u0159eklenout,\u201c dodal sv\u016fj n\u00e1zor. <span class=\"highlight-E5id0 highlight-E5M\">Odborn\u00edci<\/span> na <span class=\"highlight-query\">automobilov\u00fd<\/span> pr\u016fmysl pro BZ tvrd\u00ed, \u017ee d\u016fvodem tohoto nez\u00e1jmu o investov\u00e1n\u00ed v <span class=\"highlight-E0id1 highlight-E0M\">N\u011bmecku<\/span> je, \u017ee <span class=\"highlight-E0id1 highlight-E0M\">N\u011bmecko<\/span> je \u201eneatraktivn\u00ed i pro n\u011bmeck\u00e9 firmy\u201c.<\/p>\n<p>\u201eJsme p\u0159\u00edli\u0161 draz\u00ed, p\u0159\u00edli\u0161 komplikovan\u00ed a m\u00e1lo inovativn\u00ed, co\u017e n\u00e1s \u010din\u00ed st\u00e1le m\u00e9n\u011b atraktivn\u00edmi pro glob\u00e1ln\u00ed pr\u016fmysl,\u201c \u0159\u00edk\u00e1 nap\u0159\u00edklad <span class=\"highlight-E2id0 highlight-E2M\">Ferdinand<\/span> <span class=\"highlight-E2id0 highlight-E2M\">Dudenh\u00f6ffer<\/span>. Jako p\u0159\u00edklad ztr\u00e1ty atraktivity n\u011bmeck\u00e9ho <span class=\"highlight-query\">automobilov\u00e9ho<\/span> pr\u016fmyslu Dundenh\u00f6ffer uvedl \u010d\u00ednskou automobilkou BYD, kter\u00e1 p\u0159ed n\u011bkolika dny ozn\u00e1mila, \u017ee sv\u00e9 evropsk\u00e9 \u00fast\u0159ed\u00ed z\u0159\u00edd\u00ed v <span class=\"highlight-E0id3 highlight-E0M\">Ma\u010farsku<\/span>. <span class=\"highlight-E0id1 highlight-E0M\">N\u011bmecko<\/span>, nejv\u011bt\u0161\u00ed evropsk\u00fd trh, se tak pro jednoho z nejv\u00fdznamn\u011bj\u0161\u00edch sv\u011btov\u00fdch <span class=\"highlight-E5id6 highlight-E5M\">v\u00fdrobc\u016f<\/span> automobil\u016f stalo \u201enudn\u00fdm\u201c, kritizuje.<\/p>\n<p>\u201eN\u011bmeck\u00fd <span class=\"highlight-query\">automobilov\u00fd<\/span> pr\u016fmysl se st\u00e1le v\u00edce vzdaluje <span class=\"highlight-E0id1 highlight-E0M\">N\u011bmecku<\/span>,\u201c \u0159ekl d\u00e1le. Zastaven\u00ed tohoto trendu dle n\u011bj \u201epotrv\u00e1 roky\u201c.Ke zvr\u00e1cen\u00ed tohoto trendu je pr\u00fd zapot\u0159eb\u00ed \u201ezcela nov\u00e1 pr\u016fmyslov\u00e1 a inova\u010dn\u00ed politika\u201c. Pokud se n\u011bmeck\u00e1 politika v auotomobilov\u00e9m sektoru nezm\u011bn\u00ed, <span class=\"highlight-E2id0 highlight-E2M\">Dudenh\u00f6ffer<\/span> varuje, \u017ee v roce 2030 bude v <span class=\"highlight-query\">automobilov\u00e9m<\/span> pr\u016fmyslu mimo jin\u00e9 pracovat 500 000 <span class=\"highlight-E5id4 highlight-E5M\">zam\u011bstnanc\u016f<\/span> m\u00edsto sou\u010dasn\u00fdch 730 000.<\/p>\n<p>Dal\u0161\u00ed <span class=\"highlight-E5id0 highlight-E5M\">odborn\u00edk<\/span>, <span class=\"highlight-E5id5 highlight-E5M\">\u0159editel<\/span> Institutu <span class=\"highlight-query\">automobilov\u00e9<\/span> ekonomiky (<span class=\"highlight-E1id2 highlight-E1M\">IfA<\/span>) Stefan Riendl, pro BZ \u0159ekl, \u017ee si nemysl\u00ed, \u017ee by v dohledn\u00e9 dob\u011b do\u0161lo k obratu u <span class=\"highlight-E5id7 highlight-E5M\">dodavatel\u016f<\/span>, jeliko\u017e \u201ev sou\u010dasnosti panuj\u00edc\u00ed podm\u00ednky v <span class=\"highlight-E0id1 highlight-E0M\">N\u011bmecku<\/span> se pravd\u011bpodobn\u011b n\u00e1hle nezm\u011bn\u00ed\u201c. \u201eA to ani v p\u0159\u00edpad\u011b, \u017ee by za nov\u00e9 Merzovy vl\u00e1dy do\u0161lo ke zm\u011bn\u00e1m cen energi\u00ed, byrokratick\u00fdch struktur nebo z\u00e1t\u011b\u017ee v oblasti soci\u00e1ln\u00edho zabezpe\u010den\u00ed,\u201c dodal.<\/p>\n<p><strong>Zdroj: echoprime.c<\/strong>z<\/p>\n","protected":false},"excerpt":{"rendered":"<p>Podle pr\u016fzkumu N\u011bmeck\u00e9ho svazu automobilov\u00e9ho pr\u016fmyslu (VDA) v\u00edce ne\u017e t\u0159i \u010dtvrtiny n\u011bmeck\u00fdch dodavatel\u016f autopr\u016fmyslu (76&#8230;<\/p>\n","protected":false},"author":1,"featured_media":5205,"comment_status":"closed","ping_status":"closed","sticky":false,"template":"","format":"standard","meta":{"footnotes":""},"categories":[42,23,18],"tags":[],"class_list":["post-13379","post","type-post","status-publish","format-standard","has-post-thumbnail","hentry","category-analyza","category-dodavatele","category-vyroba"],"_links":{"self":[{"href":"https:\/\/www.automakers.cz\/index.php?rest_route=\/wp\/v2\/posts\/13379","targetHints":{"allow":["GET"]}}],"collection":[{"href":"https:\/\/www.automakers.cz\/index.php?rest_route=\/wp\/v2\/posts"}],"about":[{"href":"https:\/\/www.automakers.cz\/index.php?rest_route=\/wp\/v2\/types\/post"}],"author":[{"embeddable":true,"href":"https:\/\/www.automakers.cz\/index.php?rest_route=\/wp\/v2\/users\/1"}],"replies":[{"embeddable":true,"href":"https:\/\/www.automakers.cz\/index.php?rest_route=%2Fwp%2Fv2%2Fcomments&post=13379"}],"version-history":[{"count":1,"href":"https:\/\/www.automakers.cz\/index.php?rest_route=\/wp\/v2\/posts\/13379\/revisions"}],"predecessor-version":[{"id":13380,"href":"https:\/\/www.automakers.cz\/index.php?rest_route=\/wp\/v2\/posts\/13379\/revisions\/13380"}],"wp:featuredmedia":[{"embeddable":true,"href":"https:\/\/www.automakers.cz\/index.php?rest_route=\/wp\/v2\/media\/5205"}],"wp:attachment":[{"href":"https:\/\/www.automakers.cz\/index.php?rest_route=%2Fwp%2Fv2%2Fmedia&parent=13379"}],"wp:term":[{"taxonomy":"category","embeddable":true,"href":"https:\/\/www.automakers.cz\/index.php?rest_route=%2Fwp%2Fv2%2Fcategories&post=13379"},{"taxonomy":"post_tag","embeddable":true,"href":"https:\/\/www.automakers.cz\/index.php?rest_route=%2Fwp%2Fv2%2Ftags&post=13379"}],"curies":[{"name":"wp","href":"https:\/\/api.w.org\/{rel}","templated":true}]}}