{"id":13382,"date":"2025-05-26T06:17:13","date_gmt":"2025-05-26T06:17:13","guid":{"rendered":"https:\/\/www.automakers.cz\/?p=13382"},"modified":"2025-05-26T07:39:48","modified_gmt":"2025-05-26T07:39:48","slug":"agc-automotive-czech-slavi-100-let","status":"publish","type":"post","link":"https:\/\/www.automakers.cz\/?p=13382","title":{"rendered":"AGC Automotive Czech slav\u00ed 100 let"},"content":{"rendered":"<p><strong><b>GC Automotive Czech zah\u00e1jila v\u00fdstavbu nov\u00e9 v\u00fdrobn\u00ed linky na vrstven\u00e1 \u010deln\u00ed skla. Tento krok p\u0159ich\u00e1z\u00ed v roce, kdy z\u00e1vod v Chude\u0159ic\u00edch slav\u00ed 100 let od zah\u00e1jen\u00ed v\u00fdroby v roce 1925. Nov\u00e1 investice v\u00fdrazn\u011b pos\u00edl\u00ed v\u00fdrobn\u00ed kapacitu a technologickou \u00farove\u0148 z\u00e1vodu a p\u0159inese 50 nov\u00fdch pracovn\u00edch m\u00edst v regionu.<\/b><\/strong><!--more--><\/p>\n<p>AGC Automotive Czech je sou\u010d\u00e1st\u00ed evropsk\u00e9 automobilov\u00e9 divize japonsk\u00e9ho skl\u00e1\u0159sk\u00e9ho koncernu AGC Inc.<\/p>\n<p>Nov\u00e1 v\u00fdrobn\u00ed linka nab\u00eddne vysok\u00fd stupe\u0148 automatizace, d\u00edky \u010demu\u017e bude v\u00fdroba je\u0161t\u011b p\u0159esn\u011bj\u0161\u00ed a efektivn\u011bj\u0161\u00ed. Po uveden\u00ed do provozu bude m\u00edt kapacitu v\u00edce ne\u017e 1 milion vrstven\u00fdch \u010deln\u00edch skel ro\u010dn\u011b.<\/p>\n<p><strong><b>Zbyn\u011bk Slivo\u0148, gener\u00e1ln\u00ed \u0159editel AGC Automotive Czech, k tomu \u0159\u00edk\u00e1: <\/b><\/strong><em><i>\u201eLinka CD-L5 je strategickou investic\u00ed pro n\u00e1\u0161 z\u00e1vod v Chude\u0159ic\u00edch. Nejen\u017ee nav\u00fd\u0161\u00ed na\u0161i v\u00fdrobn\u00ed kapacitu, ale z\u00e1rove\u0148 n\u00e1m umo\u017en\u00ed plnit rostouc\u00ed technologick\u00e9 po\u017eadavky na\u0161ich kl\u00ed\u010dov\u00fdch z\u00e1kazn\u00edk\u016f v automobilov\u00e9m pr\u016fmyslu. Jsme hrd\u00ed, \u017ee tento nov\u00fd miln\u00edk spou\u0161t\u00edme pr\u00e1v\u011b v roce oslav stolet\u00ed na\u0161\u00ed skl\u00e1\u0159sk\u00e9 tradice.\u201c<\/i><\/em><\/p>\n<p>Projekt je realizov\u00e1n postupn\u011b. V z\u00e1v\u011bru roku 2024 prob\u011bhla demont\u00e1\u017e p\u016fvodn\u00ed v\u00fdrobn\u00ed linky a nyn\u00ed prob\u00edhaj\u00ed stavebn\u00ed \u00fapravy. Instalace nov\u00e9 technologie je napl\u00e1nov\u00e1na na druhou polovinu roku 2025 a zku\u0161ebn\u00ed provoz by m\u011bl za\u010d\u00edt koncem prvn\u00edho \u010dtvrtlet\u00ed 2026. V\u00fdstavbu zaji\u0161\u0165uj\u00ed \u010desk\u00e9 firmy Pohl a Klement construction, technologie dod\u00e1v\u00e1 AGC Japonsko.<\/p>\n<p>V\u00fdznamnou roli v budoucnosti z\u00e1vodu hraje tak\u00e9 udr\u017eitelnost. \u010c\u00e1st spot\u0159eby energie nov\u00e9 linky bude pokr\u00fdvat vlastn\u00ed fotovoltaick\u00e1 elektr\u00e1rna AGC, uveden\u00e1 do provozu v lo\u0148sk\u00e9m roce, \u010d\u00edm\u017e dojde ke sn\u00ed\u017een\u00ed dopadu na \u017eivotn\u00ed prost\u0159ed\u00ed.<\/p>\n<p>Slavnostn\u00edho zah\u00e1jen\u00ed v\u00fdstavby se z\u00fa\u010dastnili z\u00e1stupci evropsk\u00e9ho veden\u00ed AGC Automotive, hejtman \u00dasteck\u00e9ho kraje Richard Brabec a starostka m\u011bsta B\u00edlina Zuzana Schwarz Ba\u0159tip\u00e1nov\u00e1.<\/p>\n<p>Oslavy 100 let v\u00fdroby skla v Chude\u0159ic\u00edch vyvrcholily Dnem otev\u0159en\u00fdch dve\u0159\u00ed pro zam\u011bstnance a jejich rodiny, kter\u00fd se uskute\u010dnil v sobotu 24. kv\u011btna.<\/p>\n<p><strong><b>Stolet\u00e1 tradice a budoucnost<\/b><\/strong><\/p>\n<p>Oslavy 100. v\u00fdro\u010d\u00ed nejsou jen p\u0159ipom\u00ednkou bohat\u00e9 historie z\u00e1vodu, ale i potvrzen\u00edm jeho vedouc\u00edho postaven\u00ed v evropsk\u00e9m automobilov\u00e9m pr\u016fmyslu. Od sv\u00e9ho zalo\u017een\u00ed Edmundem Weinmannem v roce 1925 se z\u00e1vod v Chude\u0159ic\u00edch vypracoval na kl\u00ed\u010dov\u00fd pil\u00ed\u0159 evropsk\u00fdch aktivit spole\u010dnosti AGC s ro\u010dn\u00ed produkc\u00ed p\u0159esahuj\u00edc\u00ed 30 milion\u016f skel pro automobily. Dnes poch\u00e1z\u00ed z Chude\u0159ic p\u0159ibli\u017en\u011b ka\u017ed\u00e9 \u0161est\u00e9 autosklo pro vozy vyroben\u00e9 v Evrop\u011b.<\/p>\n<p>Mezi historicky v\u00fdznamn\u00e9 zak\u00e1zky pat\u0159\u00ed nap\u0159\u00edklad v\u00fdroba zrcadlov\u00e9ho skla pro funkcionalistickou vilu Tugendhat v Brn\u011b. Tato tradice \u0159emesln\u00e9ho um\u011bn\u00ed a inovac\u00ed z\u016fst\u00e1v\u00e1 z\u00e1kladem i pro budoucnost v\u00fdroby.<\/p>\n<p><strong>Zdroj: AGC<\/strong><\/p>\n<p><img loading=\"lazy\" decoding=\"async\" class=\"alignnone size-medium wp-image-1858\" src=\"http:\/\/www.automakers.cz\/wp-content\/uploads\/2024\/01\/skla-AGC-scaled-1-900x601.jpg\" alt=\"\" width=\"900\" height=\"601\" srcset=\"https:\/\/www.automakers.cz\/wp-content\/uploads\/2024\/01\/skla-AGC-scaled-1-900x601.jpg 900w, https:\/\/www.automakers.cz\/wp-content\/uploads\/2024\/01\/skla-AGC-scaled-1-1024x684.jpg 1024w, https:\/\/www.automakers.cz\/wp-content\/uploads\/2024\/01\/skla-AGC-scaled-1-768x513.jpg 768w, https:\/\/www.automakers.cz\/wp-content\/uploads\/2024\/01\/skla-AGC-scaled-1-1536x1025.jpg 1536w, https:\/\/www.automakers.cz\/wp-content\/uploads\/2024\/01\/skla-AGC-scaled-1-2048x1367.jpg 2048w\" sizes=\"auto, (max-width: 900px) 100vw, 900px\" \/><\/p>\n","protected":false},"excerpt":{"rendered":"<p>GC Automotive Czech zah\u00e1jila v\u00fdstavbu nov\u00e9 v\u00fdrobn\u00ed linky na vrstven\u00e1 \u010deln\u00ed skla. Tento krok p\u0159ich\u00e1z\u00ed&#8230;<\/p>\n","protected":false},"author":1,"featured_media":13384,"comment_status":"closed","ping_status":"closed","sticky":false,"template":"","format":"standard","meta":{"footnotes":""},"categories":[23,4],"tags":[],"class_list":["post-13382","post","type-post","status-publish","format-standard","has-post-thumbnail","hentry","category-dodavatele","category-vyroci"],"_links":{"self":[{"href":"https:\/\/www.automakers.cz\/index.php?rest_route=\/wp\/v2\/posts\/13382","targetHints":{"allow":["GET"]}}],"collection":[{"href":"https:\/\/www.automakers.cz\/index.php?rest_route=\/wp\/v2\/posts"}],"about":[{"href":"https:\/\/www.automakers.cz\/index.php?rest_route=\/wp\/v2\/types\/post"}],"author":[{"embeddable":true,"href":"https:\/\/www.automakers.cz\/index.php?rest_route=\/wp\/v2\/users\/1"}],"replies":[{"embeddable":true,"href":"https:\/\/www.automakers.cz\/index.php?rest_route=%2Fwp%2Fv2%2Fcomments&post=13382"}],"version-history":[{"count":4,"href":"https:\/\/www.automakers.cz\/index.php?rest_route=\/wp\/v2\/posts\/13382\/revisions"}],"predecessor-version":[{"id":13396,"href":"https:\/\/www.automakers.cz\/index.php?rest_route=\/wp\/v2\/posts\/13382\/revisions\/13396"}],"wp:featuredmedia":[{"embeddable":true,"href":"https:\/\/www.automakers.cz\/index.php?rest_route=\/wp\/v2\/media\/13384"}],"wp:attachment":[{"href":"https:\/\/www.automakers.cz\/index.php?rest_route=%2Fwp%2Fv2%2Fmedia&parent=13382"}],"wp:term":[{"taxonomy":"category","embeddable":true,"href":"https:\/\/www.automakers.cz\/index.php?rest_route=%2Fwp%2Fv2%2Fcategories&post=13382"},{"taxonomy":"post_tag","embeddable":true,"href":"https:\/\/www.automakers.cz\/index.php?rest_route=%2Fwp%2Fv2%2Ftags&post=13382"}],"curies":[{"name":"wp","href":"https:\/\/api.w.org\/{rel}","templated":true}]}}