{"id":134,"date":"2023-11-08T08:49:56","date_gmt":"2023-11-08T08:49:56","guid":{"rendered":"https:\/\/www.automakers.cz\/?p=134"},"modified":"2023-11-08T08:51:01","modified_gmt":"2023-11-08T08:51:01","slug":"e-salon-scania-predstavi-mestskou-nakladni-elektromobilitu","status":"publish","type":"post","link":"https:\/\/www.automakers.cz\/?p=134","title":{"rendered":"e-SALON: Scania p\u0159edstav\u00ed m\u011bstskou n\u00e1kladn\u00ed elektromobilitu"},"content":{"rendered":"<p><strong>Scania p\u0159iveze na p\u00e1t\u00fd ro\u010dn\u00edk veletrhu \u010dist\u00e9 mobility e-SALON v pra\u017esk\u00fdch Let\u0148anech dvojici elektromobil\u016f ukazuj\u00edc\u00ed spektrum m\u011bstsk\u00fdch aplikac\u00ed elektrick\u00fdch n\u00e1kladn\u00edch vozidel. Na st\u00e1nku bude k vid\u011bn\u00ed bateriov\u00fd autodom\u00edch\u00e1va\u010d a \u010dist\u011b elektrick\u00e9 vozidlo pro svoz komun\u00e1ln\u00edho odpadu.<\/strong><!--more--><\/p>\n<p>Scania bude na st\u00e1nku C 3 v\u00a0hale 3 prezentovat, jak je mo\u017en\u00e9 dekarbonizovat m\u011bstskou n\u00e1kladn\u00ed dopravu a komun\u00e1ln\u00ed vozidla.<\/p>\n<p>\u201eCht\u011bli jsme n\u00e1v\u0161t\u011bvn\u00edk\u016fm uk\u00e1zat v\u00edce ne\u017e jen oby\u010dejn\u00e9 distribu\u010dn\u00ed vozidlo nebo taha\u010d, ale takov\u00e9 aplikace, u nich\u017e m\u016f\u017ee elektrick\u00fd pohon p\u0159in\u00e9st ve m\u011bst\u011b podstatn\u00e9 zlep\u0161en\u00ed \u010distoty ovzdu\u0161\u00ed. A to p\u0159edev\u0161\u00edm s\u00a0ohledem na nep\u0159\u00edjemn\u00fd volnob\u011bh, kter\u00fd nebude nutn\u00fd pro pohon n\u00e1stavby. Vystavujeme proto elektrick\u00fd autodom\u00edch\u00e1va\u010d a popel\u00e1\u0159sk\u00fd v\u016fz, tedy typy vozidel, jejich\u017e spalovac\u00ed motor \u010dasto b\u011b\u017e\u00ed jen proto, aby pohyboval lisem, nebo to\u010dil bubnem,\u201c vysv\u011btluje gener\u00e1ln\u00ed \u0159editel Scania CER, Zden\u011bk Petr\u00e1s.<\/p>\n<p>Ob\u011b vozidla tak\u00e9 ukazuj\u00ed mo\u017enosti specifikace elektrick\u00fdch vozidel Scania. Zat\u00edmco vozidlo pro svoz komun\u00e1ln\u00edho odpadu nab\u00edz\u00ed kabinu \u0159ady L se sn\u00ed\u017een\u00fdm pohodln\u00fdm n\u00e1stupem, kterou ji\u017e u naftov\u00fdch nebo plynov\u00fdch automobil\u016f oce\u0148uje nejeden z\u00e1kazn\u00edk v\u00a0\u010cesku, autodom\u00edch\u00e1va\u010d p\u0159edstavuje standardn\u00ed denn\u00ed kabinu \u0159ady P ve stavebn\u00ed \u00faprav\u011b XT vyzna\u010duj\u00edc\u00ed se nap\u0159\u00edklad odoln\u011bj\u0161\u00edm ocelov\u00fdm n\u00e1razn\u00edkem nebo ochrann\u00fdm plechem pod kabinou.<\/p>\n<p>Ob\u011b vozidla poh\u00e1n\u00ed 230 kW elektromotor dopln\u011bn\u00fd dvoustup\u0148ovou bezespojkovou p\u0159evodovkou. Energii \u010derpaj\u00ed ze sady dev\u00edti bateri\u00ed s\u00a0instalovanou kapacitou 300 kWh. Dob\u00edjet ji lze stejnosm\u011brn\u00fdm proudem a v\u00fdkonem 130 kW. Elektrickou n\u00e1stavbu pro autodom\u00edch\u00e1va\u010d dodala italsk\u00e1 firma CIFA, vozidlo pro svoz komun\u00e1ln\u00edho odpadu p\u0159edstavuje n\u00e1stavbu od nizozemsk\u00e9 firmy Geesinknorba.<\/p>\n<p>\u201eNa\u0161e nab\u00eddka pochopiteln\u011b nekon\u010d\u00ed jen u vozidel pro m\u011bstsk\u00fd provoz. V\u00a0sou\u010dasn\u00e9 dob\u011b se rozb\u00edh\u00e1 produkce taha\u010d\u016f a podvozk\u016f pro region\u00e1ln\u00ed nasazen\u00ed. Nab\u00edzej\u00ed \u201aspac\u00ed\u2018 kabiny \u0159ad R a S, v\u00fdkon a\u017e 450 kW a s\u00a0bateri\u00ed s\u00a0celkovou kapacitou 624 kWh zvl\u00e1dnou ujet a\u017e 350 km na jedno nabit\u00ed se zat\u00ed\u017eenou 40t soupravou. V\u00a0p\u0159\u00ed\u0161t\u00edm roce pak nab\u00edzenou paletu roz\u0161\u00ed\u0159\u00edme o dal\u0161\u00ed v\u00fdkonov\u00e9 varianty a konfigurace bateri\u00ed,\u201c popisuje pl\u00e1ny zna\u010dky Scania Zden\u011bk Petr\u00e1s.<\/p>\n<p>Dlouhodob\u00fdm c\u00edlem zna\u010dky je vydl\u00e1\u017edit cestu k\u00a0udr\u017eiteln\u00e9 n\u00edzkoemisn\u00ed p\u0159eprav\u011b budoucnosti. Roz\u0161i\u0159ov\u00e1n\u00ed nab\u00eddky tedy bude pokr\u00fdvat st\u00e1le \u0161ir\u0161\u00ed a \u0161ir\u0161\u00ed spektrum nejr\u016fzn\u011bj\u0161\u00edch pou\u017eit\u00ed. Scania pl\u00e1nuje, \u017ee v\u00a0roce 2030 budou 50 % jej\u00edch celosv\u011btov\u00fdch prodej\u016f tvo\u0159it \u010dist\u011b elektrick\u00e1 vozidla. A to v\u00a0souladu s\u00a0t\u00edm, jak se budou postupn\u011b srovn\u00e1vat n\u00e1klady na provoz elektrick\u00fdch a naftov\u00fdch vozidel.<\/p>\n<p><strong>Kompletn\u00ed nab\u00eddka s\u00a0dob\u00edjec\u00ed infrastrukturou<\/strong><\/p>\n<p>Krom\u011b samotn\u00fdch vozidel je ned\u00edlnou sou\u010d\u00e1st\u00ed nab\u00eddky \u0161v\u00e9dsk\u00e9 zna\u010dky dob\u00edjec\u00ed infrastruktura. \u201eZ\u00e1kazn\u00edk\u016fm nab\u00edz\u00edme prakticky v\u0161e: anal\u00fdzu, n\u00e1vrh, instalaci dob\u00edje\u010dek a postar\u00e1me se i o jejich provoz a to v\u010detn\u011b dod\u00e1n\u00ed vhodn\u00e9ho software pro vzd\u00e1lenou spr\u00e1vu. To v\u0161e pro to, aby i ta nejslo\u017eit\u011bj\u0161\u00ed rozhodnut\u00ed mohli nechat na odborn\u00edc\u00edch a jejich p\u0159echod na elektromobilitu byl co nejjednodu\u0161\u0161\u00ed,\u201c \u0159\u00edk\u00e1 Marcel Demsk\u00fd, E-Mobility Infrastructure Manager Scania CER.<\/p>\n<p>Scania je z\u00e1rove\u0148 jako \u010dlen skupiny Traton rovn\u011b\u017e \u010dlenem joint-venture Milence, jeho\u017e c\u00edlem je vybudovat v\u00a0nejbli\u017e\u0161\u00edch letech 1700 dob\u00edjec\u00edch stanic pro d\u00e1lkovou n\u00e1kladn\u00ed dopravu po cel\u00e9 Evrop\u011b.<\/p>\n<p><strong>Zdroj: Scania, Martin P\u0159ibyl<\/strong><\/p>\n","protected":false},"excerpt":{"rendered":"<p>Scania p\u0159iveze na p\u00e1t\u00fd ro\u010dn\u00edk veletrhu \u010dist\u00e9 mobility e-SALON v pra\u017esk\u00fdch Let\u0148anech dvojici elektromobil\u016f ukazuj\u00edc\u00ed&#8230;<\/p>\n","protected":false},"author":1,"featured_media":135,"comment_status":"open","ping_status":"open","sticky":false,"template":"","format":"standard","meta":{"footnotes":""},"categories":[9,8],"tags":[],"class_list":["post-134","post","type-post","status-publish","format-standard","has-post-thumbnail","hentry","category-elektromobily","category-vystavy"],"_links":{"self":[{"href":"https:\/\/www.automakers.cz\/index.php?rest_route=\/wp\/v2\/posts\/134","targetHints":{"allow":["GET"]}}],"collection":[{"href":"https:\/\/www.automakers.cz\/index.php?rest_route=\/wp\/v2\/posts"}],"about":[{"href":"https:\/\/www.automakers.cz\/index.php?rest_route=\/wp\/v2\/types\/post"}],"author":[{"embeddable":true,"href":"https:\/\/www.automakers.cz\/index.php?rest_route=\/wp\/v2\/users\/1"}],"replies":[{"embeddable":true,"href":"https:\/\/www.automakers.cz\/index.php?rest_route=%2Fwp%2Fv2%2Fcomments&post=134"}],"version-history":[{"count":2,"href":"https:\/\/www.automakers.cz\/index.php?rest_route=\/wp\/v2\/posts\/134\/revisions"}],"predecessor-version":[{"id":138,"href":"https:\/\/www.automakers.cz\/index.php?rest_route=\/wp\/v2\/posts\/134\/revisions\/138"}],"wp:featuredmedia":[{"embeddable":true,"href":"https:\/\/www.automakers.cz\/index.php?rest_route=\/wp\/v2\/media\/135"}],"wp:attachment":[{"href":"https:\/\/www.automakers.cz\/index.php?rest_route=%2Fwp%2Fv2%2Fmedia&parent=134"}],"wp:term":[{"taxonomy":"category","embeddable":true,"href":"https:\/\/www.automakers.cz\/index.php?rest_route=%2Fwp%2Fv2%2Fcategories&post=134"},{"taxonomy":"post_tag","embeddable":true,"href":"https:\/\/www.automakers.cz\/index.php?rest_route=%2Fwp%2Fv2%2Ftags&post=134"}],"curies":[{"name":"wp","href":"https:\/\/api.w.org\/{rel}","templated":true}]}}