{"id":1341,"date":"2024-01-10T14:51:46","date_gmt":"2024-01-10T14:51:46","guid":{"rendered":"https:\/\/www.automakers.cz\/?p=1341"},"modified":"2024-01-10T14:53:11","modified_gmt":"2024-01-10T14:53:11","slug":"solarni-asociace-hlasi-vykon-35-gw","status":"publish","type":"post","link":"https:\/\/www.automakers.cz\/?p=1341","title":{"rendered":"Sol\u00e1rn\u00ed asociace hl\u00e1s\u00ed v\u00fdkon 3,5 GW"},"content":{"rendered":"<p><strong>Sol\u00e1rn\u00ed sektor v roce 2023 v \u010cesku op\u011bt p\u0159idal na rychlosti. Podle dat Sol\u00e1rn\u00ed asociace se postavilo na 1 gigawatt nov\u00fdch fotovoltaick\u00fdch elektr\u00e1ren, celkem jich vzniklo skoro 83 tis\u00edc. Mana\u017ee\u0159i asociace to ozn\u00e1mili 10. ledna na tiskovce v pra\u017esk\u00e9m konferen\u010dn\u00edm centru Truhl\u00e1rna.<\/strong><!--more--><\/p>\n<p>Objevuj\u00ed se p\u0159edev\u0161\u00edm na st\u0159ech\u00e1ch rodinn\u00fdch dom\u016f, p\u0159ipojovat se v\u0161ak za\u010d\u00ednaj\u00ed i velk\u00e9 firemn\u00ed elektr\u00e1rny a prvn\u00ed sol\u00e1rn\u00ed parky. Z\u00e1sadn\u011b se obrac\u00ed situace na trhu realiza\u010dn\u00edch firem: podle pr\u016fzkumu STEM\/MARK proveden\u00e9m ve spolupr\u00e1ci se Sol\u00e1rn\u00ed asociac\u00ed je v\u011bt\u0161ina instala\u010dn\u00edch firem p\u0159ipravena na dal\u0161\u00ed r\u016fst v roce 2024.<\/p>\n<p>Kv\u016fli konkuren\u010dn\u00edmu boji a preferenc\u00edm spot\u0159ebitel\u016f v\u0161ak dnes kvalitn\u011bj\u0161\u00ed dodavatel\u00e9 paradoxn\u011b mohou m\u00edt probl\u00e9my sehnat z\u00e1kazn\u00edky. V\u00fdznamn\u00e9 rezervy m\u00e1me nad\u00e1le v akumulaci energie u velk\u00fdch FVE.<\/p>\n<p>V roce 2023 bylo do s\u00edt\u011b p\u0159ipojeno celkem 82 799 sol\u00e1rn\u00edch elektr\u00e1ren, jejich\u017e celkov\u00fd v\u00fdkon dosahuje 970 megawatt-peak (MWp). Oproti roku 2022 to znamen\u00e1 r\u016fst v po\u010dtu nov\u00fdch elektr\u00e1ren o 49 tis\u00edc a 145 %. Co do v\u00fdkonu sol\u00e1rn\u00ed trh v \u010cesku loni oproti roku 2022 narostl o 681 MWp (tedy o 236 %). V\u00fdrazn\u011b pos\u00edlil segment firemn\u00edch st\u0159e\u0161n\u00edch a pozemn\u00edch elektr\u00e1ren. Projekt\u016f s v\u00fdkonem nad 100 kWp vzniklo p\u011btkr\u00e1t v\u00edc, k celkov\u00e9mu r\u016fstu p\u0159isp\u011bly 183 megawatty.<\/p>\n<p>Podepsalo se to i na pr\u016fm\u011brn\u00e9 velikosti FVE: ta vzrostla z 8,6 kWp na 11,7 kWp. Do s\u00edt\u011b bylo p\u0159ipojeno tak\u00e9 25 elektr\u00e1ren s v\u00fdkonem p\u0159esahuj\u00edc\u00edm 1 MWp. Ne\u0161lo p\u0159itom jen o velk\u00e9 firemn\u00ed st\u0159e\u0161n\u00ed elektr\u00e1rny, ale i o prvn\u00ed sol\u00e1rn\u00ed parky od roku 2011.<\/p>\n<p>R\u016fst loni op\u011bt t\u00e1hly dom\u00e1cnosti, 80 tis\u00edc st\u0159ech bylo nov\u011b pokryto panely s celkov\u00fdm v\u00fdkonem 823,3 MWp. Pr\u016fm\u011brn\u00e1 velikost dom\u00e1c\u00edch FVE byla loni 10,3 kWp (oproti pr\u016fm\u011brn\u00e9 velikosti 6,7 kWp v roce 2022). Rodiny z 92 procent vol\u00ed \u0159e\u0161en\u00ed kombinovan\u00e9 s bateriov\u00fdm \u00falo\u017ei\u0161t\u011bm s pr\u016fm\u011brnou kapacitou 12 kWh (2022: 11,7 kWh). Motorem reziden\u010dn\u00edho sektoru je i nad\u00e1le \u00fasp\u011b\u0161n\u00fd program Nov\u00e1 zelen\u00e1 \u00faspor\u00e1m.<\/p>\n<h5><strong>Instala\u010dn\u00edch firem je dost, z\u00e1kazn\u00edci by se m\u011bli zam\u011b\u0159it na kvalitu proveden\u00ed<\/strong><\/h5>\n<p>Nepolevuj\u00edc\u00ed r\u016fst popt\u00e1vky p\u0159il\u00e1kal do sol\u00e1rn\u00edho odv\u011btv\u00ed vysok\u00fd po\u010det instala\u010dn\u00edch firem. Zat\u00edmco v roce 2022 kv\u016fli jejich nedostatku \u010dekali z\u00e1kazn\u00edci na zprovozn\u011bn\u00ed elektr\u00e1rny mnohdy n\u011bkolik m\u011bs\u00edc\u016f, loni se \u010dekac\u00ed doby v\u00fdrazn\u011b zkr\u00e1tily. Podle v\u00fdzkumu agentury STEM\/MARK u firem sdru\u017een\u00fdch v Sol\u00e1rn\u00ed asociaci jsou instala\u010dn\u00ed firmy p\u0159ipraven\u00e9 na dal\u0161\u00ed r\u016fst popt\u00e1vky. <em>\u201ePro leto\u0161n\u00ed rok jsou firmy p\u0159ipraveny vyhov\u011bt je\u0161t\u011b v\u011bt\u0161\u00edmu po\u010dtu z\u00e1jemc\u016f a lze tedy o\u010dek\u00e1vat, \u017ee i rok 2024 p\u0159inese dal\u0161\u00ed v\u00fdrazn\u00fd rozvoj tohoto odv\u011btv\u00ed,\u201c<\/em> poznamen\u00e1v\u00e1 Tom\u00e1\u0161 Rycheck\u00fd z agentury STEM\/MARK.<\/p>\n<p>Zvy\u0161uj\u00edc\u00ed se konkurence mezi firmami v\u0161ak znamen\u00e1 probl\u00e9m p\u0159edev\u0161\u00edm pro kvalitn\u011bj\u0161\u00ed dodavatele. \u201e<em>\u010ce\u0161t\u00ed z\u00e1kazn\u00edci se \u010dasto rozhoduj\u00ed prim\u00e1rn\u011b podle ceny, co\u017e zhor\u0161uje konkurenceschopnost firem, kter\u00e9 pou\u017e\u00edvaj\u00ed kvalitn\u011bj\u0161\u00ed technologii, dbaj\u00ed v\u00edc na bezpe\u010dnost instalace nebo protipo\u017e\u00e1rn\u00ed opat\u0159en\u00ed,<\/em>\u201d konstatuje v\u00fdkonn\u00fd \u0159editel Sol\u00e1rn\u00ed asociace Jan Kr\u010dm\u00e1\u0159. \u201e<em>Mar\u017ee v sektoru dnes nejsou vysok\u00e9 a mnoho lid\u00ed nen\u00ed ochotno p\u0159iplatit si za kvalitn\u00ed komponenty a pe\u010dlivou pr\u00e1ci expert\u016f. Ohro\u017euje to p\u0159edev\u0161\u00edm ty nejkvalitn\u011bj\u0161\u00ed firmy, kter\u00e9 nehodlaj\u00ed d\u011blat kompromisy p\u0159i bezpe\u010dnosti instalace a v\u00fdb\u011bru spolehliv\u00fdch komponent,\u201c<\/em> dod\u00e1v\u00e1 Kr\u010dm\u00e1\u0159. Sol\u00e1rn\u00ed asociace proto apeluje na ve\u0159ejnost, aby p\u0159i volb\u011b dodavatele nehled\u011bla jen na cenu, ale zam\u011b\u0159ila se i na kvalitu proveden\u00ed elektr\u00e1rny.<\/p>\n<h5><strong>Fotovoltaika pom\u00e1h\u00e1 firm\u00e1m plnit dekarboniza\u010dn\u00ed c\u00edle <\/strong><\/h5>\n<p>Po mnoha letech se v roce 2023 naplno rozjela i v\u00fdstavba st\u0159e\u0161n\u00edch a pozemn\u00edch elektr\u00e1ren provozovan\u00fdch firmami. Elektr\u00e1ren vyr\u00e1b\u011bj\u00edc\u00edch energii pro vlastn\u00ed spot\u0159ebu podnik\u016f bylo loni instalov\u00e1no v\u00edc ne\u017e 2 500 s celkov\u00fdm v\u00fdkonem okolo 140 MWp. V\u011bt\u0161ina t\u011bchto FVE vznikla s vyu\u017eit\u00edm dotace z N\u00e1rodn\u00edho pl\u00e1nu obnovy, kter\u00fd m\u00e1 zv\u00fd\u0161it odolnost \u010desk\u00e9 ekonomiky v\u016f\u010di kriz\u00edm. \u201e<em>V\u00fdroba vlastn\u00ed energie z fotovoltaick\u00e9 elektr\u00e1rny je jeden z nejjednodu\u0161\u0161\u00edch krok\u016f, jak si firmy mohou zafixovat zna\u010dnou \u010d\u00e1st provozn\u00edch n\u00e1klad\u016f a zabezpe\u010dit se proti stoupaj\u00edc\u00edm cen\u00e1m energi\u00ed<\/em>,\u201d p\u0159ipom\u00edn\u00e1 v\u00fdkonn\u00fd \u0159editel Sol\u00e1rn\u00ed asociace Jan Kr\u010dm\u00e1\u0159<em>. \u201eZ\u00e1rove\u0148 t\u00edm v\u00fdrazn\u011b sn\u00ed\u017e\u00ed svou uhl\u00edkovou stopu a p\u0159iprav\u00ed se na hodnocen\u00ed ESG,\u201c<\/em> dod\u00e1v\u00e1.<\/p>\n<h5><strong>Na sc\u00e9nu se vracej\u00ed velk\u00e9 elektr\u00e1rny<\/strong><\/h5>\n<p>P\u0159esto, \u017ee se v \u010cesku loni postavil t\u00e9m\u011b\u0159 jeden gigawatt sol\u00e1rn\u00edch elektr\u00e1ren, nejedn\u00e1 se o historicky nejlep\u0161\u00ed rok. I p\u0159es rekordn\u00ed po\u010det instalac\u00ed jejich celkov\u00fd v\u00fdkon nep\u0159ekonal rok 2010. A to i p\u0159es skute\u010dnost, \u017ee dne\u0161n\u00ed panely jsou v\u00fdrazn\u011b v\u00fdkonn\u011bj\u0161\u00ed. \u201e<em>Dne\u0161n\u00ed r\u016fst t\u00e1hnou st\u0159e\u0161n\u00ed elektr\u00e1rny pro rodinn\u00e9 domy \u010di firmy. Chceme-li v\u0161ak potenci\u00e1l sol\u00e1rn\u00ed energie v \u010cesku vyu\u017e\u00edt a hlavn\u011b se p\u0159ipravit na velice re\u00e1ln\u00fd sc\u00e9n\u00e1\u0159, \u017ee se uheln\u00e9 elektr\u00e1rny budou odstavovat d\u0159\u00edve, ne\u017e se \u010dekalo, mus\u00edme p\u0159idat ve v\u00fdstavb\u011b sol\u00e1rn\u00edch park\u016f,\u201c<\/em> varuje Jan Kr\u010dm\u00e1\u0159 a pokra\u010duje: \u201e<em>Jinak se m\u016f\u017eeme dostat do situace, kdy se uheln\u00e9 elektr\u00e1rny p\u0159estanou provozovatel\u016fm vypl\u00e1cet a nov\u00e9 jadern\u00e9 bloky je\u0161t\u011b nebudou postaven\u00e9. Bez dostatku obnoviteln\u00fdch zdroj\u016f jako je slunce a v\u00edtr u n\u00e1s bude elekt\u0159ina v\u00fdrazn\u011b dra\u017e\u0161\u00ed, ne\u017e u soused\u016f.\u201c <\/em>Krom\u011b toho hroz\u00ed, \u017ee \u010desk\u00fd pr\u016fmysl nebude spl\u0148ovat po\u017eadavky jako je ESG, proto\u017ee v \u010cesku nebude k dispozici dostatek energie z obnoviteln\u00fdch zdroj\u016f.<\/p>\n<p>Velk\u00fd probl\u00e9m nad\u00e1le p\u0159edstavuje absence akumulace energie, kter\u00e1 ani loni u velk\u00fdch FVE prakticky nevznikala. U v\u00fdroben nad 1 MWp byl pom\u011br kapacity bateriov\u00fdch \u00falo\u017ei\u0161\u0165 v\u016f\u010di instalovan\u00e9mu v\u00fdkonu FVE pouh\u00fdch 1,4 %, co\u017e je samoz\u0159ejm\u011b kriticky n\u00edzk\u00e9 \u010d\u00edslo. Na vin\u011b je jak chyb\u011bj\u00edc\u00ed legislativa, tak nastaven\u00ed podm\u00ednek dota\u010dn\u00edch program\u016f. <em>\u201ePlnohodnotn\u00e9 vyu\u017eit\u00ed akumulace elekt\u0159iny by m\u011bla umo\u017enit dal\u0161\u00ed novela energetick\u00e9ho z\u00e1kona (tzv. Lex OZE III) z d\u00edlny MPO, na jej\u00edm\u017e zn\u011bn\u00ed se Sol\u00e1rn\u00ed asociace a AKU-BAT pod\u00edl\u00ed. Nov\u011b vyhl\u00e1\u0161en\u00e9 v\u00fdzvy Moderniza\u010dn\u00edho fondu, na kter\u00fdch zase dlouhodob\u011b spolupracujeme se St\u00e1tn\u00edm fondem \u017eivotn\u00edho prost\u0159ed\u00ed a Ministerstvem \u017eivotn\u00edho prost\u0159ed\u00ed, ji\u017e budou obsahovat vy\u0161\u0161\u00ed bodov\u00e9 zv\u00fdhodn\u011bn\u00ed projekt\u016f s akumulac\u00ed. Douf\u00e1m, \u017ee se pod\u00edl velk\u00fdch projekt\u016f s velkokapacitn\u00edmi \u00falo\u017ei\u0161ti d\u00edky t\u011bmto zm\u011bn\u00e1m za\u010dne ji\u017e brzy zvy\u0161ovat, jinak m\u00e1me probl\u00e9m,\u201c<\/em> uv\u00e1d\u00ed k tomu Jan Fousek, p\u0159edseda p\u0159edstavenstva Sol\u00e1rn\u00ed asociace a \u0159editel Asociace pro akumulaci energie AKU-BAT.<\/p>\n<p>U reziden\u010dn\u00edch fotovoltaik je p\u0159itom situace zcela opa\u010dn\u00e1, vyu\u017eit\u00ed dom\u00e1c\u00edch bateri\u00ed v pom\u011bru k instalovan\u00e9mu v\u00fdkonu n\u00e1s \u0159ad\u00ed v tomto segmentu mezi evropskou \u0161pi\u010dku.<em> \u201eDo budoucna dom\u00e1c\u00ed baterie sk\u00fdtaj\u00ed obrovsk\u00fd potenci\u00e1l agregace flexibility pro stabilizaci soustavy. Co je\u0161t\u011b p\u0159ed n\u011bkolika lety zn\u011blo jako sci-fi, dnes u\u017e i n\u011bkter\u00e9 tuzemsk\u00e9 firmy b\u011b\u017en\u011b d\u011blaj\u00ed,\u201c<\/em> dod\u00e1v\u00e1 Fousek.<\/p>\n<h5><strong>Agrovoltaika dostane zelenou, komunitn\u00ed energetiku prov\u00e1zej\u00ed otazn\u00edky<\/strong><\/h5>\n<p>\u201e<em>D\u016fle\u017eitou roli by v budoucnu mohla sehr\u00e1t takzvan\u00e1 agrovoltaika, kdy se panely instaluj\u00ed na aktivn\u011b vyu\u017e\u00edvanou zem\u011bd\u011blskou plochu a doch\u00e1z\u00ed ke kladn\u00e9 synergii \u010d\u00e1ste\u010dn\u00e9ho zast\u00edn\u011bn\u00ed vy\u017eadovan\u00e9ho n\u011bkter\u00fdmi plodinami a sou\u010dasn\u00e9ho vyu\u017eit\u00ed slune\u010dn\u00ed energie pro v\u00fdrobu elekt\u0159iny,\u201c<\/em> \u0159\u00edk\u00e1 expert Sol\u00e1rn\u00ed asociace na agrovoltaiku Ji\u0159\u00ed B\u00edm a dod\u00e1v\u00e1: \u201e<em>Rozhoduj\u00edc\u00ed bude, zda se letos poda\u0159\u00ed p\u0159ijmout nutnou legislativu v podob\u011b, kter\u00e1 umo\u017en\u00ed rozvoj agrovoltaiky tak, jak ji zn\u00e1me ze zahrani\u010d\u00ed.\u201c<\/em><\/p>\n<p>Pro rok 2024 o\u010dek\u00e1v\u00e1 Sol\u00e1rn\u00ed asociace dal\u0161\u00ed p\u0159\u00edklon investor\u016f sm\u011brem k v\u011bt\u0161\u00edm elektr\u00e1rn\u00e1m, kter\u00e9 budou nov\u011b pro firemn\u00ed segment dotov\u00e1ny z Moderniza\u010dn\u00edho fondu. To by m\u011blo v\u00fdrazn\u011b zrychlit administrativu projekt\u016f a jejich v\u00fdstavbu. Naopak t\u011b\u017eko se odhaduje, zda bude pro z\u00e1kazn\u00edky atraktivn\u00ed komunitn\u00ed energetika v podob\u011b p\u0159ijat\u00e9 z\u00e1konod\u00e1rci. \u201e<em>Bez funk\u010dn\u00ed komunitn\u00ed energetiky se nepoda\u0159\u00ed vyu\u017e\u00edt obrovsk\u00fd potenci\u00e1l, kter\u00fd v sob\u011b skr\u00fdvaj\u00ed st\u0159echy bytov\u00fdch dom\u016f,\u201c<\/em> vysv\u011btluje Jan Kr\u010dm\u00e1\u0159.<\/p>\n<p>Celkov\u00fd v\u00fdkon v\u0161ech sol\u00e1rn\u00edch elektr\u00e1ren v \u010cesku v roce 2023 dos\u00e1hl t\u00e9m\u011b\u0159 3,5 GW. Celkem dnes do s\u00edt\u011b dod\u00e1v\u00e1 elekt\u0159inu ji\u017e v\u00edc ne\u017e 170 tis\u00edc fotovoltaick\u00fdch elektr\u00e1ren, z toho v\u00edc ne\u017e 150 tis\u00edc na st\u0159ech\u00e1ch rodinn\u00fdch dom\u016f.<\/p>\n<p><strong>Rok 2023 v \u010d\u00edslech<\/strong><\/p>\n<p>Po\u010det nov\u00fdch elektr\u00e1ren\u00a0\u00a0\u00a0\u00a0\u00a0\u00a0\u00a0\u00a0\u00a0\u00a0\u00a0\u00a0\u00a0\u00a0\u00a0\u00a0\u00a0\u00a0\u00a0\u00a0\u00a0\u00a0\u00a0\u00a0\u00a0\u00a0\u00a0\u00a0\u00a0\u00a0\u00a0 82 799<\/p>\n<p>Celkov\u00fd v\u00fdkon nov\u00fdch elektr\u00e1ren\u00a0\u00a0\u00a0\u00a0\u00a0 \u00a0\u00a0\u00a0\u00a0\u00a0\u00a0\u00a0\u00a0\u00a0\u00a0\u00a0 970,1 MWp<\/p>\n<p>Celkov\u00e1 nov\u00e1 kapacita akumulace\u00a0\u00a0\u00a0 \u00a0\u00a0\u00a0\u00a0\u00a0\u00a0\u00a0\u00a0\u00a0\u00a0\u00a0 917,1 MWh<\/p>\n<p>Po\u010det nov\u00fdch dom\u00e1c\u00edch FVE \u00a0\u00a0\u00a0\u00a0\u00a0\u00a0\u00a0\u00a0\u00a0\u00a0\u00a0\u00a0\u00a0\u00a0\u00a0\u00a0\u00a0\u00a0\u00a0\u00a0\u00a0\u00a0\u00a0 80 069<\/p>\n<p>Po\u010det nov\u00fdch firemn\u00edch a pozemn\u00edch FVE\u00a0\u00a0 2 730<\/p>\n<p>Pr\u016fm\u011brn\u00e1 velikost FVE\u00a0\u00a0\u00a0\u00a0\u00a0\u00a0\u00a0\u00a0\u00a0 \u00a0\u00a0\u00a0\u00a0\u00a0\u00a0\u00a0\u00a0\u00a0\u00a0\u00a0 \u00a0\u00a0\u00a0\u00a0\u00a0\u00a0\u00a0\u00a0\u00a0\u00a0\u00a0 11,7 kWp<\/p>\n<p>Pr\u016fm\u011brn\u00e1 velikost dom\u00e1c\u00ed FVE\u00a0\u00a0\u00a0\u00a0\u00a0\u00a0\u00a0\u00a0 \u00a0\u00a0\u00a0\u00a0\u00a0\u00a0\u00a0\u00a0\u00a0\u00a0\u00a0 10,3 kWp<\/p>\n<p>Pr\u016fm\u011brn\u00e1 velikost firemn\u00ed FVE\u00a0\u00a0\u00a0\u00a0\u00a0\u00a0\u00a0\u00a0 \u00a0\u00a0\u00a0\u00a0\u00a0\u00a0\u00a0\u00a0\u00a0\u00a0\u00a0 54,2 kWp<\/p>\n<p>Pod\u00edl akumulace u reziden\u010dn\u00edch FVE\u00a0\u00a0\u00a0\u00a0\u00a0\u00a0\u00a0\u00a0\u00a0\u00a0 92 %<\/p>\n<p>Pod\u00edl akumulace u firemn\u00edch FVE\u00a0\u00a0\u00a0\u00a0 \u00a0\u00a0\u00a0\u00a0\u00a0\u00a0\u00a0\u00a0\u00a0\u00a0\u00a0 40,3 %<\/p>\n<p>Pod\u00edl akumulace u FVE nad 1 MWp \u00a0\u00a0\u00a0\u00a0\u00a0\u00a0\u00a0\u00a0\u00a0\u00a0\u00a0 1,4 % (1 MWh baterie \/ 67 MWp FVE)<\/p>\n<p>N\u00e1r\u016fst oproti p\u0159\u00edr\u016fstku 2022 v\u00a0po\u010dtu\u00a0\u00a0\u00a0\u00a0\u00a0\u00a0\u00a0\u00a0\u00a0\u00a0\u00a0\u00a0 145,3 %<\/p>\n<p>N\u00e1r\u016fst oproti p\u0159\u00edr\u016fstku 2022 v\u00a0MWp\u00a0\u00a0\u00a0\u00a0\u00a0\u00a0\u00a0\u00a0\u00a0\u00a0\u00a0\u00a0 235,9 %<\/p>\n<p><strong>Nov\u00e9 FVE podle kraje<\/strong><\/p>\n<table>\n<thead>\n<tr>\n<td><strong>Kraj<\/strong><\/td>\n<td><strong>Po\u010det FVE<\/strong><\/td>\n<td><strong>\u00a0 V\u00fdkon nov\u00fdch FVE<\/strong><\/td>\n<\/tr>\n<\/thead>\n<tbody>\n<tr>\n<td>Hlavn\u00ed m\u011bsto Praha<\/td>\n<td>3 223<\/td>\n<td>34,6 MWp<\/td>\n<\/tr>\n<tr>\n<td>St\u0159edo\u010desk\u00fd kraj<\/td>\n<td>16 393<\/td>\n<td>168,8 MWp<\/td>\n<\/tr>\n<tr>\n<td>Plze\u0148sk\u00fd kraj<\/td>\n<td>4 888<\/td>\n<td>67,6 MWp<\/td>\n<\/tr>\n<tr>\n<td>\u00dasteck\u00fd kraj<\/td>\n<td>4 257<\/td>\n<td>46,8 MWp<\/td>\n<\/tr>\n<tr>\n<td>Libereck\u00fd kraj<\/td>\n<td>2 795<\/td>\n<td>35,1 MWp<\/td>\n<\/tr>\n<tr>\n<td>Karlovarsk\u00fd kraj<\/td>\n<td>1 356<\/td>\n<td>6,1 MWp<\/td>\n<\/tr>\n<tr>\n<td>Kr\u00e1lov\u00e9hradeck\u00fd kraj<\/td>\n<td>4 494<\/td>\n<td>57,7 MWp<\/td>\n<\/tr>\n<tr>\n<td>Pardubick\u00fd kraj<\/td>\n<td>4 199<\/td>\n<td>56,8 MWp<\/td>\n<\/tr>\n<tr>\n<td>Olomouck\u00fd kraj<\/td>\n<td>4 576<\/td>\n<td>58,4 MWp<\/td>\n<\/tr>\n<tr>\n<td>Moravskoslezsk\u00fd kraj<\/td>\n<td>8 027<\/td>\n<td>87,3 MWp<\/td>\n<\/tr>\n<tr>\n<td>Kraj Vyso\u010dina<\/td>\n<td>5 290<\/td>\n<td>60,8 MWp<\/td>\n<\/tr>\n<tr>\n<td>Zl\u00ednsk\u00fd kraj<\/td>\n<td>5 388<\/td>\n<td>65,8 MWp<\/td>\n<\/tr>\n<tr>\n<td>Jiho\u010desk\u00fd kraj<\/td>\n<td>6 856<\/td>\n<td>86,7 MWp<\/td>\n<\/tr>\n<tr>\n<td>Jihomoravsk\u00fd kraj<\/td>\n<td>11 048<\/td>\n<td>127,5 MWp<\/td>\n<\/tr>\n<\/tbody>\n<\/table>\n<p><strong>Zdroj: Sol\u00e1rn\u00ed asociace<\/strong><\/p>\n<p>Za poskytnut\u00ed dat d\u011bkuje SA Ministerstvu pr\u016fmyslu a obchodu, St\u00e1tn\u00edmu fondu \u017eivotn\u00edho prost\u0159ed\u00ed a spole\u010dnostem \u010cEZ Distribuce, EG.d a PRE Distribuce.<\/p>\n<p>&nbsp;<\/p>\n","protected":false},"excerpt":{"rendered":"<p>Sol\u00e1rn\u00ed sektor v roce 2023 v \u010cesku op\u011bt p\u0159idal na rychlosti. Podle dat Sol\u00e1rn\u00ed asociace&#8230;<\/p>\n","protected":false},"author":1,"featured_media":1054,"comment_status":"open","ping_status":"open","sticky":false,"template":"","format":"standard","meta":{"footnotes":""},"categories":[40,20],"tags":[],"class_list":["post-1341","post","type-post","status-publish","format-standard","has-post-thumbnail","hentry","category-technologie","category-tiskovky"],"_links":{"self":[{"href":"https:\/\/www.automakers.cz\/index.php?rest_route=\/wp\/v2\/posts\/1341","targetHints":{"allow":["GET"]}}],"collection":[{"href":"https:\/\/www.automakers.cz\/index.php?rest_route=\/wp\/v2\/posts"}],"about":[{"href":"https:\/\/www.automakers.cz\/index.php?rest_route=\/wp\/v2\/types\/post"}],"author":[{"embeddable":true,"href":"https:\/\/www.automakers.cz\/index.php?rest_route=\/wp\/v2\/users\/1"}],"replies":[{"embeddable":true,"href":"https:\/\/www.automakers.cz\/index.php?rest_route=%2Fwp%2Fv2%2Fcomments&post=1341"}],"version-history":[{"count":1,"href":"https:\/\/www.automakers.cz\/index.php?rest_route=\/wp\/v2\/posts\/1341\/revisions"}],"predecessor-version":[{"id":1342,"href":"https:\/\/www.automakers.cz\/index.php?rest_route=\/wp\/v2\/posts\/1341\/revisions\/1342"}],"wp:featuredmedia":[{"embeddable":true,"href":"https:\/\/www.automakers.cz\/index.php?rest_route=\/wp\/v2\/media\/1054"}],"wp:attachment":[{"href":"https:\/\/www.automakers.cz\/index.php?rest_route=%2Fwp%2Fv2%2Fmedia&parent=1341"}],"wp:term":[{"taxonomy":"category","embeddable":true,"href":"https:\/\/www.automakers.cz\/index.php?rest_route=%2Fwp%2Fv2%2Fcategories&post=1341"},{"taxonomy":"post_tag","embeddable":true,"href":"https:\/\/www.automakers.cz\/index.php?rest_route=%2Fwp%2Fv2%2Ftags&post=1341"}],"curies":[{"name":"wp","href":"https:\/\/api.w.org\/{rel}","templated":true}]}}