{"id":13411,"date":"2025-05-27T10:19:57","date_gmt":"2025-05-27T10:19:57","guid":{"rendered":"https:\/\/www.automakers.cz\/?p=13411"},"modified":"2025-05-27T10:19:57","modified_gmt":"2025-05-27T10:19:57","slug":"dieselgate-byvali-manazeri-vw-jdou-do-vezeni","status":"publish","type":"post","link":"https:\/\/www.automakers.cz\/?p=13411","title":{"rendered":"Dieselgate: b\u00fdval\u00ed mana\u017ee\u0159i VW jdou do v\u011bzen\u00ed"},"content":{"rendered":"<p><strong>Af\u00e9ra Diesselgate st\u00e1le nekon\u010d\u00ed. Zemsk\u00fd soud v Braunschweigu v pond\u011bl\u00ed poslal na n\u011bkolik let do v\u011bzen\u00ed dva b\u00fdval\u00e9 mana\u017eery Volkswagenu v souvislosti s emisn\u00edm skand\u00e1lem Dieselgate. Dal\u0161\u00ed dva byli rovn\u011b\u017e shled\u00e1ni vinn\u00fdmi, av\u0161ak vyv\u00e1zali s podm\u00edn\u011bn\u00fdmi tresty.<\/strong><!--more--><\/p>\n<p>Soud se \u010dtve\u0159ic\u00ed za\u010dal v roce 2021. Odd\u011blen\u00fd proces se pak vede s b\u00fdval\u00fdm \u0161\u00e9fem koncernu Martinem Winterkornem.<\/p>\n<div class=\"e_a7 speakable\" data-dot=\"mol-paragraph\">\n<p class=\"c_a7\"><span class=\"c_eU\">Za\u010d\u00e1tek p\u0159\u00edpadu se datuje od z\u00e1\u0159\u00ed 2015, kdy agentura pro \u017eivotn\u00ed prost\u0159ed\u00ed ve Spojen\u00fdch st\u00e1tech zjistila, \u017ee Volkswagen nainstaloval do sv\u00fdch dieselov\u00fdch aut podvodn\u00fd software, kter\u00fd fal\u0161oval v\u00fdsledky emisn\u00edch test\u016f. VW p\u0159iznal, \u017ee software instaloval do 11\u00a0milion\u016f naftov\u00fdch aut po cel\u00e9m sv\u011bt\u011b.<\/span><\/p>\n<\/div>\n<div class=\"e_a7 speakable\" data-dot=\"mol-paragraph\">\n<p class=\"c_a7\"><span class=\"c_eU\">Skand\u00e1l, pozd\u011bji celosv\u011btov\u011b zn\u00e1m\u00fd jako Dieselgate, uvrhl automobilku do hlubok\u00e9 krize. Z\u00e1jem o\u00a0jej\u00ed auta na naftov\u00fd pohon dlouhodob\u011b opadl. Nes\u010detn\u00e9 soudn\u00ed spory a\u00a0s t\u00edm spojen\u00e9 n\u00e1klady pak spole\u010dnost odhadla na v\u00edce ne\u017e 30\u00a0miliard eur (t\u00e9m\u011b\u0159 746\u00a0miliard K\u010d), uvedl server\u00a0<a class=\"c_ar\" href=\"https:\/\/www.dw.com\/en\/four-ex-vw-managers-guilty-of-fraud-over-diesel-test-scandal\/a-72667767\" target=\"_blank\" rel=\"noopener\" data-dot=\"atm-link\">Deutsche Welle<\/a>.<\/span><\/p>\n<\/div>\n<div class=\"e_a7 speakable\" data-dot=\"mol-paragraph\">\n<p class=\"c_a7\"><span class=\"c_eU\">\u0160\u00e9f koncernu Winterkorn rezignoval t\u00fdden pot\u00e9, co skand\u00e1l vypukl. P\u016fvodn\u011b m\u011bl usednout na lavici ob\u017ealovan\u00fdch spole\u010dn\u011b se \u010dtve\u0159ic\u00ed b\u00fdval\u00fdch mana\u017eer\u016f. Jeho p\u0159\u00edpad ale soud nakonec odd\u011blil. Proces za\u010dal loni v\u00a0z\u00e1\u0159\u00ed, u\u017e v\u00a0\u0159\u00edjnu byl ale kv\u016fli Winterkornovu zran\u011bn\u00ed p\u0159eru\u0161en. Zat\u00edm nen\u00ed jasn\u00e9, kdy by mohl pokra\u010dovat.<\/span><\/p>\n<\/div>\n<div class=\"e_a7 speakable\" data-dot=\"mol-paragraph\">\n<p class=\"c_a7\"><span class=\"c_eU\">Nyn\u00ed 78let\u00fd Winterkorn odm\u00edt\u00e1, \u017ee se na rozhodnut\u00ed instalovat do aut nez\u00e1konn\u00fd software pod\u00edlel, a tvrd\u00ed, \u017ee se o jeho pou\u017e\u00edv\u00e1n\u00ed dozv\u011bd\u011bl teprve kr\u00e1tce p\u0159edt\u00edm, ne\u017e af\u00e9ru odhalily americk\u00e9 \u00fa\u0159ady.<\/span><\/p>\n<p><strong>Zdroj: novinky.cz, Automotive News<\/strong><\/p>\n<\/div>\n<p>&nbsp;<\/p>\n","protected":false},"excerpt":{"rendered":"<p>Af\u00e9ra Diesselgate st\u00e1le nekon\u010d\u00ed. Zemsk\u00fd soud v Braunschweigu v pond\u011bl\u00ed poslal na n\u011bkolik let do&#8230;<\/p>\n","protected":false},"author":1,"featured_media":8871,"comment_status":"closed","ping_status":"closed","sticky":false,"template":"","format":"standard","meta":{"footnotes":""},"categories":[51,31],"tags":[],"class_list":["post-13411","post","type-post","status-publish","format-standard","has-post-thumbnail","hentry","category-kauza","category-news"],"_links":{"self":[{"href":"https:\/\/www.automakers.cz\/index.php?rest_route=\/wp\/v2\/posts\/13411","targetHints":{"allow":["GET"]}}],"collection":[{"href":"https:\/\/www.automakers.cz\/index.php?rest_route=\/wp\/v2\/posts"}],"about":[{"href":"https:\/\/www.automakers.cz\/index.php?rest_route=\/wp\/v2\/types\/post"}],"author":[{"embeddable":true,"href":"https:\/\/www.automakers.cz\/index.php?rest_route=\/wp\/v2\/users\/1"}],"replies":[{"embeddable":true,"href":"https:\/\/www.automakers.cz\/index.php?rest_route=%2Fwp%2Fv2%2Fcomments&post=13411"}],"version-history":[{"count":2,"href":"https:\/\/www.automakers.cz\/index.php?rest_route=\/wp\/v2\/posts\/13411\/revisions"}],"predecessor-version":[{"id":13413,"href":"https:\/\/www.automakers.cz\/index.php?rest_route=\/wp\/v2\/posts\/13411\/revisions\/13413"}],"wp:featuredmedia":[{"embeddable":true,"href":"https:\/\/www.automakers.cz\/index.php?rest_route=\/wp\/v2\/media\/8871"}],"wp:attachment":[{"href":"https:\/\/www.automakers.cz\/index.php?rest_route=%2Fwp%2Fv2%2Fmedia&parent=13411"}],"wp:term":[{"taxonomy":"category","embeddable":true,"href":"https:\/\/www.automakers.cz\/index.php?rest_route=%2Fwp%2Fv2%2Fcategories&post=13411"},{"taxonomy":"post_tag","embeddable":true,"href":"https:\/\/www.automakers.cz\/index.php?rest_route=%2Fwp%2Fv2%2Ftags&post=13411"}],"curies":[{"name":"wp","href":"https:\/\/api.w.org\/{rel}","templated":true}]}}