{"id":13415,"date":"2025-05-27T11:30:18","date_gmt":"2025-05-27T11:30:18","guid":{"rendered":"https:\/\/www.automakers.cz\/?p=13415"},"modified":"2025-05-27T11:30:18","modified_gmt":"2025-05-27T11:30:18","slug":"autosap-hlasi-dalsi-rekordni-mesic-vyroby-elektromobilu","status":"publish","type":"post","link":"https:\/\/www.automakers.cz\/?p=13415","title":{"rendered":"AutoSAP hl\u00e1s\u00ed dal\u0161\u00ed rekordn\u00ed m\u011bs\u00edc v\u00fdroby elektromobil\u016f"},"content":{"rendered":"<p><strong>V prvn\u00edch \u010dty\u0159ech m\u011bs\u00edc\u00edch bylo na link\u00e1ch tuzemsk\u00fdch v\u00fdrobc\u016f zkompletov\u00e1no celkem 490 868 osobn\u00edch vozidel, meziro\u010dn\u011b o 7,6 % m\u00e9n\u011b. Ni\u017e\u0161\u00ed produk\u010dn\u00ed v\u00fdsledky zaznamenal i segment motocykl\u016f s 238 kusy. N\u00e1r\u016fst v\u00fdroby naopak vyk\u00e1zaly autobusy, kter\u00fdch bylo zhotoveno celkem 1 714, meziro\u010dn\u011b o 13,7 % v\u00edce.<\/strong><!--more--><\/p>\n<p>Dynamick\u00fd n\u00e1r\u016fst evidujeme v produkci elektrick\u00fdch vozidel \u2013 t\u011bch bylo od ledna do dubna vyrobeno o 52 592 ks, tedy 133 %, v\u00edce ne\u017e ve stejn\u00e9m obdob\u00ed lo\u0148sk\u00e9ho roku. Z celkov\u00e9ho po\u010dtu 92 197 vozidel m\u011blo 71 465 \u010dist\u011b elektrick\u00fd a 20 732 plug-in<br \/>\nhybridn\u00ed pohon.<\/p>\n<p>\u201ePozvoln\u011bj\u0161\u00ed tempo tuzemsk\u00e9 v\u00fdroby nov\u00fdch osobn\u00edch automobil\u016f, reflektuj\u00edc\u00ed ochlazenou popt\u00e1vku na kl\u00ed\u010dov\u00fdch evropsk\u00fdch trz\u00edch, se propisuje do produk\u010dn\u00edch v\u00fdsledk\u016f prvn\u00edch \u010dty\u0159 m\u011bs\u00edc\u016f i samotn\u00e9ho dubna. I p\u0159esto zaznamen\u00e1v\u00e1 tuzemsk\u00fd autopr\u016fmysl dal\u0161\u00ed rekordn\u00ed hodnoty, tentokr\u00e1te v segmentu elektrick\u00fdch vozidel. S celkov\u00fdm po\u010dtem 27 094 vyroben\u00fdch elektromobil\u016f p\u0159ekon\u00e1v\u00e1 duben rekordn\u00ed v\u00fdsledky p\u0159edchoz\u00edho m\u011bs\u00edce, p\u0159i\u010dem\u017e vozidla s \u010dist\u011b elektrick\u00fdm nebo plug-in hybridn\u00edm pohonem tvo\u0159\u00ed v mladoboleslavsk\u00e9 \u0160kod\u011b Auto \u010dtvrtinu, v no\u0161ovick\u00e9m Hyundai dokonce t\u00e9m\u011b\u0159 t\u0159etinu z celkov\u00e9 produkce. Mezin\u00e1rodn\u00ed \u00fasp\u011bch a oblibu vozidel dom\u00e1c\u00edch v\u00fdrobc\u016f potvrzuje i dubnov\u00e9 prvenstv\u00ed SUV \u0160koda Elroq, kter\u00e9 se stalo nejprod\u00e1van\u011bj\u0161\u00edm elektrick\u00fdm vozidlem v Evrop\u011b,\u201c \u0159\u00edk\u00e1 Zden\u011bk Petzl, v\u00fdkonn\u00fd \u0159editel Sdru\u017een\u00ed automobilov\u00e9ho pr\u016fmyslu.<\/p>\n<figure id=\"attachment_3525\" aria-describedby=\"caption-attachment-3525\" style=\"width: 900px\" class=\"wp-caption alignnone\"><img loading=\"lazy\" decoding=\"async\" class=\"size-medium wp-image-3525\" src=\"http:\/\/www.automakers.cz\/wp-content\/uploads\/2024\/04\/Zdenek-Petzl_3-900x632.jpg\" alt=\"\" width=\"900\" height=\"632\" \/><figcaption id=\"caption-attachment-3525\" class=\"wp-caption-text\">V\u00fdkonn\u00fd \u0159editel AutoSAP Zden\u011bk Petzl<\/figcaption><\/figure>\n<p><strong>Osobn\u00ed vozidla<\/strong><br \/>\nOd za\u010d\u00e1tku roku do konce dubna bylo v \u010cesk\u00e9 republice vyrobeno 490 868 osobn\u00edch vozidel, tj. meziro\u010dn\u011b o 7,6 % m\u00e9n\u011b ne\u017e v prvn\u00edch \u010dty\u0159ech m\u011bs\u00edc\u00edch lo\u0148sk\u00e9ho roku. Elektrick\u00fdch vozidel bylo v dan\u00e9m obdob\u00ed zkompletov\u00e1no celkem 92 050 kus\u016f a jejich pod\u00edl na tuzemsk\u00e9 produkci automobil\u016f dosahoval 18,8 %. Celkem bylo vyrobeno 71 318 bateriov\u00fdch (BEV) a 20 732 plug-in hybridn\u00edch (PHEV) vozidel.<\/p>\n<p>Nejv\u011bt\u0161\u00ed tuzemsk\u00e1 automobilka \u0160koda Auto vyrobila v prvn\u00edch \u010dty\u0159ech m\u011bs\u00edc\u00edch ve sv\u00fdch tuzemsk\u00fdch z\u00e1vodech 316 145 osobn\u00edch automobil\u016f (-4,2 %). Elektrick\u00fdch voz\u016f (BEV a PHEV) bylo zhotoveno 68 089, tj. v\u00edce ne\u017e 21 % z celkov\u00e9 produkce zna\u010dky. Z toho bylo 57 971 vozidel \u010dist\u011b bateriov\u00fdch a 10 118 plug-in hybridn\u00edch.<\/p>\n<p>V no\u0161ovick\u00e9m z\u00e1vod\u011b automobilky Hyundai bylo za prvn\u00ed \u010dty\u0159i m\u011bs\u00edce vyrobeno celkem 97 340 vozidel, tj. o 17 % m\u00e9n\u011b ne\u017e ve stejn\u00e9m obdob\u00ed lo\u0148sk\u00e9ho roku. Z celkov\u00e9ho po\u010dtu vozidel m\u011blo 13 347 \u010dist\u011b elektrick\u00fd a 10 614 plug in hybridn\u00ed pohon. Celkov\u011b tak elektrick\u00e9 vozy tvo\u0159ily t\u00e9m\u011b\u0159 24,6 % celkov\u00e9 produkce.<\/p>\n<p>Tak\u00e9 v kol\u00ednsk\u00e9 Toyot\u011b byla produkce meziro\u010dn\u011b ni\u017e\u0161\u00ed. Vyrobeno bylo 77 383 automobil\u016f, tj. o 7,7 % m\u00e9n\u011b ne\u017e v lednu a\u017e dubnu 2024. V absolutn\u00edm vyj\u00e1d\u0159en\u00ed tedy bylo v Kol\u00edn\u011b ve zm\u00edn\u011bn\u00e9m obdob\u00ed vyrobeno o 6 497 osobn\u00edch automobil\u016f m\u00e9n\u011b. T\u00e9m\u011b\u0159 60 % z vyroben\u00fdch voz\u016f tvo\u0159ila vozidla hybridn\u00edho modelu Yaris HEV.<\/p>\n<p><strong>Autobusy<\/strong><br \/>\nV prvn\u00edch \u010dty\u0159ech m\u011bs\u00edc\u00edch 2025 vyrobili tuzem\u0161t\u00ed v\u00fdrobci o 207 autobus\u016f v\u00edce ne\u017e ve stejn\u00e9m obdob\u00ed lo\u0148sk\u00e9ho roku. Celkov\u00e1 hodnota v\u00fdroby \u010d\u00edtala 1 714 autobus\u016f. To p\u0159edstavuje 13,7% n\u00e1r\u016fst oproti p\u0159edchoz\u00edmu roku.<\/p>\n<p>Na meziro\u010dn\u00edm n\u00e1r\u016fstu po\u010dtu vyroben\u00fdch autobus\u016f se pod\u00edlelo zejm\u00e9na vysokom\u00fdtsk\u00e9 Iveco CR, kde bylo v dan\u00e9mkumulativn\u00edm obdob\u00ed vyrobeno celkem 1 659 autobus\u016f, tedy o 20,7 % v\u00edce ne\u017e ve stejn\u00e9m obdob\u00ed lo\u0148sk\u00e9ho roku. SOR Libchavy naopak zaznamenal v prvn\u00edch \u010dty\u0159ech m\u011bs\u00edc\u00edch tohoto roku ni\u017e\u0161\u00ed v\u00fdrobn\u00ed \u00fadaje na \u00farovni 47 autobus\u016f, tj. o 71 ks, pota\u017emo 60,2 % m\u00e9n\u011b ne\u017e vloni. Spole\u010dnost KHMC vyrobila v dan\u00e9m obdob\u00ed 8 minibus\u016f (-33,3 %).<\/p>\n<p>Segment bezemisn\u00edch autobus\u016f \u010d\u00edtal v prvn\u00edch \u010dty\u0159ech m\u011bs\u00edc\u00edch celkem 147 zhotoven\u00fdch autobus\u016f, z nich\u017e v\u0161echny m\u011bly \u010dist\u011b bateriov\u00fd pohon. Celkem 131 z nich bylo vyrobeno v Iveco CR, zbyl\u00fdch 16 v SOR.<\/p>\n<p><img loading=\"lazy\" decoding=\"async\" class=\"size-medium wp-image-2575\" src=\"http:\/\/www.automakers.cz\/wp-content\/uploads\/2024\/03\/Motosalon-Jawa-777x900.jpg\" alt=\"\" width=\"777\" height=\"900\" \/><\/p>\n<p><strong>Motocykly<\/strong><br \/>\nV\u00fdrobce Jawa v prvn\u00edch \u010dty\u0159ech m\u011bs\u00edc\u00edch roku vyrobil 238 motocykl\u016f, tedy o 70 ks m\u00e9n\u011b ne\u017e v minul\u00e9m roce (-22,7 %).<\/p>\n<p><strong>Zdroj: AutoSAP, Tom\u00e1\u0161 Jungwirth<\/strong><\/p>\n","protected":false},"excerpt":{"rendered":"<p>V prvn\u00edch \u010dty\u0159ech m\u011bs\u00edc\u00edch bylo na link\u00e1ch tuzemsk\u00fdch v\u00fdrobc\u016f zkompletov\u00e1no celkem 490 868 osobn\u00edch vozidel,&#8230;<\/p>\n","protected":false},"author":1,"featured_media":757,"comment_status":"closed","ping_status":"closed","sticky":false,"template":"","format":"standard","meta":{"footnotes":""},"categories":[31,10,18],"tags":[],"class_list":["post-13415","post","type-post","status-publish","format-standard","has-post-thumbnail","hentry","category-news","category-statistika","category-vyroba"],"_links":{"self":[{"href":"https:\/\/www.automakers.cz\/index.php?rest_route=\/wp\/v2\/posts\/13415","targetHints":{"allow":["GET"]}}],"collection":[{"href":"https:\/\/www.automakers.cz\/index.php?rest_route=\/wp\/v2\/posts"}],"about":[{"href":"https:\/\/www.automakers.cz\/index.php?rest_route=\/wp\/v2\/types\/post"}],"author":[{"embeddable":true,"href":"https:\/\/www.automakers.cz\/index.php?rest_route=\/wp\/v2\/users\/1"}],"replies":[{"embeddable":true,"href":"https:\/\/www.automakers.cz\/index.php?rest_route=%2Fwp%2Fv2%2Fcomments&post=13415"}],"version-history":[{"count":3,"href":"https:\/\/www.automakers.cz\/index.php?rest_route=\/wp\/v2\/posts\/13415\/revisions"}],"predecessor-version":[{"id":13418,"href":"https:\/\/www.automakers.cz\/index.php?rest_route=\/wp\/v2\/posts\/13415\/revisions\/13418"}],"wp:featuredmedia":[{"embeddable":true,"href":"https:\/\/www.automakers.cz\/index.php?rest_route=\/wp\/v2\/media\/757"}],"wp:attachment":[{"href":"https:\/\/www.automakers.cz\/index.php?rest_route=%2Fwp%2Fv2%2Fmedia&parent=13415"}],"wp:term":[{"taxonomy":"category","embeddable":true,"href":"https:\/\/www.automakers.cz\/index.php?rest_route=%2Fwp%2Fv2%2Fcategories&post=13415"},{"taxonomy":"post_tag","embeddable":true,"href":"https:\/\/www.automakers.cz\/index.php?rest_route=%2Fwp%2Fv2%2Ftags&post=13415"}],"curies":[{"name":"wp","href":"https:\/\/api.w.org\/{rel}","templated":true}]}}