{"id":13419,"date":"2025-05-27T14:18:11","date_gmt":"2025-05-27T14:18:11","guid":{"rendered":"https:\/\/www.automakers.cz\/?p=13419"},"modified":"2025-05-29T06:37:52","modified_gmt":"2025-05-29T06:37:52","slug":"prodeje-aut-v-eu-klesly-elektromobily-zvysily-podil","status":"publish","type":"post","link":"https:\/\/www.automakers.cz\/?p=13419","title":{"rendered":"Prodeje aut v EU stagnuj\u00ed, elektromobily zv\u00fd\u0161ily pod\u00edl (Koment\u00e1\u0159 \u010cT 24)"},"content":{"rendered":"<p><strong>V EU letos bylo (do konce dubna) registrov\u00e1no 3 640 211 nov\u00fdch osobn\u00edch vozidel (meziro\u010dn\u011b o 1,2 % m\u00e9n\u011b), zejm\u00e9na hlavn\u00ed trhy zaznamenaly pokles \u2013 Francie (-7,3 %), N\u011bmecko (-3,3 %) a It\u00e1lie (-0,6 %). V \u010cesku se po\u010det registrac\u00ed osobn\u00edch vozidel meziro\u010dn\u011b zv\u00fd\u0161il o 4,9 %.<\/strong><!--more--><\/p>\n<p>Bateriov\u00e9 elektromobily byly v zem\u00edch EU s pod\u00edlem 15,3 % t\u0159et\u00ed nejobl\u00edben\u011bj\u0161\u00ed z\u00e1kaznickou volbou, nejv\u00edce registrac\u00ed si p\u0159ipsaly hybridn\u00ed motorizace bez extern\u00edho dob\u00edjen\u00ed (35,3% pod\u00edl; meziro\u010dn\u011b +20,8 %), p\u0159ed benz\u00ednov\u00fdmi (28,6% pod\u00edl; meziro\u010dn\u011b -20,6 %), dieselov\u00e9 motorizace dos\u00e1hly pod\u00edlu 9,6 % (meziro\u010dn\u011b -26,4 %), plug-in hybridn\u00ed pak 7,9 % (meziro\u010dn\u011b +7,8 %).<\/p>\n<p><strong>V \u010cesk\u00e9 republice do\u0161lo v prvn\u00edch \u010dty\u0159ech m\u011bs\u00edc\u00edch leto\u0161n\u00edho roku k v\u00fdrazn\u00e9mu meziro\u010dn\u00edmu n\u00e1r\u016fstu registrac\u00ed nov\u00fdch osobn\u00edch bateriov\u00fdch elektrick\u00fdch vozidel (BEVs) \u2013 konkr\u00e9tn\u011b o 131,4 %. <\/strong><\/p>\n<p>Tento r\u016fst je v r\u00e1mci Evropsk\u00e9 unie nejvy\u0161\u0161\u00ed a \u0159ad\u00ed \u010cesko na prvn\u00ed m\u00edsto mezi \u010dlensk\u00fdmi st\u00e1ty. Pr\u016fm\u011brn\u00fd n\u00e1r\u016fst v EU p\u0159itom \u010dinil 26,4 %. V uveden\u00e9m obdob\u00ed bylo v \u010cesku registrov\u00e1no 4 342 BEVs, co\u017e p\u0159edstavuje 5,4 % v\u0161ech nov\u00fdch registrac\u00ed. V cel\u00e9 EU pak po\u010det nov\u011b registrovan\u00fdch BEVs dos\u00e1hl 558 262 vozidel s pod\u00edlem 15,3 %.<\/p>\n<p>Vypl\u00fdv\u00e1 to z aktualizovan\u00fdch informac\u00ed webu\u00a0<a title=\"\u010cist\u00e1 doprava\" href=\"https:\/\/go.sparkpostmail2.com\/f\/a\/tN0zM5zgcp1xiz6gN2tsBA~~\/AAA-fBA~\/pXd7HpgbywuqFWntOE311XLCijy8LVoePReiqU9LmHF0YYSVHQKqmDTigsXgt9nCuBehrMQ9emBdVvN0dcrGXpw2dHHxYsdFbakG5jFdrunw-Jwp5Ngoo0WhhBnP3afs\" target=\"_blank\" rel=\"noopener noreferrer\">cistadoprava.cz<\/a>, kter\u00e9 vych\u00e1zej\u00ed ze zdrojov\u00fdch dat\u00a0<a title=\"Evropsk\u00e9ho sdru\u017een\u00ed v\u00fdrobc\u016f automobil\u016f\" href=\"https:\/\/go.sparkpostmail2.com\/f\/a\/IN4maU8A8GMd7MZiwjUK3g~~\/AAA-fBA~\/kGe8QPAgEeFOLCN0oIAVsR7rDgw4Drkqz6OVMp4Tp1kEg2ewNyXmw027o2liNZOO7OddQrxs5fdvK1rxxHGzbW7rNPxYk0Wpg75UeUtzxJ6DGc-mYH2tSAXSHn6DR3zOg95e9uLiMpT6-Pu0uVgq4loh4K2v5T7bGMCMYPurZlY~\" target=\"_blank\" rel=\"noopener noreferrer\">Evropsk\u00e9ho sdru\u017een\u00ed v\u00fdrobc\u016f automobil\u016f<\/a>.<\/p>\n<p><iframe loading=\"lazy\"  id=\"_ytid_19486\"  width=\"640\" height=\"360\"  data-origwidth=\"640\" data-origheight=\"360\" src=\"https:\/\/www.youtube.com\/embed\/hntfvEk3yRg?enablejsapi=1&#038;autoplay=0&#038;cc_load_policy=0&#038;cc_lang_pref=&#038;iv_load_policy=1&#038;loop=0&#038;modestbranding=0&#038;rel=1&#038;fs=1&#038;playsinline=0&#038;autohide=2&#038;theme=dark&#038;color=red&#038;controls=1&#038;\" class=\"__youtube_prefs__  epyt-is-override  no-lazyload\" title=\"YouTube player\"  allow=\"accelerometer; autoplay; clipboard-write; encrypted-media; gyroscope; picture-in-picture\" allowfullscreen data-no-lazy=\"1\" data-skipgform_ajax_framebjll=\"\"><\/iframe><\/p>\n","protected":false},"excerpt":{"rendered":"<p>V EU letos bylo (do konce dubna) registrov\u00e1no 3 640 211 nov\u00fdch osobn\u00edch vozidel (meziro\u010dn\u011b&#8230;<\/p>\n","protected":false},"author":1,"featured_media":165,"comment_status":"closed","ping_status":"closed","sticky":false,"template":"","format":"standard","meta":{"footnotes":""},"categories":[48,10,66],"tags":[],"class_list":["post-13419","post","type-post","status-publish","format-standard","has-post-thumbnail","hentry","category-registrace","category-statistika","category-video"],"_links":{"self":[{"href":"https:\/\/www.automakers.cz\/index.php?rest_route=\/wp\/v2\/posts\/13419","targetHints":{"allow":["GET"]}}],"collection":[{"href":"https:\/\/www.automakers.cz\/index.php?rest_route=\/wp\/v2\/posts"}],"about":[{"href":"https:\/\/www.automakers.cz\/index.php?rest_route=\/wp\/v2\/types\/post"}],"author":[{"embeddable":true,"href":"https:\/\/www.automakers.cz\/index.php?rest_route=\/wp\/v2\/users\/1"}],"replies":[{"embeddable":true,"href":"https:\/\/www.automakers.cz\/index.php?rest_route=%2Fwp%2Fv2%2Fcomments&post=13419"}],"version-history":[{"count":5,"href":"https:\/\/www.automakers.cz\/index.php?rest_route=\/wp\/v2\/posts\/13419\/revisions"}],"predecessor-version":[{"id":13472,"href":"https:\/\/www.automakers.cz\/index.php?rest_route=\/wp\/v2\/posts\/13419\/revisions\/13472"}],"wp:featuredmedia":[{"embeddable":true,"href":"https:\/\/www.automakers.cz\/index.php?rest_route=\/wp\/v2\/media\/165"}],"wp:attachment":[{"href":"https:\/\/www.automakers.cz\/index.php?rest_route=%2Fwp%2Fv2%2Fmedia&parent=13419"}],"wp:term":[{"taxonomy":"category","embeddable":true,"href":"https:\/\/www.automakers.cz\/index.php?rest_route=%2Fwp%2Fv2%2Fcategories&post=13419"},{"taxonomy":"post_tag","embeddable":true,"href":"https:\/\/www.automakers.cz\/index.php?rest_route=%2Fwp%2Fv2%2Ftags&post=13419"}],"curies":[{"name":"wp","href":"https:\/\/api.w.org\/{rel}","templated":true}]}}