{"id":13425,"date":"2025-05-28T09:38:28","date_gmt":"2025-05-28T09:38:28","guid":{"rendered":"https:\/\/www.automakers.cz\/?p=13425"},"modified":"2025-05-28T09:38:28","modified_gmt":"2025-05-28T09:38:28","slug":"skoda-partnerem-mobility-zavodu-miru","status":"publish","type":"post","link":"https:\/\/www.automakers.cz\/?p=13425","title":{"rendered":"\u0160koda partnerem mobility Z\u00e1vodu m\u00edru"},"content":{"rendered":"<p><strong>\u0160koda Auto poprv\u00e9 podpo\u0159\u00ed Z\u00e1vod m\u00edru jako ofici\u00e1ln\u00ed partner mobility. Dvan\u00e1ct\u00fd ro\u010dn\u00edk obnoven\u00e9ho z\u00e1vodu op\u011bt p\u0159ivede do \u010ceska vych\u00e1zej\u00edc\u00ed hv\u011bzdy sv\u011btov\u00e9 silni\u010dn\u00ed cyklistiky, proto\u017ee od roku 2015 je sou\u010d\u00e1st\u00ed s\u00e9rie z\u00e1vod\u016f pro mlad\u00e9 jezdce Nations\u2019 Cup U23 pod z\u00e1\u0161titou Mezin\u00e1rodn\u00ed cyklistick\u00e9 federace. <\/strong><!--more--><\/p>\n<p>Na start se v minulosti postavily hv\u011bzdy sou\u010dasn\u00e9ho sv\u011btov\u00e9ho pelotonu jako Tadej Poga\u010dar, Tao Geoghegan Hart, Julian Alaphilippe nebo Marc Hirschi. Leto\u0161n\u00ed 12. ro\u010dn\u00edk \u010dty\u0159etapov\u00e9ho kl\u00e1n\u00ed se kon\u00e1 od 29. kv\u011btna do 1. \u010dervna a jeho d\u011bji\u0161t\u011bm budou trat\u011b v Jesen\u00edk\u00e1ch v\u010detn\u011b n\u00e1ro\u010dn\u00e9ho v\u00fdjezdu na Dlouh\u00e9 str\u00e1n\u011b.<\/p>\n<p><strong>\u0160koda Auto vstupuje do partnerstv\u00ed s dal\u0161\u00ed cyklistickou akc\u00ed<\/strong><\/p>\n<p>\u010cesk\u00e1 automobilka je letos poprv\u00e9 sou\u010d\u00e1st\u00ed Z\u00e1vodu m\u00edru jako ofici\u00e1ln\u00ed partner mobility. Organiz\u00e1tor\u016fm poskytne 24 elektrick\u00fdch a plug-in hybridn\u00edch voz\u016f \u0160koda. Pln\u011b elektrickou flotilu tvo\u0159\u00ed model Enyaq Sportline 85x, kter\u00fd bude v pelotonu vyhrazen pro \u0159editele z\u00e1vodu Leopolda K\u00f6niga, dva vozy Enyaq Coup\u00e9 Sportline a jeden Elroq. Nejv\u011bt\u0161\u00ed zastoupen\u00ed mezi plug-in hybridy bude m\u00edt s osmn\u00e1cti exempl\u00e1\u0159i \u0160koda Superb Combi Sportline iV, vozov\u00fd park dopln\u00ed je\u0161t\u011b dv\u011b SUV Kodiaq Sportline iV. Na startu jednotliv\u00fdch etap budou vystaveny vozy \u0160koda Enyaq Sportline jako statick\u00e9 expon\u00e1ty.<\/p>\n<p>Z\u00e1vod m\u00edru je i letos sou\u010d\u00e1st\u00ed elitn\u00edho seri\u00e1lu UCI Nations\u2019 Cup pro jezdce do 23 let. O jeho v\u00fdznamu sv\u011bd\u010d\u00ed fakt, \u017ee v roce 2018 si v Jesen\u00edk\u00e1ch pro \u017elut\u00fd trikot dojela nejv\u011bt\u0161\u00ed cyklistick\u00e1 hv\u011bzda sou\u010dasnosti Tadej Poga\u010dar. Z\u00e1vod m\u00edru navazuje na tradici p\u016fvodn\u00edho kl\u00e1n\u00ed stejn\u00e9ho jm\u00e9na, kter\u00e9 se b\u011bhem dlouh\u00e9 historie sahaj\u00edc\u00ed do roku 1948 vypracovalo mezi nejpopul\u00e1rn\u011bj\u0161\u00ed amat\u00e9rsk\u00e9 podniky na sv\u011bt\u011b. I v sou\u010dasn\u00e9 podob\u011b jde o t\u00fdmov\u00fd z\u00e1vod a na startu leto\u0161n\u00edho ro\u010dn\u00edku bude celkem 22 n\u00e1rodn\u00edch celk\u016f. \u010ceskou republiku reprezentuj\u00ed Pavel Nov\u00e1k, Tom\u00e1\u0161 P\u0159idal, Pavel \u0160ump\u00edk, Kry\u0161tof Kr\u00e1l, Maty\u00e1\u0161 Fiala, Daniel Mr\u00e1z a Martin B\u00e1rta.<\/p>\n<p><strong>N\u00e1ro\u010dn\u00e1 prov\u011brka nastupuj\u00edc\u00ed generace profesion\u00e1ln\u00edch cyklist\u016f v Jesen\u00edk\u00e1ch<\/strong><\/p>\n<p>Z\u00e1vod m\u00edru 2025 se stane zkou\u0161kou v\u0161estrannosti. M\u011b\u0159en\u00ed sil n\u00e1rodn\u00edch t\u00fdm\u016f se odehraje ve 4 etap\u00e1ch, kter\u00e9 v kopcovit\u00e9m ter\u00e9nu Jesen\u00edk\u016f prov\u011b\u0159\u00ed dovednosti nastupuj\u00edc\u00ed cyklistick\u00e9 elity. Peloton se p\u0159edstav\u00ed na trat\u00edch zn\u00e1m\u00fdch z lo\u0148sk\u00e9ho roku, podoba etap se v\u0161ak li\u0161\u00ed.<\/p>\n<p>Hned na \u00favod \u010dek\u00e1 jezdce 170 km dlouh\u00fd \u00fasek z Krnova do \u0160ternberku. Druh\u00fd den se pojede stejn\u011b jako loni z Uni\u010dova do R\u00fdma\u0159ova, trasa je ale o 33 km del\u0161\u00ed a jezdci nastoupaj\u00ed v\u00edce v\u00fd\u0161kov\u00fdch metr\u016f. T\u0159et\u00ed etapa zavede \u00fa\u010dastn\u00edky z\u00e1vodu na Dlouh\u00e9 str\u00e1n\u011b, po startu ze Z\u00e1b\u0159ehu absolvuj\u00ed porci 131 kilometr\u016f s p\u0159ev\u00fd\u0161en\u00edm 2 847 metr\u016f. Z\u00e1v\u011bre\u010dn\u00fd 121kilometrov\u00fd \u00fasek vede z Jesen\u00edku do \u0160umperku a z\u00e1vodn\u00edci v n\u011bm p\u0159ekonaj\u00ed 1 878 v\u00fd\u0161kov\u00fdch metr\u016f. Z\u00e1vod m\u011b\u0159\u00ed celkem 574 km a kumulovan\u00e9 p\u0159ev\u00fd\u0161en\u00ed \u010din\u00ed v\u00edce ne\u017e 9 000 metr\u016f.<\/p>\n<p><img loading=\"lazy\" decoding=\"async\" class=\"alignnone size-medium wp-image-5143\" src=\"http:\/\/www.automakers.cz\/wp-content\/uploads\/2024\/06\/240627_Main-partner-of-the-Tour-de-France-small-900x600.jpg\" alt=\"\" width=\"900\" height=\"600\" srcset=\"https:\/\/www.automakers.cz\/wp-content\/uploads\/2024\/06\/240627_Main-partner-of-the-Tour-de-France-small-900x600.jpg 900w, https:\/\/www.automakers.cz\/wp-content\/uploads\/2024\/06\/240627_Main-partner-of-the-Tour-de-France-small-1024x683.jpg 1024w, https:\/\/www.automakers.cz\/wp-content\/uploads\/2024\/06\/240627_Main-partner-of-the-Tour-de-France-small-768x512.jpg 768w, https:\/\/www.automakers.cz\/wp-content\/uploads\/2024\/06\/240627_Main-partner-of-the-Tour-de-France-small-1536x1024.jpg 1536w, https:\/\/www.automakers.cz\/wp-content\/uploads\/2024\/06\/240627_Main-partner-of-the-Tour-de-France-small-2048x1366.jpg 2048w\" sizes=\"auto, (max-width: 900px) 100vw, 900px\" \/><strong>\u0160koda Auto \u2013 partner cyklistiky<\/strong><\/p>\n<p>Spole\u010dnost \u0160koda Auto podporuje cyklistiku na v\u0161ech \u00farovn\u00edch dlouhodob\u011b. Nejnov\u011bj\u0161\u00edm po\u010dinem je dvoulet\u00fd sponzorsk\u00fd kontrakt s Mezin\u00e1rodn\u00ed cyklistickou federac\u00ed (UCI) pro Mistrovstv\u00ed sv\u011bta horsk\u00fdch kol (MTB) a Mistrovstv\u00ed sv\u011bta v gravelu. Vloni prodlou\u017eila do roku 2028 smlouvu s organizac\u00ed A.S.O., organiz\u00e1torem vrcholn\u00fdch z\u00e1vod\u016f v\u010detn\u011b Tour de France.<\/p>\n<p><img loading=\"lazy\" decoding=\"async\" class=\"alignnone size-medium wp-image-3666\" src=\"http:\/\/www.automakers.cz\/wp-content\/uploads\/2024\/04\/Skoda-Auto-hlavnim-partnerem-cyklistickeho-festivalu-small-1-2-900x600.jpg\" alt=\"\" width=\"900\" height=\"600\" srcset=\"https:\/\/www.automakers.cz\/wp-content\/uploads\/2024\/04\/Skoda-Auto-hlavnim-partnerem-cyklistickeho-festivalu-small-1-2-900x600.jpg 900w, https:\/\/www.automakers.cz\/wp-content\/uploads\/2024\/04\/Skoda-Auto-hlavnim-partnerem-cyklistickeho-festivalu-small-1-2-1024x683.jpg 1024w, https:\/\/www.automakers.cz\/wp-content\/uploads\/2024\/04\/Skoda-Auto-hlavnim-partnerem-cyklistickeho-festivalu-small-1-2-768x512.jpg 768w, https:\/\/www.automakers.cz\/wp-content\/uploads\/2024\/04\/Skoda-Auto-hlavnim-partnerem-cyklistickeho-festivalu-small-1-2-1536x1024.jpg 1536w, https:\/\/www.automakers.cz\/wp-content\/uploads\/2024\/04\/Skoda-Auto-hlavnim-partnerem-cyklistickeho-festivalu-small-1-2.jpg 2048w\" sizes=\"auto, (max-width: 900px) 100vw, 900px\" \/>Vedle toho \u0160koda podporuje i \u017eenskou Tour de France Femme avec Zwift a \u0159adu dal\u0161\u00edch slavn\u00fdch kl\u00e1n\u00ed, jako je La Vuelta nebo Valonsk\u00fd \u0161\u00edp. Z dom\u00e1c\u00edch podnik\u016f jde nap\u0159\u00edklad o L\u00b4Etape Czech Republic by Tour de France, s\u00e9rie pro amat\u00e9rsk\u00e9 jezdce a rodiny Kolo pro \u017eivot, Prima Cup \u010di Road Classics. J\u00edzdn\u00ed kola a p\u0159\u00edslu\u0161enstv\u00ed jsou dlouhodob\u011b rovn\u011b\u017e sou\u010d\u00e1st\u00ed \u0161ir\u0161\u00ed nab\u00eddky zna\u010dky \u0160koda.<\/p>\n<p><strong>Zdroj: \u0160koda Auto<\/strong><\/p>\n","protected":false},"excerpt":{"rendered":"<p>\u0160koda Auto poprv\u00e9 podpo\u0159\u00ed Z\u00e1vod m\u00edru jako ofici\u00e1ln\u00ed partner mobility. Dvan\u00e1ct\u00fd ro\u010dn\u00edk obnoven\u00e9ho z\u00e1vodu op\u011bt&#8230;<\/p>\n","protected":false},"author":2,"featured_media":13427,"comment_status":"closed","ping_status":"closed","sticky":false,"template":"","format":"standard","meta":{"footnotes":""},"categories":[29,70],"tags":[],"class_list":["post-13425","post","type-post","status-publish","format-standard","has-post-thumbnail","hentry","category-sponzoring","category-sport"],"_links":{"self":[{"href":"https:\/\/www.automakers.cz\/index.php?rest_route=\/wp\/v2\/posts\/13425","targetHints":{"allow":["GET"]}}],"collection":[{"href":"https:\/\/www.automakers.cz\/index.php?rest_route=\/wp\/v2\/posts"}],"about":[{"href":"https:\/\/www.automakers.cz\/index.php?rest_route=\/wp\/v2\/types\/post"}],"author":[{"embeddable":true,"href":"https:\/\/www.automakers.cz\/index.php?rest_route=\/wp\/v2\/users\/2"}],"replies":[{"embeddable":true,"href":"https:\/\/www.automakers.cz\/index.php?rest_route=%2Fwp%2Fv2%2Fcomments&post=13425"}],"version-history":[{"count":3,"href":"https:\/\/www.automakers.cz\/index.php?rest_route=\/wp\/v2\/posts\/13425\/revisions"}],"predecessor-version":[{"id":13438,"href":"https:\/\/www.automakers.cz\/index.php?rest_route=\/wp\/v2\/posts\/13425\/revisions\/13438"}],"wp:featuredmedia":[{"embeddable":true,"href":"https:\/\/www.automakers.cz\/index.php?rest_route=\/wp\/v2\/media\/13427"}],"wp:attachment":[{"href":"https:\/\/www.automakers.cz\/index.php?rest_route=%2Fwp%2Fv2%2Fmedia&parent=13425"}],"wp:term":[{"taxonomy":"category","embeddable":true,"href":"https:\/\/www.automakers.cz\/index.php?rest_route=%2Fwp%2Fv2%2Fcategories&post=13425"},{"taxonomy":"post_tag","embeddable":true,"href":"https:\/\/www.automakers.cz\/index.php?rest_route=%2Fwp%2Fv2%2Ftags&post=13425"}],"curies":[{"name":"wp","href":"https:\/\/api.w.org\/{rel}","templated":true}]}}