{"id":13426,"date":"2025-05-28T09:27:26","date_gmt":"2025-05-28T09:27:26","guid":{"rendered":"https:\/\/www.automakers.cz\/?p=13426"},"modified":"2025-05-28T09:28:41","modified_gmt":"2025-05-28T09:28:41","slug":"byd-odstartoval-cenovou-valku-v-cine","status":"publish","type":"post","link":"https:\/\/www.automakers.cz\/?p=13426","title":{"rendered":"BYD odstartoval cenovou v\u00e1lku v \u010c\u00edn\u011b"},"content":{"rendered":"<p class=\"c_a7 f_g4 speakable\" data-dot=\"ogm-article-perex\"><strong>Spole\u010dnost BYD, nejv\u011bt\u0161\u00ed prodejce autov \u010c\u00edn\u011b, se ve snaze rozh\u00fdbat popt\u00e1vku rozhodl zlevnit 22 elektrifikovan\u00fdch voz\u016f. Rozpoutal tak cenovou v\u00e1lku a srazila hodnotu svou i sv\u00fdch dom\u00e1c\u00edch konkurent\u016f. V \u010desku automobilka v \u010dervnu otev\u0159e prvn\u00ed showroom.<\/strong><!--more--><\/p>\n<div class=\"_67f5fff6d27cec3392ad16c3 ogm-container\">\n<div class=\"f_hf\" data-e2e=\"ogm-article-layout\">\n<article class=\"f_hh\" role=\"article\" aria-labelledby=\"accessibility-article\">\n<div class=\"f_hg\" data-dot=\"ogm-article-content\">\n<div class=\"e_ev e_eH\">\n<div class=\"e_a7 speakable\" data-dot=\"mol-paragraph\">\n<p>A\u010dkoliv je \u010c\u00edna nejv\u011bt\u0161\u00edm automobilov\u00fdm trhem sv\u011bta, kde se pod\u00edl elektrifikovan\u00fdch a\u00a0elektrick\u00fdch vozidel na prodej\u00edch pohybuje kolem poloviny, i\u00a0zde do\u0161lo k\u00a0pozvoln\u00e9mu ochlazen\u00ed popt\u00e1vky. A\u00a0to dokonce do t\u00e9 m\u00edry, \u017ee skladov\u00e9 z\u00e1soby v\u00a0dealerstv\u00edch dos\u00e1hly b\u011bhem minul\u00e9ho m\u011bs\u00edce hranice 3,5\u00a0milionu voz\u016f.<\/p>\n<p class=\"c_a7\"><span class=\"c_eU\">To se BYD, aktu\u00e1ln\u011b dominantn\u00ed hr\u00e1\u010d na \u010d\u00ednsk\u00e9m trhu, rozhodla vy\u0159e\u0161it slevou a\u017e na 22 elektrick\u00fdch a plug-in hybridn\u00edch model\u016f, kter\u00e1 by m\u011bla trvat a\u017e do konce \u010dervna, jak uv\u00e1d\u00ed <a class=\"c_ar\" href=\"https:\/\/finance.yahoo.com\/news\/chinese-ev-stocks-tumble-byd-053223229.html\" target=\"_blank\" rel=\"noopener\" data-dot=\"atm-link\">Bloomberg<\/a>.<\/span><\/p>\n<\/div>\n<div class=\"e_a7 speakable\" data-dot=\"mol-paragraph\">\n<p class=\"c_a7\"><span class=\"c_eU\">Sleva se p\u0159itom dot\u00fdk\u00e1 velmi pestr\u00e9 palety voz\u016f, v\u010detn\u011b mal\u00e9ho hatchbacku Seagull, kter\u00fd s\u00a0cenovkou 55\u00a0800\u00a0j\u00fcan\u016f (cca 169\u00a0700\u00a0K\u010d) pat\u0159\u00ed k\u00a0nejlevn\u011bj\u0161\u00edm model\u016fm na trhu. Nyn\u00ed je v\u0161ak dostupn\u00fd s\u00a020% slevou, tedy v\u00a0p\u0159epo\u010dtu za cca 135\u00a0800\u00a0K\u010d.<\/span><\/p>\n<\/div>\n<div class=\"e_a7 speakable\" data-dot=\"mol-paragraph\">\n<p class=\"c_a7\"><span class=\"c_eU\">Nejv\u011bt\u0161\u00ed slevu pak automobilka nab\u00edz\u00ed pro hybridn\u00ed sedan Seal, kter\u00fd zlevnil o 34 procent na 102 000 \u010d\u00ednsk\u00fdch j\u00fcan\u016f (v p\u0159epo\u010dtu cca 310 300 K\u010d). Zna\u010dka se u\u017e p\u0159itom i v p\u0159edchoz\u00edch m\u011bs\u00edc\u00edch pokou\u0161ela zbavit star\u0161\u00edch voz\u016f ze skladov\u00fdch z\u00e1sob, ke kter\u00fdm nap\u0159\u00edklad zdarma nab\u00edzela roz\u0161\u00ed\u0159en\u00ed nab\u00eddky asisten\u010dn\u00edch syst\u00e9m\u016f.<\/span><\/p>\n<\/div>\n<div class=\"e_a7 speakable\" data-dot=\"mol-paragraph\">\n<p class=\"c_a7\"><span class=\"c_eU\">Zlevn\u011bn\u00ed 22\u00a0model\u016f zna\u010dky BYD nyn\u00ed podle v\u0161eho vyvol\u00e1 dal\u0161\u00ed cenovou v\u00e1lku mezi elektrifikovan\u00fdmi vozy na \u010d\u00ednsk\u00e9m trhu, kter\u00e1 dopadne nejen na zahrani\u010dn\u00ed konkurenci, ale tak\u00e9 na dom\u00e1c\u00ed zna\u010dky. Ozn\u00e1men\u00ed slev se ostatn\u011b projevilo 8procentn\u00edm poklesem ceny akci\u00ed spole\u010dnosti BYD a\u00a0pokles zaznamenaly i\u00a0dal\u0161\u00ed \u010d\u00ednsk\u00e9 zna\u010dky.<\/span><\/p>\n<p><strong>Zdroj: novinky.cz, archiv, Auto UH<\/strong><\/p>\n<p><img loading=\"lazy\" decoding=\"async\" class=\"alignnone size-medium wp-image-12083\" src=\"http:\/\/www.automakers.cz\/wp-content\/uploads\/2025\/04\/BYD-Hermansky-podium-900x506.jpg\" alt=\"\" width=\"900\" height=\"506\" srcset=\"https:\/\/www.automakers.cz\/wp-content\/uploads\/2025\/04\/BYD-Hermansky-podium-900x506.jpg 900w, https:\/\/www.automakers.cz\/wp-content\/uploads\/2025\/04\/BYD-Hermansky-podium-1024x576.jpg 1024w, https:\/\/www.automakers.cz\/wp-content\/uploads\/2025\/04\/BYD-Hermansky-podium-768x432.jpg 768w, https:\/\/www.automakers.cz\/wp-content\/uploads\/2025\/04\/BYD-Hermansky-podium-1536x864.jpg 1536w, https:\/\/www.automakers.cz\/wp-content\/uploads\/2025\/04\/BYD-Hermansky-podium-1280x720.jpg 1280w, https:\/\/www.automakers.cz\/wp-content\/uploads\/2025\/04\/BYD-Hermansky-podium.jpg 2040w\" sizes=\"auto, (max-width: 900px) 100vw, 900px\" \/><strong>BYD se letos p\u0159edstavil \u010desk\u00e9mu publiku na jarn\u00ed akci ve Foru Karl\u00edn. V \u010cesku se objev\u00ed v \u010dervnu prvn\u00ed velk\u00fd showroom zna\u010dky. Otev\u0159e ho dealestv\u00ed Auto UH v Uhersk\u00e9m Hradi\u0161ti (vizualizace showroomu).<\/strong><\/p>\n<p><img loading=\"lazy\" decoding=\"async\" class=\"alignnone size-medium wp-image-13429\" src=\"http:\/\/www.automakers.cz\/wp-content\/uploads\/2025\/05\/Showroom-BYD-Uh.-Hradiste-900x450.jpg\" alt=\"\" width=\"900\" height=\"450\" \/><\/p>\n<\/div>\n<\/div>\n<\/div>\n<\/article>\n<\/div>\n<\/div>\n","protected":false},"excerpt":{"rendered":"<p>Spole\u010dnost BYD, nejv\u011bt\u0161\u00ed prodejce autov \u010c\u00edn\u011b, se ve snaze rozh\u00fdbat popt\u00e1vku rozhodl zlevnit 22 elektrifikovan\u00fdch&#8230;<\/p>\n","protected":false},"author":1,"featured_media":13374,"comment_status":"closed","ping_status":"closed","sticky":false,"template":"","format":"standard","meta":{"footnotes":""},"categories":[17,9,31],"tags":[],"class_list":["post-13426","post","type-post","status-publish","format-standard","has-post-thumbnail","hentry","category-dealeri","category-elektromobily","category-news"],"_links":{"self":[{"href":"https:\/\/www.automakers.cz\/index.php?rest_route=\/wp\/v2\/posts\/13426","targetHints":{"allow":["GET"]}}],"collection":[{"href":"https:\/\/www.automakers.cz\/index.php?rest_route=\/wp\/v2\/posts"}],"about":[{"href":"https:\/\/www.automakers.cz\/index.php?rest_route=\/wp\/v2\/types\/post"}],"author":[{"embeddable":true,"href":"https:\/\/www.automakers.cz\/index.php?rest_route=\/wp\/v2\/users\/1"}],"replies":[{"embeddable":true,"href":"https:\/\/www.automakers.cz\/index.php?rest_route=%2Fwp%2Fv2%2Fcomments&post=13426"}],"version-history":[{"count":3,"href":"https:\/\/www.automakers.cz\/index.php?rest_route=\/wp\/v2\/posts\/13426\/revisions"}],"predecessor-version":[{"id":13432,"href":"https:\/\/www.automakers.cz\/index.php?rest_route=\/wp\/v2\/posts\/13426\/revisions\/13432"}],"wp:featuredmedia":[{"embeddable":true,"href":"https:\/\/www.automakers.cz\/index.php?rest_route=\/wp\/v2\/media\/13374"}],"wp:attachment":[{"href":"https:\/\/www.automakers.cz\/index.php?rest_route=%2Fwp%2Fv2%2Fmedia&parent=13426"}],"wp:term":[{"taxonomy":"category","embeddable":true,"href":"https:\/\/www.automakers.cz\/index.php?rest_route=%2Fwp%2Fv2%2Fcategories&post=13426"},{"taxonomy":"post_tag","embeddable":true,"href":"https:\/\/www.automakers.cz\/index.php?rest_route=%2Fwp%2Fv2%2Ftags&post=13426"}],"curies":[{"name":"wp","href":"https:\/\/api.w.org\/{rel}","templated":true}]}}