{"id":13430,"date":"2025-05-29T06:04:35","date_gmt":"2025-05-29T06:04:35","guid":{"rendered":"https:\/\/www.automakers.cz\/?p=13430"},"modified":"2025-05-29T06:04:35","modified_gmt":"2025-05-29T06:04:35","slug":"kion-group-hlasi-zmeny-v-dozorci-rade","status":"publish","type":"post","link":"https:\/\/www.automakers.cz\/?p=13430","title":{"rendered":"KION Group hl\u00e1s\u00ed zm\u011bny v dozor\u010d\u00ed rad\u011b"},"content":{"rendered":"<p><strong>Dr. Mohsen Sohi je nov\u00fdm p\u0159edsedou dozor\u010d\u00ed rady spole\u010dnosti KION GROUP AG. Tento v\u00fdkonn\u00fd \u0159editel ve funkci nahrazuje Hanse Petera Ringa, kter\u00fd ode\u0161el do d\u016fchodu po uplynut\u00ed sv\u00e9ho funk\u010dn\u00edho obdob\u00ed s \u00fa\u010dinnost\u00ed ke konci \u0159\u00e1dn\u00e9 valn\u00e9 hromady.<\/strong><!--more--><\/p>\n<p>Dr. Sohi, narozen\u00fd v roce 1959, je v sou\u010dasnosti gener\u00e1ln\u00edm \u0159editelem spole\u010dnosti Freudenberg SE a mluv\u010d\u00edm p\u0159edstavenstva spole\u010dnosti Freudenberg &amp; Co. Kommanditgesellschaft. M\u00e1 rozs\u00e1hl\u00e9 zku\u0161enosti s \u0159\u00edzen\u00edm mezin\u00e1rodn\u011b orientovan\u00fdch podnik\u016f. D\u0159\u00edve p\u016fsobil jako prezident a gener\u00e1ln\u00ed \u0159editel spole\u010dnosti Freudenberg-NOK General Partnership v Plymouthu, Michigan (USA), a zast\u00e1val n\u011bkolik vedouc\u00edch mana\u017eersk\u00fdch pozic ve spole\u010dnostech NCR Corporation a Honeywell.<\/p>\n<p>Funk\u010dn\u00ed obdob\u00ed \u010dlen\u016f dozor\u010d\u00ed rady Jiang Kui, Dr. Christiny Reuter a Xu Pinga skon\u010dilo dne 27. kv\u011btna 2025. Jiang Kui byl zvolen na dal\u0161\u00ed funk\u010dn\u00ed obdob\u00ed. Krom\u011b toho rezignoval na svou funkci \u010dlena dozor\u010d\u00ed rady Dr. Nicolas Peter. Jmenov\u00e1n\u00ed Dr. Suna Shaojuna bylo potvrzeno hlasov\u00e1n\u00edm akcion\u00e1\u0159\u016f.<\/p>\n<p>Nov\u00fdmi \u010dleny dozor\u010d\u00ed rady byli zvoleni Sherry A. Aaholm, d\u0159\u00edve Chief Digital Officer ve spole\u010dnosti Cummins Inc. a Chief Information Officer ve FedEx Services, Zhang Xiaomei, z\u00e1stupkyn\u011b \u0159editele pro pr\u00e1vn\u00ed z\u00e1le\u017eitosti a compliance ve spole\u010dnosti Weichai Power, a Peter Kameritsch, finan\u010dn\u00ed \u0159editel spole\u010dnosti MTU Aero Engines AG, kter\u00fd z\u00e1rove\u0148 p\u0159evezme p\u0159edsednictv\u00ed ve v\u00fdboru pro audit.<\/p>\n<p>\u201eTato volba zajist\u00ed, \u017ee dozor\u010d\u00ed rada bude i nad\u00e1le konstruktivn\u011b podporovat strategick\u00e9 sm\u011b\u0159ov\u00e1n\u00ed spole\u010dnosti na jej\u00ed cest\u011b k \u00fasp\u011b\u0161n\u00e9 realizaci strategie odoln\u00e9ho r\u016fstu v dob\u011b geopolitick\u00e9 a ekonomick\u00e9 nejistoty,\u201c uvedl Hans Peter Ring.<\/p>\n<p><strong>Spole\u010dnost KION p\u016fsob\u00ed v samotn\u00e9m st\u0159edu glob\u00e1ln\u00edch dodavatelsk\u00fdch \u0159et\u011bzc\u016f<\/strong><\/p>\n<p>Ve sv\u00e9m projevu uvedl gener\u00e1ln\u00ed \u0159editel Rob Smith, \u017ee spole\u010dnost KION napl\u0148uje svou strategii, posiluje inova\u010dn\u00ed kapacity, urychluje v\u00fdvoj produkt\u016f a vyu\u017e\u00edv\u00e1 nov\u00e9 technologie, jako je um\u011bl\u00e1 inteligence, ve prosp\u011bch sv\u00fdch z\u00e1kazn\u00edk\u016f.<\/p>\n<p>\u201eKION formuje glob\u00e1ln\u00ed obchod \u2013 na celosv\u011btov\u00e9, region\u00e1ln\u00ed i m\u00edstn\u00ed \u00farovni. I v dob\u011b nejistoty jsme v samotn\u00e9m st\u0159edu sv\u011btov\u00fdch dodavatelsk\u00fdch \u0159et\u011bzc\u016f. Zaji\u0161\u0165ujeme, aby dodavatelsk\u00e9 \u0159et\u011bzce dos\u00e1hly sv\u00e9ho pln\u00e9ho potenci\u00e1lu: rychl\u00e9ho, efektivn\u00edho, inteligentn\u00edho, udr\u017eiteln\u00e9ho a odoln\u00e9ho.\u201c Smith se ohl\u00e9dl za finan\u010dn\u00edm rokem 2024.<\/p>\n<p>V souvislosti s makroekonomickou volatilitou a obchodn\u00edmi konflikty doplnil: \u201eNa\u0161e segmenty Industrial Trucks &amp; Services a Supply Chain Solutions poh\u00e1n\u011bj\u00ed n\u00e1\u0161 r\u016fst d\u00edky hlubok\u00e9 znalosti region\u00e1ln\u00edch a m\u00edstn\u00edch trh\u016f. Vyr\u00e1b\u00edme m\u00edstn\u011b pro m\u00edstn\u00ed trhy i m\u00edstn\u011b pro glob\u00e1ln\u00ed pot\u0159eby \u2013 v\u017edy bl\u00edzko na\u0161im z\u00e1kazn\u00edk\u016fm v ka\u017ed\u00e9m regionu \u2013 a jsme tak dob\u0159e p\u0159ipraveni na m\u011bn\u00edc\u00ed se geopolitick\u00e9 sc\u00e9n\u00e1\u0159e.\u201c<\/p>\n<p><strong>N\u00e1vrhy dozor\u010d\u00ed rady a p\u0159edstavenstva byly schv\u00e1leny v\u011bt\u0161inov\u00fdm hlasov\u00e1n\u00edm<\/strong><\/p>\n<p>P\u0159ibli\u017en\u011b 120 akcion\u00e1\u0159\u016f na \u0159\u00e1dn\u00e9 valn\u00e9 hromad\u011b zastupovalo v\u00edce ne\u017e 80 procent z\u00e1kladn\u00edho kapit\u00e1lu. V\u011bt\u0161ina akcion\u00e1\u0159\u016f schv\u00e1lila v\u0161echny n\u00e1vrhy p\u0159edlo\u017een\u00e9 dozor\u010d\u00ed radou a p\u0159edstavenstvem, v\u010detn\u011b v\u00fdplaty dividendy ve v\u00fd\u0161i 0,82\u202feur na akcii (v p\u0159edchoz\u00edm roce 0,70\u202feur na akcii), co\u017e odpov\u00edd\u00e1 v\u00fdplatn\u00edmu pom\u011bru p\u0159ibli\u017en\u011b 30 procent.<\/p>\n<p><strong>Smlouva CPSO Valerie Gargiulo prodlou\u017eena<\/strong><\/p>\n<p>Dozor\u010d\u00ed rada spole\u010dnosti KION prodlou\u017eila smlouvu Chief People and Sustainability Officer Valerie Gargiulo do dubna 2030. \u201ePokra\u010duj\u00edc\u00ed veden\u00ed Valerie Gargiulo posiluje z\u00e1vazek spole\u010dnosti KION v\u016f\u010di na\u0161im zam\u011bstnanc\u016fm i v\u016f\u010di udr\u017eiteln\u00e9 budoucnosti. Na z\u00e1klad\u011b agendy KION v oblasti lidsk\u00fdch zdroj\u016f a udr\u017eitelnosti bude nad\u00e1le pokra\u010dovat v nastaven\u00e9m sm\u011bru \u2013 posilovat d\u016fv\u011bryhodn\u00e9 vztahy se soci\u00e1ln\u00edmi partnery a profilovat na\u0161i spole\u010dnost jako udr\u017eiteln\u00e9ho l\u00eddra t\u00edm, \u017ee prom\u011bn\u00ed z\u00e1vazky v konkr\u00e9tn\u00ed pozitivn\u00ed dopad,\u201c uvedl Hans Peter Ring, p\u0159edseda dozor\u010d\u00ed rady.<\/p>\n<p>Valeria Gargiulo ve spole\u010dnosti KION zodpov\u00edd\u00e1 za oblast lidsk\u00fdch zdroj\u016f nap\u0159\u00ed\u010d celou skupinou, d\u00e1le za oblast zdrav\u00ed a bezpe\u010dnosti pr\u00e1ce a za udr\u017eitelnost. Ve sv\u00e9 roli CPSO se zam\u011b\u0159uje na z\u00edsk\u00e1v\u00e1n\u00ed a intenzivn\u00ed rozvoj talent\u016f po cel\u00e9m sv\u011bt\u011b, na vybaven\u00ed intern\u00edch t\u00fdm\u016f v\u0161emi pot\u0159ebn\u00fdmi dovednostmi a na dal\u0161\u00ed rozvoj inkluzivn\u00ed firemn\u00ed kultury, kter\u00e1 podporuje anga\u017eovanost zam\u011bstnanc\u016f a odemyk\u00e1 jejich dlouhodob\u00fd potenci\u00e1l.<\/p>\n<p><img loading=\"lazy\" decoding=\"async\" class=\"alignnone size-medium wp-image-9391\" src=\"http:\/\/www.automakers.cz\/wp-content\/uploads\/2024\/12\/KION_Linde-EMEA_Vyrobni-zavod-Stribro-Ostrov-u-Stribra_CZ-1-900x597.jpg\" alt=\"\" width=\"900\" height=\"597\" srcset=\"https:\/\/www.automakers.cz\/wp-content\/uploads\/2024\/12\/KION_Linde-EMEA_Vyrobni-zavod-Stribro-Ostrov-u-Stribra_CZ-1-900x597.jpg 900w, https:\/\/www.automakers.cz\/wp-content\/uploads\/2024\/12\/KION_Linde-EMEA_Vyrobni-zavod-Stribro-Ostrov-u-Stribra_CZ-1-1024x679.jpg 1024w, https:\/\/www.automakers.cz\/wp-content\/uploads\/2024\/12\/KION_Linde-EMEA_Vyrobni-zavod-Stribro-Ostrov-u-Stribra_CZ-1-768x509.jpg 768w, https:\/\/www.automakers.cz\/wp-content\/uploads\/2024\/12\/KION_Linde-EMEA_Vyrobni-zavod-Stribro-Ostrov-u-Stribra_CZ-1-1536x1018.jpg 1536w, https:\/\/www.automakers.cz\/wp-content\/uploads\/2024\/12\/KION_Linde-EMEA_Vyrobni-zavod-Stribro-Ostrov-u-Stribra_CZ-1.jpg 1920w\" sizes=\"auto, (max-width: 900px) 100vw, 900px\" \/><\/p>\n","protected":false},"excerpt":{"rendered":"<p>Dr. Mohsen Sohi je nov\u00fdm p\u0159edsedou dozor\u010d\u00ed rady spole\u010dnosti KION GROUP AG. Tento v\u00fdkonn\u00fd \u0159editel&#8230;<\/p>\n","protected":false},"author":2,"featured_media":13434,"comment_status":"closed","ping_status":"closed","sticky":false,"template":"","format":"standard","meta":{"footnotes":""},"categories":[43,6,5],"tags":[],"class_list":["post-13430","post","type-post","status-publish","format-standard","has-post-thumbnail","hentry","category-logistika","category-management","category-personalie"],"_links":{"self":[{"href":"https:\/\/www.automakers.cz\/index.php?rest_route=\/wp\/v2\/posts\/13430","targetHints":{"allow":["GET"]}}],"collection":[{"href":"https:\/\/www.automakers.cz\/index.php?rest_route=\/wp\/v2\/posts"}],"about":[{"href":"https:\/\/www.automakers.cz\/index.php?rest_route=\/wp\/v2\/types\/post"}],"author":[{"embeddable":true,"href":"https:\/\/www.automakers.cz\/index.php?rest_route=\/wp\/v2\/users\/2"}],"replies":[{"embeddable":true,"href":"https:\/\/www.automakers.cz\/index.php?rest_route=%2Fwp%2Fv2%2Fcomments&post=13430"}],"version-history":[{"count":5,"href":"https:\/\/www.automakers.cz\/index.php?rest_route=\/wp\/v2\/posts\/13430\/revisions"}],"predecessor-version":[{"id":13452,"href":"https:\/\/www.automakers.cz\/index.php?rest_route=\/wp\/v2\/posts\/13430\/revisions\/13452"}],"wp:featuredmedia":[{"embeddable":true,"href":"https:\/\/www.automakers.cz\/index.php?rest_route=\/wp\/v2\/media\/13434"}],"wp:attachment":[{"href":"https:\/\/www.automakers.cz\/index.php?rest_route=%2Fwp%2Fv2%2Fmedia&parent=13430"}],"wp:term":[{"taxonomy":"category","embeddable":true,"href":"https:\/\/www.automakers.cz\/index.php?rest_route=%2Fwp%2Fv2%2Fcategories&post=13430"},{"taxonomy":"post_tag","embeddable":true,"href":"https:\/\/www.automakers.cz\/index.php?rest_route=%2Fwp%2Fv2%2Ftags&post=13430"}],"curies":[{"name":"wp","href":"https:\/\/api.w.org\/{rel}","templated":true}]}}