{"id":13441,"date":"2025-05-28T09:47:54","date_gmt":"2025-05-28T09:47:54","guid":{"rendered":"https:\/\/www.automakers.cz\/?p=13441"},"modified":"2025-05-29T06:11:43","modified_gmt":"2025-05-29T06:11:43","slug":"antonio-filosa-novym-sefem-stellantisu","status":"publish","type":"post","link":"https:\/\/www.automakers.cz\/?p=13441","title":{"rendered":"Antonio Filosa nov\u00fdm \u0161\u00e9fem Stellantisu"},"content":{"rendered":"<p><strong>Automobilovou skupinu <span class=\"highlight-query highlight-E1id3 highlight-E4id1 highlight-E1M highlight-E4M\">Stellantis<\/span> povede <span class=\"highlight-E5id3 highlight-E5M\">Ital<\/span> Antonio Filosa, kter\u00fd dosud \u0159\u00eddil jej\u00ed aktivity v Severn\u00ed a <span class=\"highlight-E0id0 highlight-E0M\">Ji\u017en\u00ed<\/span> <span class=\"highlight-E0id0 highlight-E0M\">Americe<\/span>. Filosa v \u010dele podniku nahrad\u00ed <span class=\"highlight-E2id1 highlight-E2M\">Carlose<\/span> <span class=\"highlight-E2id1 highlight-E2M\">Tavarese<\/span>.<\/strong><!--more--><\/p>\n<p>Ten z firmy ode\u0161el loni v prosinci pot\u00e9, co pokles zisk\u016f a tr\u017eeb vyvolal pochybnosti ohledn\u011b jeho zp\u016fsobu \u0159\u00edzen\u00ed, napsala <span class=\"highlight-E4id0 highlight-E1id0 highlight-E4M highlight-E1M\">agentura<\/span> <span class=\"highlight-E1id0 highlight-E4id0 highlight-E1M highlight-E4M\">Reuters<\/span>. Jednapades\u00e1tilet\u00fd Filosa se veden\u00ed skupiny <span class=\"highlight-query highlight-E4id1 highlight-E1id3 highlight-E4M highlight-E1M\">Stellantis<\/span> ujme 23. \u010dervna. Po Tavaresov\u011b rezignaci firmu prozat\u00edmn\u011b \u0159\u00edd\u00ed <span class=\"highlight-E5id1 highlight-E5M\">p\u0159edseda<\/span> jej\u00ed spr\u00e1vn\u00ed rady <span class=\"highlight-E2id0 highlight-E2M\">John<\/span> <span class=\"highlight-E2id0 highlight-E2M\">Elkann<\/span> z rodiny Agnelliov\u00fdch. Ta zalo\u017eila italskou automobilku <span class=\"highlight-E1id2 highlight-E4id1 highlight-E1M highlight-E4M\">Fiat<\/span>, kter\u00e1 je nyn\u00ed sou\u010d\u00e1st\u00ed skupiny <span class=\"highlight-query highlight-E4id1 highlight-E1id3 highlight-E4M highlight-E1M\">Stellantis<\/span>.<\/p>\n<p><img loading=\"lazy\" decoding=\"async\" class=\"alignnone size-full wp-image-13456\" src=\"http:\/\/www.automakers.cz\/wp-content\/uploads\/2025\/05\/John-Elkann-Antonio-Filosa-Sterling-Heights-Assembly-Plant-Visit-Feb-3-2025.png\" alt=\"\" width=\"800\" height=\"532\" srcset=\"https:\/\/www.automakers.cz\/wp-content\/uploads\/2025\/05\/John-Elkann-Antonio-Filosa-Sterling-Heights-Assembly-Plant-Visit-Feb-3-2025.png 800w, https:\/\/www.automakers.cz\/wp-content\/uploads\/2025\/05\/John-Elkann-Antonio-Filosa-Sterling-Heights-Assembly-Plant-Visit-Feb-3-2025-768x511.png 768w\" sizes=\"auto, (max-width: 800px) 100vw, 800px\" \/><\/p>\n<p>\u201eSpr\u00e1vn\u00ed rada vybrala <strong>Antonia Filosu<\/strong> na pozici <span class=\"highlight-E5id2 highlight-E5M\">v\u00fdkonn\u00e9ho<\/span> <span class=\"highlight-E5id2 highlight-E5M\">\u0159editele<\/span> na z\u00e1klad\u011b jeho prokazateln\u00fdch \u00fasp\u011bch\u016f b\u011bhem v\u00edce ne\u017e 25 let p\u016fsoben\u00ed v automobilov\u00e9m pr\u016fmyslu,\u201c uvedla spole\u010dnost <span class=\"highlight-query highlight-E4id1 highlight-E1id3 highlight-E4M highlight-E1M\">Stellantis<\/span> v tiskov\u00e9 zpr\u00e1v\u011b.<\/p>\n<p><img loading=\"lazy\" decoding=\"async\" class=\"alignnone size-medium wp-image-13453\" src=\"http:\/\/www.automakers.cz\/wp-content\/uploads\/2025\/05\/Antonio-Filosa1-600x900.jpg\" alt=\"\" width=\"600\" height=\"900\" srcset=\"https:\/\/www.automakers.cz\/wp-content\/uploads\/2025\/05\/Antonio-Filosa1-600x900.jpg 600w, https:\/\/www.automakers.cz\/wp-content\/uploads\/2025\/05\/Antonio-Filosa1-683x1024.jpg 683w, https:\/\/www.automakers.cz\/wp-content\/uploads\/2025\/05\/Antonio-Filosa1-768x1152.jpg 768w, https:\/\/www.automakers.cz\/wp-content\/uploads\/2025\/05\/Antonio-Filosa1-1024x1536.jpg 1024w, https:\/\/www.automakers.cz\/wp-content\/uploads\/2025\/05\/Antonio-Filosa1-1365x2048.jpg 1365w, https:\/\/www.automakers.cz\/wp-content\/uploads\/2025\/05\/Antonio-Filosa1-scaled.jpg 1707w\" sizes=\"auto, (max-width: 600px) 100vw, 600px\" \/><\/p>\n<p>Skupina <span class=\"highlight-query highlight-E4id1 highlight-E1id3 highlight-E4M highlight-E1M\">Stellantis<\/span> vznikla za\u010d\u00e1tkem roku 2021 spojen\u00edm italsko-americk\u00e9 automobilov\u00e9 skupiny <span class=\"highlight-E4id1 highlight-E1id1 highlight-E4M highlight-E1M\">Fiat<\/span> <span class=\"highlight-E1id1 highlight-E4id1 highlight-E1M highlight-E4M\">Chrysler<\/span> <span class=\"highlight-E4id1 highlight-E1id1 highlight-E4M highlight-E1M\">Automobiles<\/span> (<span class=\"highlight-E1id1 highlight-E4id1 highlight-E1M highlight-E4M\">FCA<\/span>) a francouzsk\u00e9ho konkurenta PSA. V lo\u0148sk\u00e9m roce se skupin\u011b <span class=\"highlight-query highlight-E4id1 highlight-E1id3 highlight-E4M highlight-E1M\">Stellantis<\/span> propadl \u010dist\u00fd zisk o 70 procent na 5,5 miliardy eur (zhruba 137 miliard korun). Jej\u00ed tr\u017eby se loni sn\u00ed\u017eily o 17 procent na 156,9 miliardy eur.<\/p>\n<p><strong>Zdroj: Automotive News Europe<\/strong><\/p>\n","protected":false},"excerpt":{"rendered":"<p>Automobilovou skupinu Stellantis povede Ital Antonio Filosa, kter\u00fd dosud \u0159\u00eddil jej\u00ed aktivity v Severn\u00ed a&#8230;<\/p>\n","protected":false},"author":1,"featured_media":9370,"comment_status":"closed","ping_status":"closed","sticky":false,"template":"","format":"standard","meta":{"footnotes":""},"categories":[6,5],"tags":[],"class_list":["post-13441","post","type-post","status-publish","format-standard","has-post-thumbnail","hentry","category-management","category-personalie"],"_links":{"self":[{"href":"https:\/\/www.automakers.cz\/index.php?rest_route=\/wp\/v2\/posts\/13441","targetHints":{"allow":["GET"]}}],"collection":[{"href":"https:\/\/www.automakers.cz\/index.php?rest_route=\/wp\/v2\/posts"}],"about":[{"href":"https:\/\/www.automakers.cz\/index.php?rest_route=\/wp\/v2\/types\/post"}],"author":[{"embeddable":true,"href":"https:\/\/www.automakers.cz\/index.php?rest_route=\/wp\/v2\/users\/1"}],"replies":[{"embeddable":true,"href":"https:\/\/www.automakers.cz\/index.php?rest_route=%2Fwp%2Fv2%2Fcomments&post=13441"}],"version-history":[{"count":4,"href":"https:\/\/www.automakers.cz\/index.php?rest_route=\/wp\/v2\/posts\/13441\/revisions"}],"predecessor-version":[{"id":13457,"href":"https:\/\/www.automakers.cz\/index.php?rest_route=\/wp\/v2\/posts\/13441\/revisions\/13457"}],"wp:featuredmedia":[{"embeddable":true,"href":"https:\/\/www.automakers.cz\/index.php?rest_route=\/wp\/v2\/media\/9370"}],"wp:attachment":[{"href":"https:\/\/www.automakers.cz\/index.php?rest_route=%2Fwp%2Fv2%2Fmedia&parent=13441"}],"wp:term":[{"taxonomy":"category","embeddable":true,"href":"https:\/\/www.automakers.cz\/index.php?rest_route=%2Fwp%2Fv2%2Fcategories&post=13441"},{"taxonomy":"post_tag","embeddable":true,"href":"https:\/\/www.automakers.cz\/index.php?rest_route=%2Fwp%2Fv2%2Ftags&post=13441"}],"curies":[{"name":"wp","href":"https:\/\/api.w.org\/{rel}","templated":true}]}}