{"id":13445,"date":"2025-05-28T10:04:39","date_gmt":"2025-05-28T10:04:39","guid":{"rendered":"https:\/\/www.automakers.cz\/?p=13445"},"modified":"2025-05-29T09:31:59","modified_gmt":"2025-05-29T09:31:59","slug":"slavia-pojistila-letosni-vystavu-legendy","status":"publish","type":"post","link":"https:\/\/www.automakers.cz\/?p=13445","title":{"rendered":"Lubor Kos pojistil v\u00fdstavu Legendy u Slavie"},"content":{"rendered":"<p><strong><b>Slavia poji\u0161\u0165ovna bude op\u011bt partnerem pod\u00edvan\u00e9 Legendy, kter\u00e1 startuje v p\u00e1tek. Stane se pojistitelem v\u0161ech expon\u00e1t\u016f <\/b><\/strong><strong><b>a po\u0159adateli bude kr\u00fdt z\u00e1da v p\u0159\u00edpad\u011b \u017eiveln\u00fdch ud\u00e1lost\u00ed, zahrnuj\u00edc\u00edch po\u017e\u00e1r, vich\u0159ici <\/b><\/strong><strong><b>a p\u00e1d p\u0159edm\u011btu, ale tak\u00e9 p\u0159i vandalismu, kr\u00e1de\u017e\u00edch a odpov\u011bdnostn\u00edch \u0161kod\u00e1ch.<\/b><\/strong><!--more--><\/p>\n<p>\u201eP\u0159edt\u00edm, ne\u017e si expon\u00e1ty za\u010dnou prohl\u00ed\u017eet prvn\u00ed n\u00e1v\u0161t\u011bvn\u00edci, mus\u00edme v\u0161echna auta nafotit a ud\u011blat jejich p\u0159esnou dokumentaci, kter\u00e1 pak slou\u017e\u00ed k p\u0159\u00edpadn\u00e9 likvidaci \u0161kod,\u201c \u0159\u00edk\u00e1 vedouc\u00ed likvidace pojistn\u00fdch ud\u00e1lost\u00ed motorov\u00fdch vozidel ve Slavia poji\u0161\u0165ovn\u011b Radek Ambler. Z\u00e1stupci poji\u0161\u0165ovny proto obejdou stovky vozidel a vytvo\u0159\u00ed tis\u00edce sn\u00edmk\u016f, kter\u00e9 zachyt\u00ed jejich stav p\u0159ed zah\u00e1jen\u00edm v\u00fdstavy.<\/p>\n<figure id=\"attachment_13026\" aria-describedby=\"caption-attachment-13026\" style=\"width: 900px\" class=\"wp-caption alignnone\"><img loading=\"lazy\" decoding=\"async\" class=\"size-medium wp-image-13026\" src=\"http:\/\/www.automakers.cz\/wp-content\/uploads\/2025\/05\/Pavilon-PRIM-Grand-Prix-Legendy-2024-900x599.jpg\" alt=\"\" width=\"900\" height=\"599\" srcset=\"https:\/\/www.automakers.cz\/wp-content\/uploads\/2025\/05\/Pavilon-PRIM-Grand-Prix-Legendy-2024-900x599.jpg 900w, https:\/\/www.automakers.cz\/wp-content\/uploads\/2025\/05\/Pavilon-PRIM-Grand-Prix-Legendy-2024-1024x681.jpg 1024w, https:\/\/www.automakers.cz\/wp-content\/uploads\/2025\/05\/Pavilon-PRIM-Grand-Prix-Legendy-2024-768x511.jpg 768w, https:\/\/www.automakers.cz\/wp-content\/uploads\/2025\/05\/Pavilon-PRIM-Grand-Prix-Legendy-2024-1536x1021.jpg 1536w, https:\/\/www.automakers.cz\/wp-content\/uploads\/2025\/05\/Pavilon-PRIM-Grand-Prix-Legendy-2024.jpg 1800w\" sizes=\"auto, (max-width: 900px) 100vw, 900px\" \/><figcaption id=\"caption-attachment-13026\" class=\"wp-caption-text\"><strong>Legendy 2025 se uskute\u010dn\u00ed od p\u00e1tku 30. kv\u011btna do ned\u011ble 1. \u010dervna<\/strong><\/figcaption><\/figure>\n<p><strong>Zdroj: Slavia, V\u00e1clav B\u00e1lek<\/strong><\/p>\n","protected":false},"excerpt":{"rendered":"<p>Slavia poji\u0161\u0165ovna bude op\u011bt partnerem pod\u00edvan\u00e9 Legendy, kter\u00e1 startuje v p\u00e1tek. Stane se pojistitelem v\u0161ech&#8230;<\/p>\n","protected":false},"author":1,"featured_media":13447,"comment_status":"closed","ping_status":"closed","sticky":false,"template":"","format":"standard","meta":{"footnotes":""},"categories":[35,34,8],"tags":[],"class_list":["post-13445","post","type-post","status-publish","format-standard","has-post-thumbnail","hentry","category-pojisteni","category-veterani","category-vystavy"],"_links":{"self":[{"href":"https:\/\/www.automakers.cz\/index.php?rest_route=\/wp\/v2\/posts\/13445","targetHints":{"allow":["GET"]}}],"collection":[{"href":"https:\/\/www.automakers.cz\/index.php?rest_route=\/wp\/v2\/posts"}],"about":[{"href":"https:\/\/www.automakers.cz\/index.php?rest_route=\/wp\/v2\/types\/post"}],"author":[{"embeddable":true,"href":"https:\/\/www.automakers.cz\/index.php?rest_route=\/wp\/v2\/users\/1"}],"replies":[{"embeddable":true,"href":"https:\/\/www.automakers.cz\/index.php?rest_route=%2Fwp%2Fv2%2Fcomments&post=13445"}],"version-history":[{"count":6,"href":"https:\/\/www.automakers.cz\/index.php?rest_route=\/wp\/v2\/posts\/13445\/revisions"}],"predecessor-version":[{"id":13487,"href":"https:\/\/www.automakers.cz\/index.php?rest_route=\/wp\/v2\/posts\/13445\/revisions\/13487"}],"wp:featuredmedia":[{"embeddable":true,"href":"https:\/\/www.automakers.cz\/index.php?rest_route=\/wp\/v2\/media\/13447"}],"wp:attachment":[{"href":"https:\/\/www.automakers.cz\/index.php?rest_route=%2Fwp%2Fv2%2Fmedia&parent=13445"}],"wp:term":[{"taxonomy":"category","embeddable":true,"href":"https:\/\/www.automakers.cz\/index.php?rest_route=%2Fwp%2Fv2%2Fcategories&post=13445"},{"taxonomy":"post_tag","embeddable":true,"href":"https:\/\/www.automakers.cz\/index.php?rest_route=%2Fwp%2Fv2%2Ftags&post=13445"}],"curies":[{"name":"wp","href":"https:\/\/api.w.org\/{rel}","templated":true}]}}