{"id":1348,"date":"2024-01-11T09:41:20","date_gmt":"2024-01-11T09:41:20","guid":{"rendered":"https:\/\/www.automakers.cz\/?p=1348"},"modified":"2024-01-11T10:29:43","modified_gmt":"2024-01-11T10:29:43","slug":"opel-bilancoval-rok-2023-v-tancicim-dome","status":"publish","type":"post","link":"https:\/\/www.automakers.cz\/?p=1348","title":{"rendered":"Opel bilancoval rok 2023 v Tan\u010d\u00edc\u00edm dom\u011b"},"content":{"rendered":"<p class=\"xmprfx_MsoNormal\"><strong>\u0160\u00e9f \u010desk\u00e9ho zastoupen\u00ed automobilky Opel Josef \u0160op\u00edk sezval 10. ledna \u0161\u00e9fredaktory motoristick\u00fdch m\u00e9di\u00ed na novoro\u010dn\u00ed ob\u011bd do restaurace Ginger &amp; Fred v pra\u017esk\u00e9m Tan\u010d\u00edc\u00edm dom\u011b. O \u010dem \u0161la \u0159e\u010d?<\/strong><!--more--><\/p>\n<p class=\"xmprfx_MsoNormal\">&#8222;Sezvali jsme novin\u00e1\u0159skou extraligu k p\u0159\u00edjemn\u00e9mu posezen\u00ed a debat\u011b o tom co se n\u00e1m v uplynul\u00e9m roce povedlo, co t\u0159eba trochu sk\u0159\u00edpalo a co n\u00e1s v\u0161echny asi \u010dek\u00e1 letos,&#8220; otev\u0159el diskusi mluv\u010d\u00ed zna\u010dky Martin Hejral.<\/p>\n<p>Opel loni v osobn\u00edch vozech nepat\u0159il do import\u00e9rsk\u00e9 TOP 10, tam kopaly extraligu jin\u00e9 zna\u010dky.<\/p>\n<p>&#8222;V prodeji n\u00e1m chyb\u011blo 1000 aut z v\u00fdroby, ale povedly se n\u00e1m u\u017eitk\u00e1\u010de, kde m\u016f\u017eeme ohl\u00e1sit historicky nejlep\u0161\u00ed \u010d\u00edslo. V segmentu jsme skon\u010dili na 4. m\u00edst\u011b za Fordem o pouh\u00fdch zhruba 60 aut,&#8220; \u0159ekl \u0160op\u00edk.<\/p>\n<p>(Podle SDA loni Opel registroval 2346 LUV a dos\u00e1hl tr\u017en\u00edho pod\u00edklu v segmentu 10,3 %)<\/p>\n<p>Jak to bude letos? &#8222;Prodejci Opelu u\u017e maj\u00ed na showroomech Astru ST, hlavn\u00ed premi\u00e9rou budou n\u00e1stupci Crosslandu a Grandlandu ze segmentu SUV-B a SUV C,&#8220; slibuje \u0160op\u00edk.<\/p>\n<p><strong>Erich Handl, Tan\u010d\u00edc\u00ed d\u016fm<\/strong><\/p>\n<figure id=\"attachment_1354\" aria-describedby=\"caption-attachment-1354\" style=\"width: 900px\" class=\"wp-caption alignnone\"><img loading=\"lazy\" decoding=\"async\" class=\"size-medium wp-image-1354\" src=\"http:\/\/www.automakers.cz\/wp-content\/uploads\/2024\/01\/Opel-Sarka-Rejlek-900x675.jpg\" alt=\"\" width=\"900\" height=\"675\" srcset=\"https:\/\/www.automakers.cz\/wp-content\/uploads\/2024\/01\/Opel-Sarka-Rejlek-900x675.jpg 900w, https:\/\/www.automakers.cz\/wp-content\/uploads\/2024\/01\/Opel-Sarka-Rejlek-1024x768.jpg 1024w, https:\/\/www.automakers.cz\/wp-content\/uploads\/2024\/01\/Opel-Sarka-Rejlek-768x576.jpg 768w, https:\/\/www.automakers.cz\/wp-content\/uploads\/2024\/01\/Opel-Sarka-Rejlek-1536x1152.jpg 1536w, https:\/\/www.automakers.cz\/wp-content\/uploads\/2024\/01\/Opel-Sarka-Rejlek.jpg 2040w\" sizes=\"auto, (max-width: 900px) 100vw, 900px\" \/><figcaption id=\"caption-attachment-1354\" class=\"wp-caption-text\"><strong>Novin\u00e1\u0159i mohli na akci pohovo\u0159it i se \u0161\u00e9fkou marketingu Opelu \u0160\u00e1rkou \u0160m\u00eddovou<\/strong><\/figcaption><\/figure>\n","protected":false},"excerpt":{"rendered":"<p>\u0160\u00e9f \u010desk\u00e9ho zastoupen\u00ed automobilky Opel Josef \u0160op\u00edk sezval 10. ledna \u0161\u00e9fredaktory motoristick\u00fdch m\u00e9di\u00ed na novoro\u010dn\u00ed&#8230;<\/p>\n","protected":false},"author":1,"featured_media":1360,"comment_status":"open","ping_status":"open","sticky":false,"template":"","format":"standard","meta":{"footnotes":""},"categories":[11,20],"tags":[],"class_list":["post-1348","post","type-post","status-publish","format-standard","has-post-thumbnail","hentry","category-importeri","category-tiskovky"],"_links":{"self":[{"href":"https:\/\/www.automakers.cz\/index.php?rest_route=\/wp\/v2\/posts\/1348","targetHints":{"allow":["GET"]}}],"collection":[{"href":"https:\/\/www.automakers.cz\/index.php?rest_route=\/wp\/v2\/posts"}],"about":[{"href":"https:\/\/www.automakers.cz\/index.php?rest_route=\/wp\/v2\/types\/post"}],"author":[{"embeddable":true,"href":"https:\/\/www.automakers.cz\/index.php?rest_route=\/wp\/v2\/users\/1"}],"replies":[{"embeddable":true,"href":"https:\/\/www.automakers.cz\/index.php?rest_route=%2Fwp%2Fv2%2Fcomments&post=1348"}],"version-history":[{"count":10,"href":"https:\/\/www.automakers.cz\/index.php?rest_route=\/wp\/v2\/posts\/1348\/revisions"}],"predecessor-version":[{"id":1363,"href":"https:\/\/www.automakers.cz\/index.php?rest_route=\/wp\/v2\/posts\/1348\/revisions\/1363"}],"wp:featuredmedia":[{"embeddable":true,"href":"https:\/\/www.automakers.cz\/index.php?rest_route=\/wp\/v2\/media\/1360"}],"wp:attachment":[{"href":"https:\/\/www.automakers.cz\/index.php?rest_route=%2Fwp%2Fv2%2Fmedia&parent=1348"}],"wp:term":[{"taxonomy":"category","embeddable":true,"href":"https:\/\/www.automakers.cz\/index.php?rest_route=%2Fwp%2Fv2%2Fcategories&post=1348"},{"taxonomy":"post_tag","embeddable":true,"href":"https:\/\/www.automakers.cz\/index.php?rest_route=%2Fwp%2Fv2%2Ftags&post=1348"}],"curies":[{"name":"wp","href":"https:\/\/api.w.org\/{rel}","templated":true}]}}