{"id":13539,"date":"2025-06-02T07:40:35","date_gmt":"2025-06-02T07:40:35","guid":{"rendered":"https:\/\/www.automakers.cz\/?p=13539"},"modified":"2025-06-02T07:56:39","modified_gmt":"2025-06-02T07:56:39","slug":"dedecek-automobil-mel-finale-v-senatu","status":"publish","type":"post","link":"https:\/\/www.automakers.cz\/?p=13539","title":{"rendered":"D\u011bde\u010dek automobil m\u011bl fin\u00e1le v Sen\u00e1tu"},"content":{"rendered":"<p><strong>Veter\u00e1nsk\u00e1 anketa D\u011bde\u010dek automobil vyhl\u00e1sila 27. kv\u011btna sv\u00e9 v\u00fdsledky v Sen\u00e1tu PC\u0158 a organiz\u00e1tor sout\u011b\u017ee Svatopluk Holata slavnostn\u011b p\u0159edal ocen\u011bn\u00ed v\u00edt\u011bz\u016fm jednotliv\u00fdch kategori\u00ed.<\/strong><!--more--><\/p>\n<p><strong><b>V hlavn\u00ed kategorii D\u011bde\u010dek automobil se absoulutn\u00edm v\u00edt\u011bzem stal<\/b><\/strong><strong><b>o<\/b><\/strong><strong><b>\u00a0historick<\/b><\/strong><strong><b>\u00e9<\/b><\/strong><strong><b>\u00a0vozidl<\/b><\/strong><strong><b>o JAWA 600 Minor roadster r.v. 1939<\/b><\/strong><strong><b>. Cenu p\u0159edal majiteli vozidla tajemn\u00edk SDA Josef Pokorn\u00fd.<br \/>\n<\/b><\/strong><\/p>\n<p><img loading=\"lazy\" decoding=\"async\" class=\"alignnone size-medium wp-image-13544\" src=\"http:\/\/www.automakers.cz\/wp-content\/uploads\/2025\/06\/Dedecek-senat-cena-Pokorny-900x714.jpg\" alt=\"\" width=\"900\" height=\"714\" srcset=\"https:\/\/www.automakers.cz\/wp-content\/uploads\/2025\/06\/Dedecek-senat-cena-Pokorny-900x714.jpg 900w, https:\/\/www.automakers.cz\/wp-content\/uploads\/2025\/06\/Dedecek-senat-cena-Pokorny-1024x812.jpg 1024w, https:\/\/www.automakers.cz\/wp-content\/uploads\/2025\/06\/Dedecek-senat-cena-Pokorny-768x609.jpg 768w, https:\/\/www.automakers.cz\/wp-content\/uploads\/2025\/06\/Dedecek-senat-cena-Pokorny-1536x1218.jpg 1536w, https:\/\/www.automakers.cz\/wp-content\/uploads\/2025\/06\/Dedecek-senat-cena-Pokorny.jpg 2048w\" sizes=\"auto, (max-width: 900px) 100vw, 900px\" \/>U kategorie D\u011bde\u010dek sympatie (moninace stejn\u00e9 pro hlavn\u00ed kategorii D\u011bde\u010dek automobil) <strong><b>nebylo<\/b><\/strong><strong><b>\u00a0ve\u0159ejn\u00e9 hlasov\u00e1n\u00ed <\/b><\/strong><strong><b>spu\u0161t\u011bno.<\/b><\/strong><\/p>\n<p><strong>Kategorie Veter\u00e1nsk\u00e1 akce roku<\/strong><\/p>\n<p><strong><b>Titul a ocen\u011bn\u00ed v kategorii Veter\u00e1nsk\u00e1 akce roku z\u00edsk\u00e1v\u00e1 akce <\/b><\/strong><strong><b>BRNO-Sob\u011b\u0161ice <\/b><\/strong><strong><b>Oldtimer<\/b><\/strong><strong><b>\u00a0<\/b><\/strong><strong><b>po\u0159\u00e1dan\u00e1 <\/b><\/strong><strong><b>Veteran Automoto clubem Brno.<\/b><\/strong><\/p>\n<p>Kategorie Osobnost veteranismu<\/p>\n<p><strong><b>Titul a ocen\u011bn\u00ed v kategorii Osobnost veteranismu <\/b><\/strong><strong><b>z\u00edskal <\/b><\/strong><strong><b>Branko Remek (na sn\u00edmku t\u0159et\u00ed zleva)<\/b><\/strong><strong><b>. V nominac\u00edch byl ozna\u010dov\u00e1n sl<\/b><\/strong><strong><b>o<\/b><\/strong><strong><b>vy <\/b><\/strong><strong><b>expert, publicita, pedagog a \u010dinovn\u00edk.<\/b><\/strong><\/p>\n<p><img loading=\"lazy\" decoding=\"async\" class=\"alignnone size-medium wp-image-13546\" src=\"http:\/\/www.automakers.cz\/wp-content\/uploads\/2025\/06\/Dedecek-Senat-Pokorny-900x628.jpg\" alt=\"\" width=\"900\" height=\"628\" srcset=\"https:\/\/www.automakers.cz\/wp-content\/uploads\/2025\/06\/Dedecek-Senat-Pokorny-900x628.jpg 900w, https:\/\/www.automakers.cz\/wp-content\/uploads\/2025\/06\/Dedecek-Senat-Pokorny-1024x714.jpg 1024w, https:\/\/www.automakers.cz\/wp-content\/uploads\/2025\/06\/Dedecek-Senat-Pokorny-768x536.jpg 768w, https:\/\/www.automakers.cz\/wp-content\/uploads\/2025\/06\/Dedecek-Senat-Pokorny-1536x1071.jpg 1536w, https:\/\/www.automakers.cz\/wp-content\/uploads\/2025\/06\/Dedecek-Senat-Pokorny.jpg 2048w\" sizes=\"auto, (max-width: 900px) 100vw, 900px\" \/>Ceny v\u00edt\u011bz\u016fm v\u011bnovala spole\u010dnost Alcar Bohemia, m\u011bsto Liberec, Technick\u00e9 muzeum Liberec, Botanick\u00e1 zahrada Liberec, vydavatelstv\u00ed Automakers, Karel Wallstein aj.<\/p>\n<p><img loading=\"lazy\" decoding=\"async\" class=\"alignnone size-medium wp-image-13543\" src=\"http:\/\/www.automakers.cz\/wp-content\/uploads\/2025\/06\/Dedecek-Senat-Rajdl-900x678.jpg\" alt=\"\" width=\"900\" height=\"678\" srcset=\"https:\/\/www.automakers.cz\/wp-content\/uploads\/2025\/06\/Dedecek-Senat-Rajdl-900x678.jpg 900w, https:\/\/www.automakers.cz\/wp-content\/uploads\/2025\/06\/Dedecek-Senat-Rajdl-1024x771.jpg 1024w, https:\/\/www.automakers.cz\/wp-content\/uploads\/2025\/06\/Dedecek-Senat-Rajdl-768x578.jpg 768w, https:\/\/www.automakers.cz\/wp-content\/uploads\/2025\/06\/Dedecek-Senat-Rajdl-1536x1157.jpg 1536w, https:\/\/www.automakers.cz\/wp-content\/uploads\/2025\/06\/Dedecek-Senat-Rajdl.jpg 2048w\" sizes=\"auto, (max-width: 900px) 100vw, 900px\" \/>Projekt byl podpo\u0159en\u00a0m\u011bstem Liberec\u00a0a vznikl za v\u00fdzna\u010dn\u00e9 podpory Sen\u00e1tu P\u010cR, Syndik\u00e1tu novin\u00e1\u0159\u016f \u010cR, SDA\u00a0a dal\u0161\u00edch.<\/p>\n<p><strong>Zdroj: Svatopluk Holata, v.r.<\/strong><\/p>\n<p><strong>Fotografie Franti\u0161ek Jir\u00e1sek a Erich Handl<\/strong><\/p>\n<p><img loading=\"lazy\" decoding=\"async\" class=\"alignnone size-medium wp-image-13414\" src=\"http:\/\/www.automakers.cz\/wp-content\/uploads\/2025\/05\/Dedecek-Senat-Praga-orez-900x644.jpg\" alt=\"\" width=\"900\" height=\"644\" srcset=\"https:\/\/www.automakers.cz\/wp-content\/uploads\/2025\/05\/Dedecek-Senat-Praga-orez-900x644.jpg 900w, https:\/\/www.automakers.cz\/wp-content\/uploads\/2025\/05\/Dedecek-Senat-Praga-orez-1024x733.jpg 1024w, https:\/\/www.automakers.cz\/wp-content\/uploads\/2025\/05\/Dedecek-Senat-Praga-orez-768x550.jpg 768w, https:\/\/www.automakers.cz\/wp-content\/uploads\/2025\/05\/Dedecek-Senat-Praga-orez-1536x1099.jpg 1536w, https:\/\/www.automakers.cz\/wp-content\/uploads\/2025\/05\/Dedecek-Senat-Praga-orez.jpg 1610w\" sizes=\"auto, (max-width: 900px) 100vw, 900px\" \/><\/p>\n","protected":false},"excerpt":{"rendered":"<p>Veter\u00e1nsk\u00e1 anketa D\u011bde\u010dek automobil vyhl\u00e1sila 27. kv\u011btna sv\u00e9 v\u00fdsledky v Sen\u00e1tu PC\u0158 a organiz\u00e1tor sout\u011b\u017ee&#8230;<\/p>\n","protected":false},"author":1,"featured_media":13444,"comment_status":"closed","ping_status":"closed","sticky":false,"template":"","format":"standard","meta":{"footnotes":""},"categories":[32,26,34],"tags":[],"class_list":["post-13539","post","type-post","status-publish","format-standard","has-post-thumbnail","hentry","category-ankety","category-eventy","category-veterani"],"_links":{"self":[{"href":"https:\/\/www.automakers.cz\/index.php?rest_route=\/wp\/v2\/posts\/13539","targetHints":{"allow":["GET"]}}],"collection":[{"href":"https:\/\/www.automakers.cz\/index.php?rest_route=\/wp\/v2\/posts"}],"about":[{"href":"https:\/\/www.automakers.cz\/index.php?rest_route=\/wp\/v2\/types\/post"}],"author":[{"embeddable":true,"href":"https:\/\/www.automakers.cz\/index.php?rest_route=\/wp\/v2\/users\/1"}],"replies":[{"embeddable":true,"href":"https:\/\/www.automakers.cz\/index.php?rest_route=%2Fwp%2Fv2%2Fcomments&post=13539"}],"version-history":[{"count":6,"href":"https:\/\/www.automakers.cz\/index.php?rest_route=\/wp\/v2\/posts\/13539\/revisions"}],"predecessor-version":[{"id":13548,"href":"https:\/\/www.automakers.cz\/index.php?rest_route=\/wp\/v2\/posts\/13539\/revisions\/13548"}],"wp:featuredmedia":[{"embeddable":true,"href":"https:\/\/www.automakers.cz\/index.php?rest_route=\/wp\/v2\/media\/13444"}],"wp:attachment":[{"href":"https:\/\/www.automakers.cz\/index.php?rest_route=%2Fwp%2Fv2%2Fmedia&parent=13539"}],"wp:term":[{"taxonomy":"category","embeddable":true,"href":"https:\/\/www.automakers.cz\/index.php?rest_route=%2Fwp%2Fv2%2Fcategories&post=13539"},{"taxonomy":"post_tag","embeddable":true,"href":"https:\/\/www.automakers.cz\/index.php?rest_route=%2Fwp%2Fv2%2Ftags&post=13539"}],"curies":[{"name":"wp","href":"https:\/\/api.w.org\/{rel}","templated":true}]}}