{"id":13556,"date":"2025-06-03T06:20:18","date_gmt":"2025-06-03T06:20:18","guid":{"rendered":"https:\/\/www.automakers.cz\/?p=13556"},"modified":"2025-06-03T06:20:18","modified_gmt":"2025-06-03T06:20:18","slug":"kuehnenagel-slavi-rok-provozu-ve-zdicich","status":"publish","type":"post","link":"https:\/\/www.automakers.cz\/?p=13556","title":{"rendered":"Kuehne+Nagel slav\u00ed rok provozu ve Zdic\u00edch"},"content":{"rendered":"<p><strong>Mezin\u00e1rodn\u00ed logistick\u00e1 spole\u010dnost Kuehne+Nagel slav\u00ed prvn\u00ed v\u00fdro\u010d\u00ed otev\u0159en\u00ed cross-dock termin\u00e1lu ve Zdic\u00edch ve St\u0159edo\u010desk\u00e9m kraji. Za uplynul\u00fd rok se toto p\u0159ekladi\u0161t\u011b stalo \u010dl\u00e1nkem evropsk\u00e9ho logistick\u00e9ho \u0159et\u011bzce \u2013 pro\u0161lo j\u00edm ji\u017e v\u00edce ne\u017e 147 000 tun zbo\u017e\u00ed.<\/strong><!--more--><\/p>\n<p>Are\u00e1l o rozloze 6 020 m\u00b2 se nach\u00e1z\u00ed p\u011bt minut od n\u00e1jezdu na d\u00e1lnici D5, a je tak ide\u00e1ln\u011b situov\u00e1n pro obsluhu trh\u016f z\u00e1padn\u00ed i st\u0159edn\u00ed Evropy. Disponuje 58 nakl\u00e1dac\u00edmi rampami, \u010dty\u0159mi drive-in rampami a 18 st\u00e1n\u00edmi pro n\u00e1kladn\u00ed vozidla. D\u00edky tomu podporuje vysokoobjemov\u00e9 a rychl\u00e9 p\u0159ekl\u00e1dky zbo\u017e\u00ed a minimalizuje dobu skladov\u00e1n\u00ed \u2013 z\u00e1silky vylo\u017een\u00e9 z mezin\u00e1rodn\u00ed linek r\u00e1no jsou ve v\u011bt\u0161in\u011b p\u0159\u00edpad\u016f expedov\u00e1ny tent\u00fd\u017e den.<\/p>\n<p>\u201eB\u011bhem prvn\u00edho roku provozu ve Zdic\u00edch jsme odbavili p\u0159es 139\u202f000 z\u00e1silek. D\u00edky precizn\u011b nastaven\u00fdm proces\u016fm a efektivn\u00ed koordinaci t\u00fdmu prob\u00edh\u00e1 p\u0159ekl\u00e1dka plynule \u2013 standardn\u00ed kusov\u00e9 z\u00e1silky tak v termin\u00e1lu setrv\u00e1vaj\u00ed m\u00e9n\u011b ne\u017e 24 hodin. Z\u00e1silky s nebezpe\u010dn\u00fdmi l\u00e1tkami pak zpravidla je\u0161t\u011b krat\u0161\u00ed dobu, a to z d\u016fvodu p\u0159\u00edsn\u00fdch bezpe\u010dnostn\u00edch opat\u0159en\u00ed,\u201c uv\u00e1d\u00ed <strong>Martin Fron\u011bk, \u0159editel divize silni\u010dn\u00edch p\u0159eprav spole\u010dnosti Kuehne+Nagel<\/strong>.<\/p>\n<p><strong>Digitalizace, zabezpe\u010den\u00ed i s\u00e1zka na udr\u017eitelnost<\/strong><\/p>\n<p>Jedn\u00edm z pil\u00ed\u0159\u016f efektivn\u00edho fungov\u00e1n\u00ed cross-docku ve Zdic\u00edch je digitalizace logistick\u00fdch proces\u016f. Vlastn\u00ed p\u0159epravn\u00ed syst\u00e9m RoadLog je pln\u011b integrov\u00e1n s online platformou myKN, kter\u00e1 z\u00e1kazn\u00edk\u016fm umo\u017e\u0148uje zad\u00e1vat objedn\u00e1vky, sledovat z\u00e1silky v re\u00e1ln\u00e9m \u010dase a p\u0159ij\u00edmat elektronick\u00e1 potvrzen\u00ed o doru\u010den\u00ed. D\u00edky napojen\u00ed na EDI a vyu\u017e\u00edv\u00e1n\u00ed digit\u00e1ln\u00ed dokumentace je cel\u00fd proces transparentn\u00ed a efektivn\u00ed.<\/p>\n<p>\u201eSamoz\u0159ejmost\u00ed je pro n\u00e1s i dodr\u017eov\u00e1n\u00ed p\u0159\u00edsn\u00fdch bezpe\u010dnostn\u00edch standard\u016f. Termin\u00e1l je certifikov\u00e1n podle normy TAPA FSR, cel\u00fd are\u00e1l je nep\u0159etr\u017eit\u011b monitorov\u00e1n kamerov\u00fdm syst\u00e9mem a p\u0159\u00edstup maj\u00ed pouze registrovan\u00e1 vozidla. Z\u00e1kazn\u00edci tak maj\u00ed jistotu, \u017ee je o jejich zbo\u017e\u00ed skute\u010dn\u011b dob\u0159e postar\u00e1no,\u201c dopl\u0148uje Martin Fron\u011bk. O hladk\u00fd provoz termin\u00e1lu se denn\u011b star\u00e1 v\u00edce ne\u017e 50 lid\u00ed.<\/p>\n<p>Cel\u00fd cross-dock termin\u00e1l byl postaven podle standard\u016f BREEAM a reflektuje tak z\u00e1vazek spole\u010dnosti Kuehne+Nagel k udr\u017eiteln\u00e9 logistice. \u201eNa\u0161\u00ed prioritou je logistika, kter\u00e1 je nejen rychl\u00e1 a bezpe\u010dn\u00e1, ale tak\u00e9 \u0161etrn\u00e1 k \u017eivotn\u00edmu prost\u0159ed\u00ed. V cross-docku dlouhodob\u011b sledujeme spot\u0159ebu energi\u00ed a p\u0159ij\u00edm\u00e1me opat\u0159en\u00ed ke sni\u017eov\u00e1n\u00ed jej\u00ed n\u00e1ro\u010dnosti. Vyu\u017e\u00edv\u00e1me chytr\u00e9 LED osv\u011btlen\u00ed, fotovoltaick\u00e9 panely a manipula\u010dn\u00ed techniku s Li-Ion bateriemi,\u201c vyjmenov\u00e1v\u00e1 Martin Fron\u011bk.<\/p>\n<p>Sou\u010d\u00e1st\u00ed vybaven\u00ed are\u00e1lu jsou tak\u00e9 nab\u00edjec\u00ed stanice pro elektromobily a v\u202fr\u00e1mci dal\u0161\u00edho rozvoje se p\u0159ipravuje i infrastrukturu pro nab\u00edjen\u00ed n\u00e1kladn\u00edch vozidel.<\/p>\n<p>Silni\u010dn\u00ed p\u0159eprava je pro Kuehne+Nagel kl\u00ed\u010dov\u00fdm segmentem na \u010desk\u00e9m trhu. V roce 2024 skupina v r\u00e1mci \u010cesk\u00e9 republiky odbavila p\u0159ibli\u017en\u011b 351 tis\u00edc z\u00e1silek a v\u00edce ne\u017e 205 tis\u00edc tun n\u00e1kladu. Mezi hlavn\u00ed specializace pat\u0159\u00ed mezin\u00e1rodn\u00ed sb\u011brn\u00e1 slu\u017eba, LTL a FTL p\u0159eprava, stejn\u011b jako skladov\u00e1n\u00ed a p\u0159eprava cenn\u00e9ho zbo\u017e\u00ed \u010di n\u00e1klad\u016f s kontrolovan\u00fdm teplotn\u00edm re\u017eimem.<\/p>\n<p><img loading=\"lazy\" decoding=\"async\" class=\"alignnone size-medium wp-image-13558\" src=\"http:\/\/www.automakers.cz\/wp-content\/uploads\/2025\/06\/KN_Crossdock_vyska_1-small-2-900x506.jpg\" alt=\"\" width=\"900\" height=\"506\" srcset=\"https:\/\/www.automakers.cz\/wp-content\/uploads\/2025\/06\/KN_Crossdock_vyska_1-small-2-900x506.jpg 900w, https:\/\/www.automakers.cz\/wp-content\/uploads\/2025\/06\/KN_Crossdock_vyska_1-small-2-1024x576.jpg 1024w, https:\/\/www.automakers.cz\/wp-content\/uploads\/2025\/06\/KN_Crossdock_vyska_1-small-2-768x432.jpg 768w, https:\/\/www.automakers.cz\/wp-content\/uploads\/2025\/06\/KN_Crossdock_vyska_1-small-2-1536x864.jpg 1536w, https:\/\/www.automakers.cz\/wp-content\/uploads\/2025\/06\/KN_Crossdock_vyska_1-small-2-2048x1152.jpg 2048w, https:\/\/www.automakers.cz\/wp-content\/uploads\/2025\/06\/KN_Crossdock_vyska_1-small-2-1280x720.jpg 1280w\" sizes=\"auto, (max-width: 900px) 100vw, 900px\" \/><\/p>\n","protected":false},"excerpt":{"rendered":"<p>Mezin\u00e1rodn\u00ed logistick\u00e1 spole\u010dnost Kuehne+Nagel slav\u00ed prvn\u00ed v\u00fdro\u010d\u00ed otev\u0159en\u00ed cross-dock termin\u00e1lu ve Zdic\u00edch ve St\u0159edo\u010desk\u00e9m kraji&#8230;.<\/p>\n","protected":false},"author":2,"featured_media":13557,"comment_status":"closed","ping_status":"closed","sticky":false,"template":"","format":"standard","meta":{"footnotes":""},"categories":[43,4],"tags":[],"class_list":["post-13556","post","type-post","status-publish","format-standard","has-post-thumbnail","hentry","category-logistika","category-vyroci"],"_links":{"self":[{"href":"https:\/\/www.automakers.cz\/index.php?rest_route=\/wp\/v2\/posts\/13556","targetHints":{"allow":["GET"]}}],"collection":[{"href":"https:\/\/www.automakers.cz\/index.php?rest_route=\/wp\/v2\/posts"}],"about":[{"href":"https:\/\/www.automakers.cz\/index.php?rest_route=\/wp\/v2\/types\/post"}],"author":[{"embeddable":true,"href":"https:\/\/www.automakers.cz\/index.php?rest_route=\/wp\/v2\/users\/2"}],"replies":[{"embeddable":true,"href":"https:\/\/www.automakers.cz\/index.php?rest_route=%2Fwp%2Fv2%2Fcomments&post=13556"}],"version-history":[{"count":5,"href":"https:\/\/www.automakers.cz\/index.php?rest_route=\/wp\/v2\/posts\/13556\/revisions"}],"predecessor-version":[{"id":13580,"href":"https:\/\/www.automakers.cz\/index.php?rest_route=\/wp\/v2\/posts\/13556\/revisions\/13580"}],"wp:featuredmedia":[{"embeddable":true,"href":"https:\/\/www.automakers.cz\/index.php?rest_route=\/wp\/v2\/media\/13557"}],"wp:attachment":[{"href":"https:\/\/www.automakers.cz\/index.php?rest_route=%2Fwp%2Fv2%2Fmedia&parent=13556"}],"wp:term":[{"taxonomy":"category","embeddable":true,"href":"https:\/\/www.automakers.cz\/index.php?rest_route=%2Fwp%2Fv2%2Fcategories&post=13556"},{"taxonomy":"post_tag","embeddable":true,"href":"https:\/\/www.automakers.cz\/index.php?rest_route=%2Fwp%2Fv2%2Ftags&post=13556"}],"curies":[{"name":"wp","href":"https:\/\/api.w.org\/{rel}","templated":true}]}}