{"id":13599,"date":"2025-06-04T05:45:04","date_gmt":"2025-06-04T05:45:04","guid":{"rendered":"https:\/\/www.automakers.cz\/?p=13599"},"modified":"2025-06-04T08:07:09","modified_gmt":"2025-06-04T08:07:09","slug":"hraci-fc-barcelona-prevzali-vozy-cupra","status":"publish","type":"post","link":"https:\/\/www.automakers.cz\/?p=13599","title":{"rendered":"Fandov\u00e9 FC Barcelona p\u0159edali hr\u00e1\u010d\u016fm vozy CUPRA"},"content":{"rendered":"<p><strong>Hr\u00e1\u010di prvn\u00edho mu\u017esk\u00e9ho t\u00fdmu klubu FC Barcelona obdr\u017eeli nov\u00e9 individualizovan\u00e9 automobily CUPRA. Vozy jim p\u0159edala skupina fanou\u0161k\u016f Bar\u00e7y a majitel\u016f automobil\u016f CUPRA. P\u0159\u00edznivci byli vybran\u00ed z div\u00e1k\u016f na z\u00e1pase mezi kluby FC Barcelona a R.C.D Mallorca.<\/strong><!--more--><\/p>\n<p>\u201eBlahop\u0159eji hr\u00e1\u010d\u016fm FCB a realiza\u010dn\u00edmu t\u00fdmu k\u00a0tak \u00fasp\u011b\u0161n\u00e9 sezon\u011b, v\u00a0n\u00ed\u017e z\u00edskali titul jak v\u00a0La Lize, tak v\u00a0poh\u00e1ru Copa del Rey. Tento klub, podobn\u011b jako CUPRA, fascinuje sv\u011bt sv\u00fdmi ambicemi a zam\u011b\u0159en\u00edm na nov\u00e9 generace talent\u016f. Douf\u00e1me, \u017ee si t\u00fdm bude u\u017e\u00edvat \u0159\u00edzen\u00ed nov\u00fdch voz\u016f CUPRA a \u017ee je budou i nad\u00e1le doprov\u00e1zet na cest\u011b k\u00a0\u00fasp\u011bchu,\u201c \u0159ekl <strong>Ignasi Prieto, gener\u00e1ln\u00ed \u0159editel zna\u010dky CUPRA<\/strong>.<\/p>\n<p><strong>Setk\u00e1n\u00ed majitel\u016f vozidel CUPRA se sv\u00fdmi idoly<\/strong><\/p>\n<p>Zna\u010dka CUPRA jako ofici\u00e1ln\u00ed automobilov\u00fd partner pro mobilitu a ofici\u00e1ln\u00ed v\u016fz klubu FC Barcelona p\u0159edala hr\u00e1\u010d\u016fm nov\u00e9 vozy. CUPRA v\u00a0souladu se svou\u00a0kampan\u00ed oslavuj\u00edc\u00ed 125. v\u00fdro\u010d\u00ed klubu a zam\u011b\u0159en\u00edm na budouc\u00ed talenty pozvala prvn\u00ed t\u00fdm mu\u017e\u016f na z\u00e1vodn\u00ed okruh Terramar. Hr\u00e1\u010di se na n\u011bm sezn\u00e1mili s\u00a0kompletn\u00ed produktovou \u0159adou zna\u010dky CUPRA a z\u00a0n\u00ed si vybrali sv\u016fj nejobl\u00edben\u011bj\u0161\u00ed model, kter\u00fd si n\u00e1sledn\u011b individualizovali.<\/p>\n<p><img loading=\"lazy\" decoding=\"async\" class=\"alignnone size-medium wp-image-13603\" src=\"http:\/\/www.automakers.cz\/wp-content\/uploads\/2025\/06\/FC-Barcelona-players-receive-their-new-CUPRA-cars-from-CUPRA-owners_3-900x589.jpg\" alt=\"\" width=\"900\" height=\"589\" srcset=\"https:\/\/www.automakers.cz\/wp-content\/uploads\/2025\/06\/FC-Barcelona-players-receive-their-new-CUPRA-cars-from-CUPRA-owners_3-900x589.jpg 900w, https:\/\/www.automakers.cz\/wp-content\/uploads\/2025\/06\/FC-Barcelona-players-receive-their-new-CUPRA-cars-from-CUPRA-owners_3-1024x670.jpg 1024w, https:\/\/www.automakers.cz\/wp-content\/uploads\/2025\/06\/FC-Barcelona-players-receive-their-new-CUPRA-cars-from-CUPRA-owners_3-768x503.jpg 768w, https:\/\/www.automakers.cz\/wp-content\/uploads\/2025\/06\/FC-Barcelona-players-receive-their-new-CUPRA-cars-from-CUPRA-owners_3.jpg 1080w\" sizes=\"auto, (max-width: 900px) 100vw, 900px\" \/><br \/>\nCUPRA si pro div\u00e1ky z\u00e1pasu FC Barcelona vs. R.C.D Mallorca p\u0159ipravila z\u00e1\u017eitek. Fanou\u0161ci byli vyzv\u00e1ni, aby si na v\u00edce\u00fa\u010delov\u00fd stadion Estadi Ol\u00edmpic Llu\u00eds Companys vzali s sebou kl\u00ed\u010dky od sv\u00fdch voz\u016f CUPRA, a z\u00edskali tak \u0161anci setkat se s hr\u00e1\u010di. Aplikace \u201eKey Cam\u201c sn\u00edmala b\u011bhem polo\u010dasov\u00e9 p\u0159est\u00e1vky kamerou tribuny a vyb\u00edrala fanou\u0161ky, kte\u0159\u00ed hrd\u011b ukazovali sv\u00e9 kl\u00ed\u010dky, aby mohli t\u00fdmu p\u0159edat nov\u00e9 vozy.<\/p>\n<p>Celkem 11 fanou\u0161k\u016f bylo p\u0159iv\u00edt\u00e1no 22 hr\u00e1\u010di prvn\u00edho mu\u017esk\u00e9ho t\u00fdmu spole\u010dn\u011b s hlavn\u00edm tren\u00e9rem Hansim Flickem ve sportovn\u00edm komplexu Ciutat Esportiva Joan Gamper. Od fanou\u0161k\u016f p\u0159evzali kl\u00ed\u010dky krom\u011b ambasadora zna\u010dky CUPRA Marc ter Stegen tak\u00e9 kapit\u00e1ni t\u00fdmu Ronald Araujo, Frenkie de Jong, Raphinha a Pedri spolu s ikonami, jak\u00fdmi jsou Robert Lewandowski a Dani Olmo. Sv\u00e9 individualizovan\u00e9 vozy CUPRA obdr\u017eeli tak\u00e9 mlad\u00ed hr\u00e1\u010di Gavi, Alejandro Balde a Ferm\u00edn L\u00f3pez.<\/p>\n<p><img loading=\"lazy\" decoding=\"async\" class=\"alignnone size-medium wp-image-13602\" src=\"http:\/\/www.automakers.cz\/wp-content\/uploads\/2025\/06\/FC-Barcelona-players-receive-their-new-CUPRA-cars-from-CUPRA-owners_08_HQ-5-900x573.jpg\" alt=\"\" width=\"900\" height=\"573\" srcset=\"https:\/\/www.automakers.cz\/wp-content\/uploads\/2025\/06\/FC-Barcelona-players-receive-their-new-CUPRA-cars-from-CUPRA-owners_08_HQ-5-900x573.jpg 900w, https:\/\/www.automakers.cz\/wp-content\/uploads\/2025\/06\/FC-Barcelona-players-receive-their-new-CUPRA-cars-from-CUPRA-owners_08_HQ-5-1024x652.jpg 1024w, https:\/\/www.automakers.cz\/wp-content\/uploads\/2025\/06\/FC-Barcelona-players-receive-their-new-CUPRA-cars-from-CUPRA-owners_08_HQ-5-768x489.jpg 768w, https:\/\/www.automakers.cz\/wp-content\/uploads\/2025\/06\/FC-Barcelona-players-receive-their-new-CUPRA-cars-from-CUPRA-owners_08_HQ-5.jpg 1080w\" sizes=\"auto, (max-width: 900px) 100vw, 900px\" \/><\/p>\n<p>Mezi nejobl\u00edben\u011bj\u0161\u00ed modely u hr\u00e1\u010d\u016f pat\u0159ila CUPRA Formentor, CUPRA Terramar a CUPRA Tavascan, prvn\u00ed pln\u011b elektrick\u00e9 SUV kup\u00e9 zna\u010dky:<\/p>\n<ul>\n<li>Marc ter Stegen \u2013 CUPRA Tavascan VZ (340 k)<\/li>\n<li>I\u00f1aki Pe\u00f1a \u2013 CUPRA Formentor VZ eHYBRID (272 k)<\/li>\n<li>Wojciech Szcz\u0119sny \u2013 CUPRA Terramar VZ eHYBRID (272 k)<\/li>\n<li>Alejandro Balde \u2013 CUPRA Terramar VZ (265 k)<\/li>\n<li>Ronald Araujo \u2013 CUPRA Born VZ (326 k)<\/li>\n<li>I\u00f1igo Martinez \u2013 CUPRA Tavascan VZ (340 k)<\/li>\n<li>Andreas Christensen \u2013 CUPRA Terramar VZ (265 k) America\u2019s CUP Edition<\/li>\n<li>Jules Kound\u00e9 \u2013 CUPRA Formentor VZ (333 k)<\/li>\n<li>Eric Garcia \u2013 CUPRA Terramar VZ eHYBRID (272 k)<\/li>\n<li>Gavi \u2013 CUPRA Tavascan VZ (340 k)<\/li>\n<li>Pedri \u2013 CUPRA Terramar VZ (265 k)<\/li>\n<li>Pablo Torre \u2013 CUPRA Formentor VZ (333 k)<\/li>\n<li>H\u00e9ctor Fort \u2013 CUPRA Formentor VZ (333 k)<\/li>\n<li>Ferm\u00edn L\u00f3pez \u2013 CUPRA Formentor VZ (333 k)<\/li>\n<li>Marc Casado \u2013 CUPRA Formentor VZ (333 k)<\/li>\n<li>Dani Olmo \u2013 CUPRA Formentor VZ (333 k)<\/li>\n<li>Frenkie De Jong \u2013 CUPRA Terramar VZ (265 k) America\u2019s CUP Edition<\/li>\n<li>Ferran Torres \u2013 CUPRA Leon VZ eHYBRID (272 k)<\/li>\n<li>Ansu Fati \u2013 CUPRA Terramar VZ eHYBRID (272 k)<\/li>\n<li>Pau Victor \u2013 CUPRA Formentor VZ (333 k)<\/li>\n<li>Raphina \u2013 CUPRA Tavascan VZ (340 k)<\/li>\n<li>Lewandowski \u2013 CUPRA Terramar VZ eHYBRID (272 k)<\/li>\n<li>Hansi Flick \u2013 CUPRA Terramar VZ eHYBRID (272 k)<\/li>\n<\/ul>\n<p><img loading=\"lazy\" decoding=\"async\" class=\"alignnone size-medium wp-image-13601\" src=\"http:\/\/www.automakers.cz\/wp-content\/uploads\/2025\/06\/cupra-logo-900x476.jpg\" alt=\"\" width=\"900\" height=\"476\" srcset=\"https:\/\/www.automakers.cz\/wp-content\/uploads\/2025\/06\/cupra-logo-900x476.jpg 900w, https:\/\/www.automakers.cz\/wp-content\/uploads\/2025\/06\/cupra-logo-1024x542.jpg 1024w, https:\/\/www.automakers.cz\/wp-content\/uploads\/2025\/06\/cupra-logo-768x406.jpg 768w, https:\/\/www.automakers.cz\/wp-content\/uploads\/2025\/06\/cupra-logo-1536x813.jpg 1536w, https:\/\/www.automakers.cz\/wp-content\/uploads\/2025\/06\/cupra-logo-2048x1084.jpg 2048w, https:\/\/www.automakers.cz\/wp-content\/uploads\/2025\/06\/cupra-logo-720x380.jpg 720w\" sizes=\"auto, (max-width: 900px) 100vw, 900px\" \/><\/p>\n","protected":false},"excerpt":{"rendered":"<p>Hr\u00e1\u010di prvn\u00edho mu\u017esk\u00e9ho t\u00fdmu klubu FC Barcelona obdr\u017eeli nov\u00e9 individualizovan\u00e9 automobily CUPRA. Vozy jim p\u0159edala&#8230;<\/p>\n","protected":false},"author":2,"featured_media":13600,"comment_status":"closed","ping_status":"closed","sticky":false,"template":"","format":"standard","meta":{"footnotes":""},"categories":[29,70],"tags":[],"class_list":["post-13599","post","type-post","status-publish","format-standard","has-post-thumbnail","hentry","category-sponzoring","category-sport"],"_links":{"self":[{"href":"https:\/\/www.automakers.cz\/index.php?rest_route=\/wp\/v2\/posts\/13599","targetHints":{"allow":["GET"]}}],"collection":[{"href":"https:\/\/www.automakers.cz\/index.php?rest_route=\/wp\/v2\/posts"}],"about":[{"href":"https:\/\/www.automakers.cz\/index.php?rest_route=\/wp\/v2\/types\/post"}],"author":[{"embeddable":true,"href":"https:\/\/www.automakers.cz\/index.php?rest_route=\/wp\/v2\/users\/2"}],"replies":[{"embeddable":true,"href":"https:\/\/www.automakers.cz\/index.php?rest_route=%2Fwp%2Fv2%2Fcomments&post=13599"}],"version-history":[{"count":8,"href":"https:\/\/www.automakers.cz\/index.php?rest_route=\/wp\/v2\/posts\/13599\/revisions"}],"predecessor-version":[{"id":13628,"href":"https:\/\/www.automakers.cz\/index.php?rest_route=\/wp\/v2\/posts\/13599\/revisions\/13628"}],"wp:featuredmedia":[{"embeddable":true,"href":"https:\/\/www.automakers.cz\/index.php?rest_route=\/wp\/v2\/media\/13600"}],"wp:attachment":[{"href":"https:\/\/www.automakers.cz\/index.php?rest_route=%2Fwp%2Fv2%2Fmedia&parent=13599"}],"wp:term":[{"taxonomy":"category","embeddable":true,"href":"https:\/\/www.automakers.cz\/index.php?rest_route=%2Fwp%2Fv2%2Fcategories&post=13599"},{"taxonomy":"post_tag","embeddable":true,"href":"https:\/\/www.automakers.cz\/index.php?rest_route=%2Fwp%2Fv2%2Ftags&post=13599"}],"curies":[{"name":"wp","href":"https:\/\/api.w.org\/{rel}","templated":true}]}}