{"id":13629,"date":"2025-06-05T06:08:24","date_gmt":"2025-06-05T06:08:24","guid":{"rendered":"https:\/\/www.automakers.cz\/?p=13629"},"modified":"2025-06-06T08:09:04","modified_gmt":"2025-06-06T08:09:04","slug":"predatori-startovali-opel-frontera-v-rosmarine","status":"publish","type":"post","link":"https:\/\/www.automakers.cz\/?p=13629","title":{"rendered":"Pred\u00e1to\u0159i startovali Fronteru v Rosmarin\u011b"},"content":{"rendered":"<p><strong>Mana\u017ee\u0159i Opelu svolali motoristick\u00e9 novin\u00e1\u0159e do mod\u0159ansk\u00e9 Rosmariny na n\u00e1rodn\u00ed premi\u00e9ru nov\u00e9 Frontery. Novinku p\u0159edstavil mluv\u010d\u00ed zna\u010dky Martin Hejral, v\u00fdklad mu ale naru\u0161il \u00fatok dvou mimozemsk\u00fdch Pred\u00e1tor\u016f.<\/strong><!--more--><\/p>\n<p>&#8222;N\u011bmeck\u00e1 Fontera ze slovensk\u00e9 Trnavy je robustn\u00ed, prostorn\u00e1, \u00fa\u017easn\u011b flexibiln\u00ed a modern\u00ed. Nab\u00edz\u00ed se jako pln\u011b elektrick\u00fd p\u011btim\u00edstn\u00fd BEV elektromobil Frontera Electric nebo jako Frontera Hybrid se 48-Voltovou mild-hybridn\u00ed technologi\u00ed, kter\u00e1 nab\u00eddne p\u011bt i sedm sedadel pro cestuj\u00edc\u00ed. Z\u00e1kladn\u00ed cena Frontery Hybrid (verze Edition) \u010din\u00ed 499 990 K\u010d s DPH (dlouhodob\u00e1 ak\u010dn\u00ed cena), za dvojic sedadel ve t\u0159et\u00ed \u0159ad\u011b se p\u0159ipl\u00e1c\u00ed 25 000 K\u010d. BEV elektromobil Frontera Electric v z\u00e1kladn\u00edm stupni v\u00fdbavy Edition p\u0159ijde na 629 990 K\u010d (s DPH),&#8220; uvedl Hejral.<\/p>\n<p><img loading=\"lazy\" decoding=\"async\" class=\"alignnone size-medium wp-image-13644\" src=\"http:\/\/www.automakers.cz\/wp-content\/uploads\/2025\/06\/Opel-Frontera-Hejral-orez-900x639.jpg\" alt=\"\" width=\"900\" height=\"639\" srcset=\"https:\/\/www.automakers.cz\/wp-content\/uploads\/2025\/06\/Opel-Frontera-Hejral-orez-900x639.jpg 900w, https:\/\/www.automakers.cz\/wp-content\/uploads\/2025\/06\/Opel-Frontera-Hejral-orez-1024x727.jpg 1024w, https:\/\/www.automakers.cz\/wp-content\/uploads\/2025\/06\/Opel-Frontera-Hejral-orez-768x545.jpg 768w, https:\/\/www.automakers.cz\/wp-content\/uploads\/2025\/06\/Opel-Frontera-Hejral-orez.jpg 1370w\" sizes=\"auto, (max-width: 900px) 100vw, 900px\" \/>V\u016fz dostal \u010dernou \u010deln\u00ed masku <em><i>Opel Vizor, kter\u00e1 <\/i><\/em>integruje full-LED sv\u011btlomety Intelli-LED s automatick\u00fdmi d\u00e1lkov\u00fdmi sv\u011btly. V doln\u00ed \u010d\u00edsti p\u0159edn\u00edch parti\u00ed Frontery zaujme mohutn\u00fd lichob\u011b\u017en\u00edkov\u00fd gril chladi\u010de, kter\u00fd umoc\u0148uje pevn\u00fd a robustn\u00ed \u201epostoj\u201c vozu. V\u00fdrazn\u00e9 lemy podb\u011bh\u016f kol a prolisovan\u00e9 blatn\u00edky spolu se \u0161irok\u00fdm rozvorem evokuj\u00ed pocit stability a odolnosti.<\/p>\n<p><strong>V r\u00e1mci akce m\u011bli novin\u00e1\u0159i mo\u017enost vyzkou\u0161et Fronteru v b\u011b\u017en\u00e9m provozu. Trasa vedla z Mod\u0159an na bl\u00edzk\u00e9 leti\u0161t\u011b To\u010dn\u00e1, kde z\u00e1jemci absolvovali prohl\u00eddku m\u00edstn\u00edho hang\u00e1ru.<\/strong><\/p>\n<p><iframe loading=\"lazy\"  id=\"_ytid_34223\"  width=\"640\" height=\"360\"  data-origwidth=\"640\" data-origheight=\"360\" src=\"https:\/\/www.youtube.com\/embed\/ev4q3UG2UOg?enablejsapi=1&#038;autoplay=0&#038;cc_load_policy=0&#038;cc_lang_pref=&#038;iv_load_policy=1&#038;loop=0&#038;modestbranding=0&#038;rel=1&#038;fs=1&#038;playsinline=0&#038;autohide=2&#038;theme=dark&#038;color=red&#038;controls=1&#038;\" class=\"__youtube_prefs__  epyt-is-override  no-lazyload\" title=\"YouTube player\"  allow=\"accelerometer; autoplay; clipboard-write; encrypted-media; gyroscope; picture-in-picture\" allowfullscreen data-no-lazy=\"1\" data-skipgform_ajax_framebjll=\"\"><\/iframe><\/p>\n<p><strong><b>Chyt\u0159e \u0159e\u0161en\u00e1 konektivita, flexibiln\u00ed interi\u00e9r<\/b><\/strong><\/p>\n<p>&#8222;Pln\u011b digit\u00e1ln\u00ed p\u0159\u00edstrojov\u00fd \u0161t\u00edt <em><i>Pure Panel<\/i><\/em>, typick\u00fd pro modern\u00ed modely Opel, s\u00a010-palcov\u00fdm informa\u010dn\u00edm displejem \u0159idi\u010de a (na p\u0159\u00e1n\u00ed pro Edition, resp. ve v\u00fdbav\u011b GS standard) 10-palcov\u00fdm displejem infotainmentu je pr\u00e1v\u011b tak atraktivn\u00ed, jako je i nov\u00fd volant. Pro z\u00e1kazn\u00edky, kte\u0159\u00ed rad\u0161i vyu\u017e\u00edvaj\u00ed schopnosti vlastn\u00edho mobilu se z\u00e1kladn\u00ed verze standardn\u011b nab\u00edzej\u00ed a praktickou dokovac\u00ed stanic\u00ed a bez st\u0159edov\u00e9ho displeje. Tradi\u010dn\u00ed tlak Opelu na kvalitu sedadel se ve Fronte\u0159e projevuje nab\u00eddkou ergonomick\u00fdch sedadel s\u00a0patentovanou funkc\u00ed <em><i>Intelli-Seat<\/i><\/em>, kter\u00fd sni\u017euje tlak na kostr\u010d. U m\u016f\u017e\u016f to m\u00e1 t\u00e9\u017e kladn\u00fd vliv na spodn\u00ed funkce,&#8220; p\u0159ipomn\u011bl Hejral.<\/p>\n<p><iframe loading=\"lazy\"  id=\"_ytid_42841\"  width=\"640\" height=\"360\"  data-origwidth=\"640\" data-origheight=\"360\" src=\"https:\/\/www.youtube.com\/embed\/a8rBoUNb3do?enablejsapi=1&#038;autoplay=0&#038;cc_load_policy=0&#038;cc_lang_pref=&#038;iv_load_policy=1&#038;loop=0&#038;modestbranding=0&#038;rel=1&#038;fs=1&#038;playsinline=0&#038;autohide=2&#038;theme=dark&#038;color=red&#038;controls=1&#038;\" class=\"__youtube_prefs__  epyt-is-override  no-lazyload\" title=\"YouTube player\"  allow=\"accelerometer; autoplay; clipboard-write; encrypted-media; gyroscope; picture-in-picture\" allowfullscreen data-no-lazy=\"1\" data-skipgform_ajax_framebjll=\"\"><\/iframe><\/p>\n<p>K dal\u0161\u00edm \u0159e\u0161en\u00edm pat\u0159\u00ed nap\u0159. bezdr\u00e1tov\u00e1 nab\u00edje\u010dka nebo a\u017e p\u011bt USB-C konektor\u016f v sedmim\u00edstn\u00e9 verzi. V\u011bt\u0161\u00ed za\u0159\u00edzen\u00ed, kter\u00e1 by norm\u00e1ln\u011b jen t\u011b\u017eko hledala bezpe\u010dn\u00e9 m\u00edsto v kabin\u011b (nap\u0159. tablet) je mo\u017en\u00e9 snadno ulo\u017eit ve st\u0159edov\u00e9 konzoli, kde je bezpe\u010dn\u011b ukotv\u00ed pru\u017en\u00fd popruh. Na dal\u0161\u00ed drobnosti, kter\u00e9 je dobr\u00e9 m\u00edt v\u017edy po ruce, \u010dek\u00e1 \u0159ada dal\u0161\u00edch odkl\u00e1dac\u00edch prostor\u016f s gumovou v\u00fdstelkou, kter\u00e1 zabra\u0148uje jejich klouz\u00e1n\u00ed a rachocen\u00ed za j\u00edzdy.<\/p>\n<p>V z\u00e1kladn\u00edm uspo\u0159\u00e1d\u00e1n\u00ed nab\u00eddne Frontera zavazadlov\u00fd prostor o objemu 460 litr\u016f, po sklopen\u00ed sedadel ve druh\u00e9 \u0159ad\u011b se ov\u0161em p\u0159epravn\u00ed prostor zv\u011bt\u0161\u00ed a\u017e na 1600 litr\u016f. P\u0159epravn\u00ed flexibilitu zvy\u0161uj\u00ed i zadn\u00ed sedadla standardn\u011b d\u011blen\u00e1 v pom\u011bru 60:40. Doslova p\u0159eborn\u00edkem ve t\u0159\u00edd\u011b m\u00e1 b\u00fdt Frontera p\u0159i hodnocen\u00ed zat\u00ed\u017een\u00ed st\u0159echy, proto\u017ee zvl\u00e1dne stacion\u00e1rn\u00ed zat\u00ed\u017een\u00ed a\u017e 240 kg \u2013 a je tedy ide\u00e1ln\u00edm vozem pro dlouh\u00e1 putov\u00e1n\u00ed se st\u0159e\u0161n\u00edm stanem.<\/p>\n<p><img loading=\"lazy\" decoding=\"async\" class=\"alignnone size-medium wp-image-13642\" src=\"http:\/\/www.automakers.cz\/wp-content\/uploads\/2025\/06\/Opel-Frontera-Tocna-900x506.jpeg\" alt=\"\" width=\"900\" height=\"506\" srcset=\"https:\/\/www.automakers.cz\/wp-content\/uploads\/2025\/06\/Opel-Frontera-Tocna-900x506.jpeg 900w, https:\/\/www.automakers.cz\/wp-content\/uploads\/2025\/06\/Opel-Frontera-Tocna-1024x576.jpeg 1024w, https:\/\/www.automakers.cz\/wp-content\/uploads\/2025\/06\/Opel-Frontera-Tocna-768x432.jpeg 768w, https:\/\/www.automakers.cz\/wp-content\/uploads\/2025\/06\/Opel-Frontera-Tocna-1536x864.jpeg 1536w, https:\/\/www.automakers.cz\/wp-content\/uploads\/2025\/06\/Opel-Frontera-Tocna-1280x720.jpeg 1280w, https:\/\/www.automakers.cz\/wp-content\/uploads\/2025\/06\/Opel-Frontera-Tocna.jpeg 2048w\" sizes=\"auto, (max-width: 900px) 100vw, 900px\" \/><strong><b>Dva druhy pohonu: BEV Frontera Electric, mild-hybridn\u00ed Frontera Hybrid<\/b><\/strong><\/p>\n<p>Z\u00e1jemci o nov\u00e9 SUV Opel Frontera si mohou vybrat mild-hybridn\u00ed pohonnou jednotku stav\u00edc\u00ed na p\u0159epl\u0148ovan\u00e9m z\u00e1\u017eehov\u00e9m t\u0159\u00edv\u00e1lci 1.2 Turbo, kter\u00fd je podporov\u00e1n elektromotorem o v\u00fdkonu 21 kW\/28 k. Pro pou\u017eit\u00ed v\u00a0hybridn\u00ed Fronte\u0159e speci\u00e1ln\u011b upraven\u00fd z\u00e1\u017eehov\u00fd motor 1.2 Turbo je k\u00a0dispozici ve dvou v\u00fdkonov\u00fdch verz\u00edch: 74 kW\/100 k\u00a0a 100 kW\/136 k. Syst\u00e9mov\u00fd v\u00fdkon soustroj\u00ed spalovac\u00ed motor-elektromotor potom \u010din\u00ed 81 kW\/110 k, resp. 107 kW\/145 k. Frontera Hybrid m\u00e1 v\u017edy zcela novou dvouspojkovou \u0161estistup\u0148ovou p\u0159evodovku eDCT6, kter\u00e1 zvy\u0161uje komfort j\u00edzdy a z\u00e1rove\u0148 sni\u017euje spot\u0159ebu paliva i emise CO<sub>2<\/sub>.<\/p>\n<p>Kombinovan\u00e1 (WLTP) spot\u0159eba Frontery Hybrid 1.2 Turbo 81 kW\/110 k\u00a0\u010din\u00ed jen 5,2-5,3 l\/100\u00a0km, emise CO<sub>2<\/sub>\u00a0119\u2013120\u00a0g\/km. V\u00fdkonn\u011bj\u0161\u00ed Frontera Hybrid 1.2 Turbo 107 kW\/145 k\u00a0m\u00e1 kombinovanou spot\u0159ebu (WLTP) 5,2\u20135,3\u00a0l\/100\u00a0km a emise CO<sub>2<\/sub>\u00a0jen 118\u2013120\u00a0g\/km.<\/p>\n<p>Z\u00e1kazn\u00edci, kte\u0159\u00ed cht\u011bj\u00ed cestovat bez lok\u00e1ln\u00edch emis\u00ed, s\u00e1hnou po BEV verzi Frontera Electric, poh\u00e1n\u011bn\u00e9 elektromotorem o v\u00fdkonu 83\u00a0kW\/113\u00a0k. Trak\u010dn\u00ed baterie s vyu\u017eitelnou kapacitou 44\u00a0kWh\u00a0prop\u016fj\u010duje Fronte\u0159e Electric WLTP dojezd a\u017e 305\u00a0km. A Opel u\u017e chyst\u00e1 i verzi Frontera Electric s\u00a0dojezdem p\u0159es 400\u00a0km!<\/p>\n<p>Opel Frontera m\u00ed\u0159\u00ed za z\u00e1kazn\u00edky ve dvou stupn\u00edch v\u00fdbavy: \u201eEdition\u201c a \u201eGS\u201c. U\u017e z\u00e1kladn\u00ed verze Edition je opravdu velmi dob\u0159e vybaven\u00e1 \u2013 ve standardu m\u00e1 nap\u0159. 10-palcov\u00fd displej \u0159idi\u010de, dokovac\u00ed stanici pro smartphony, sv\u011btlomety Intelli-LED s\u00a0asistentem d\u00e1lkov\u00fdch sv\u011btel, kompletn\u00ed \u0161k\u00e1lu komfortn\u00edch a bezpe\u010dnostn\u00edch asistent\u016f, inteligentn\u00ed tempomat, kompletn\u00ed elektrick\u00e9 ovl\u00e1d\u00e1n\u00ed oken a zrc\u00e1tek nebo manu\u00e1ln\u00ed klimatizaci.<\/p>\n<p>Vy\u0161\u0161\u00ed stupe\u0148 v\u00fdbavy GS se dod\u00e1v\u00e1 s\u00a0kokpitem <em><i>Pure Panel<\/i><\/em>\u00a0s\u00a0multimedi\u00e1ln\u00edm infotainmentem s 10-palcovou barevnou dotykovou obrazovkou a\u00a0integrovanou navigac\u00ed, p\u0159edn\u00edmi i zadn\u00edmi parkovac\u00edmi senzory a z\u00e1\u010fovou kamerou 360<sup>0<\/sup>, automatickou klimatizac\u00ed nebo atraktivn\u00edmi lit\u00fdmi koly 17\u201c. Z\u00e1kazn\u00edk m\u016f\u017ee volit ze \u0161esti barev karoserie, nab\u00eddka obsahuje i mo\u017enost zvolit st\u0159echu v kontrastn\u00edm \u010dern\u00e9m b\u00edl\u00e9m laku.<\/p>\n<p><strong>B\u011bhem tiskovky p\u0159epadli Rosmarinu dva Pred\u00e1to\u0159i. Jeden ohro\u017eoval \u0161\u00e9fredaktora den\u00edku Metro Petra Hole\u010dka\u00a0<\/strong><\/p>\n<p><img loading=\"lazy\" decoding=\"async\" class=\"alignnone size-medium wp-image-13636\" src=\"http:\/\/www.automakers.cz\/wp-content\/uploads\/2025\/06\/Opel-Frontera-predator-Holecek-900x506.jpeg\" alt=\"\" width=\"900\" height=\"506\" srcset=\"https:\/\/www.automakers.cz\/wp-content\/uploads\/2025\/06\/Opel-Frontera-predator-Holecek-900x506.jpeg 900w, https:\/\/www.automakers.cz\/wp-content\/uploads\/2025\/06\/Opel-Frontera-predator-Holecek-1024x576.jpeg 1024w, https:\/\/www.automakers.cz\/wp-content\/uploads\/2025\/06\/Opel-Frontera-predator-Holecek-768x432.jpeg 768w, https:\/\/www.automakers.cz\/wp-content\/uploads\/2025\/06\/Opel-Frontera-predator-Holecek-1536x864.jpeg 1536w, https:\/\/www.automakers.cz\/wp-content\/uploads\/2025\/06\/Opel-Frontera-predator-Holecek-1280x720.jpeg 1280w, https:\/\/www.automakers.cz\/wp-content\/uploads\/2025\/06\/Opel-Frontera-predator-Holecek.jpeg 2048w\" sizes=\"auto, (max-width: 900px) 100vw, 900px\" \/><strong>Nov\u00fd Opel Frontera jedn\u00edm pohledem<\/strong><\/p>\n<ul>\n<li>Elektrifikovan\u00e9 SUV pro nejr\u016fzn\u011bj\u0161\u00ed u\u017eivatele: Nov\u00fd Opel Frontera m\u00e1 robustn\u00ed stavbu, promy\u0161len\u00e1 \u0159e\u0161en\u00ed, je prostorn\u00fd, je mimo\u0159\u00e1dn\u011b flexibiln\u00ed, vynik\u00e1 skv\u011bl\u00fdm pom\u011brem ceny \/ v\u00fdkon<\/li>\n<li>Zam\u011b\u0159en\u00ed na podstatn\u00e9:\n<ul>\n<li>Dva druhy pohonu: Bateriov\u00e1 Frontera Electric, hybridn\u00ed Frontera Hybrid<\/li>\n<li>Dv\u011b verze: Interi\u00e9r pro p\u011bt \u010di sedm osob<\/li>\n<li>Dva stupn\u011b v\u00fdbavy: Frontera Edition a\u00a0Frontera GS<\/li>\n<li>N\u011bkolik sad pro individu\u00e1ln\u00ed p\u0159izp\u016fsoben\u00ed: Sada Komfort, Tech Edition, White, Sada Tech GS, Sada 7 M\u00edst\u2026<\/li>\n<\/ul>\n<\/li>\n<li>Ofici\u00e1ln\u00ed sv\u011btov\u00e1 premi\u00e9ra: Istanbul, Turecko, 14.\u00a0kv\u011bten 2024<\/li>\n<\/ul>\n<p><strong><b>Ceny<\/b><\/strong><\/p>\n<ul>\n<li>Z\u00e1kladn\u00ed cena Opelu Frontera Edition: 499\u00a0990 K\u010d (v\u010detn\u011b DPH) \u2013 dlouhodob\u00e1 ak\u010dn\u00ed cena<\/li>\n<li>Z\u00e1kladn\u00ed cena Opelu Frontera Electric Edition: 629\u00a0990 K\u010d (v\u010detn\u011b DPH) \u2013 dlouhodob\u00e1 ak\u010dn\u00ed cena<\/li>\n<\/ul>\n<p><strong><b>Modern\u00ed pohonn\u00e9 jednotky: <\/b><\/strong><\/p>\n<ul>\n<li><b><\/b><strong><b>Frontera Hybrid<\/b><\/strong>\n<ul>\n<li>48-Voltov\u00e9 technologie, dv\u011b v\u00fdkonov\u00e9 verze<\/li>\n<li>Nov\u00e9 p\u0159epl\u0148ovan\u00e9 t\u0159\u00edv\u00e1lce 1.2 Turbo o v\u00fdkonu 74\u00a0kW\/100\u00a0k, resp. 100\u00a0kW\/136\u00a0k\u00a0byly vyvinuty speci\u00e1ln\u011b pro hybridn\u00ed pohon Frontery<\/li>\n<li>Elektromotor o v\u00fdkonu 21\u00a0kW\/28\u00a0k<\/li>\n<li>Syst\u00e9mov\u00fd v\u00fdkon 81 kW\/110 k,\u00a0resp. 107 kW\/145 k<\/li>\n<li>Nov\u00e1 elektrifikovan\u00e1 \u0161estistup\u0148ov\u00e1 dvouspojkov\u00e1 automatick\u00e1 p\u0159evodovka<\/li>\n<li>rychlost: 180\u00a0km\/h (81 kW), 194\u00a0km\/h (107\u00a0kW)<\/li>\n<li>Zrychlen\u00ed 0\u2013100\u00a0km\/h: 11,0\u00a0s (81 kW), 9,0\u00a0s (107 kW)<\/li>\n<\/ul>\n<\/li>\n<li><b><\/b><strong><b>Frontera Electric: <\/b><\/strong>\n<ul>\n<li>Elektromotor o v\u00fdkonu 83\u00a0kW\/113\u00a0k<\/li>\n<li>rychlost: 143\u00a0km\/h (elektronicky omezen\u00e1)<\/li>\n<li>Zrychlen\u00ed 0\u2013100\u00a0km\/h: 12,1\u00a0s<\/li>\n<li>Dojezd a\u017e 305\u00a0km bez lok\u00e1ln\u00edch emis\u00ed (WLTP) s\u00a0Li-ion bateri\u00ed 44\u00a0kWh<\/li>\n<li>Standardn\u00ed palubn\u00ed nab\u00edje\u010dka v\u00fdkonu 7,4\u00a0kW, za p\u0159\u00edplatek 11 kW<\/li>\n<li>Nab\u00edjen\u00ed stejnosm\u011brn\u00fdm proudem a\u017e 100\u00a0kW &#8211; nabit\u00ed na 80\u00a0% kapacity akumul\u00e1toru za cca 26\u00a0minut<\/li>\n<\/ul>\n<\/li>\n<\/ul>\n<p><strong><b>Spot\u0159eby\/emise<\/b><\/strong><\/p>\n<p><strong><b>Frontera Electric 83 kW\/113 k:<\/b><\/strong>\u00a0Kombinovan\u00e1 spot\u0159eba energie (WLTP) 18,2\u201318,5\u00a0kWh\/100\u00a0km, emise CO<sub>2<\/sub>\u00a00\u00a0g\/km<\/p>\n<p><strong><b>Frontera Hybrid 1.2 Turbo 81 kW\/110 k:<\/b><\/strong>\u00a0Kombinovan\u00e1 spot\u0159eba (WLTP) 5,2-5,3 l\/100\u00a0km, emise CO<sub>2<\/sub>\u00a0119\u2013120\u00a0g\/km<\/p>\n<p><strong><b>Frontera Hybrid 1.2 Turbo 107 kW\/145 k:<\/b><\/strong>\u00a0Kombinovan\u00e1 spot\u0159eba (WLTP) 5,2\u20135,3\u00a0l\/100\u00a0km, emise CO<sub>2<\/sub>\u00a0118\u2013120\u00a0g\/km<\/p>\n<p><strong><b>Sebev\u011bdom\u00fd vzhled:<\/b><\/strong><\/p>\n<ul>\n<li>Nov\u00e9 logo s\u00a0\u201ebleskem\u201c Opel uprost\u0159ed \u010deln\u00ed masky <em><i>Opel Vizor<\/i><\/em><\/li>\n<li>Robustn\u00ed interpretace charakteristicky odv\u00e1\u017en\u00e9ho a\u00a0\u010dist\u00e9ho designu zna\u010dky Opel<\/li>\n<li>Dvoubarevn\u00fd lak s\u00a0kontrastn\u00ed st\u0159echou, bez chromovan\u00fdch prvk\u016f<\/li>\n<li>Do masky <em><i>Opel Vizor<\/i><\/em>jsou dokonale integrovan\u00e9 sv\u011btlomety Intelli-LED s\u00a0automatick\u00fdmi d\u00e1lkov\u00fdmi sv\u011btly<\/li>\n<li>Gril chladi\u010de a v\u00fdrazn\u00e9 lemy podb\u011bh\u016f kol umoc\u0148uj\u00ed robustn\u00ed styling modelu Frontera<\/li>\n<\/ul>\n<p><strong><b>Interi\u00e9r s mnoha promy\u0161len\u00fdmi \u0159e\u0161en\u00edmi:<\/b><\/strong><\/p>\n<ul>\n<li>Digit\u00e1ln\u00ed detox, zam\u011b\u0159en\u00ed na to podstatn\u00e9<\/li>\n<li>Inovativn\u00ed stanice pro smartphony s\u00a0propojen\u00edm aplikace s\u00a0informa\u010dn\u011b-z\u00e1bavn\u00fdm syst\u00e9mem, mo\u017enost ovl\u00e1d\u00e1n\u00ed tla\u010d\u00edtky na volantu<\/li>\n<li>Modern\u00ed, pln\u011b digit\u00e1ln\u00ed p\u0159\u00edstrojov\u00e1 deska <em><i>Pure Panel<\/i><\/em>s\u00a010-palcov\u00fdm informa\u010dn\u00edm displejem \u0159idi\u010de a\u00a0stanic\u00ed pro smartphony, nebo dvojic\u00ed 10-palcov\u00fdch \u0161iroko\u00fahl\u00fdch displej\u016f<\/li>\n<li>D\u016fle\u017eit\u00e9 funkce se ovl\u00e1daj\u00ed mechanick\u00fdmi tla\u010d\u00edtky<\/li>\n<li>Bezdr\u00e1tov\u00e9 nab\u00edjen\u00ed a\u00a0konektivita s\u00a0kompatibiln\u00edmi smartphony prost\u0159ednictv\u00edm Apple CarPlay a\u00a0Android Auto<\/li>\n<li>\u010cty\u0159i USB-C konektory (dva vp\u0159edu, dva vzadu), v\u00a0sedmim\u00edstn\u00e9 verzi dal\u0161\u00ed USB-C konektor v\u00a0prostoru t\u0159et\u00ed \u0159ady sedadel<\/li>\n<li>Atraktivn\u00ed nov\u00fd volant<\/li>\n<li>Inovativn\u00ed ergonomick\u00e1 p\u0159edn\u00ed sedadla Intelli-Seat \u2013 ni\u017e\u0161\u00ed tlak na kostr\u010d. \u010caloun\u011bn\u00ed sedadel z\u00a0pln\u011b recyklovan\u00e9ho materi\u00e1lu<\/li>\n<li>Chytr\u00e9 odkl\u00e1dac\u00ed schr\u00e1nky s\u00a0gumovou v\u00fdstelkou, kter\u00e1 zabra\u0148uje klouz\u00e1n\u00ed ulo\u017een\u00fdch p\u0159edm\u011bt\u016f<\/li>\n<li>Praktick\u00e9 kapsy na telefon v\u00a0op\u011bradlech p\u0159edn\u00edch sedadel<\/li>\n<\/ul>\n<p><strong><b>Prostornost i u\u017eite\u010dn\u00e9 zat\u00ed\u017een\u00ed:<\/b><\/strong><\/p>\n<ul>\n<li>Z\u00e1kladn\u00ed objem zavazadlov\u00e9ho prostoru 460\u00a0litr\u016f, po sklopen\u00ed zadn\u00edch sedadel a\u017e 1600\u00a0litr\u016f<\/li>\n<li>Zadn\u00ed sedadla d\u011blen\u00e1 v\u00a0pom\u011bru 60:40<\/li>\n<li>Na p\u0159\u00e1n\u00ed montovan\u00e9 st\u0159e\u0161n\u00ed pod\u00e9ln\u00edky umo\u017e\u0148uj\u00ed stacion\u00e1rn\u00ed zat\u00ed\u017een\u00ed st\u0159echy a\u017e 240\u00a0kg<\/li>\n<li>Vn\u011bj\u0161\u00ed rozm\u011bry: 4385\u00a0mm x 1795\u00a0mm x 1635\u00a0mm (se sklopen\u00fdmi zrc\u00e1tky)<\/li>\n<li>V\u00fd\u0161ka 1635 mm \/ 1655 mm (se st\u0159e\u0161n\u00edmi li\u017einami)<\/li>\n<li>Rozvor kol: 2670\u00a0mm<\/li>\n<\/ul>\n<p><strong>Erich Handl, Mod\u0159any<\/strong><\/p>\n<p><strong>Foto Opel a autor<\/strong><\/p>\n<p><strong>Video: Lud\u011bk Kortus<\/strong><\/p>\n<p><img loading=\"lazy\" decoding=\"async\" class=\"alignnone size-medium wp-image-13634\" src=\"http:\/\/www.automakers.cz\/wp-content\/uploads\/2025\/06\/Opel-Frontera-Rosmarina-logo-prapor-900x506.jpeg\" alt=\"\" width=\"900\" height=\"506\" srcset=\"https:\/\/www.automakers.cz\/wp-content\/uploads\/2025\/06\/Opel-Frontera-Rosmarina-logo-prapor-900x506.jpeg 900w, https:\/\/www.automakers.cz\/wp-content\/uploads\/2025\/06\/Opel-Frontera-Rosmarina-logo-prapor-1024x576.jpeg 1024w, https:\/\/www.automakers.cz\/wp-content\/uploads\/2025\/06\/Opel-Frontera-Rosmarina-logo-prapor-768x432.jpeg 768w, https:\/\/www.automakers.cz\/wp-content\/uploads\/2025\/06\/Opel-Frontera-Rosmarina-logo-prapor-1536x864.jpeg 1536w, https:\/\/www.automakers.cz\/wp-content\/uploads\/2025\/06\/Opel-Frontera-Rosmarina-logo-prapor-1280x720.jpeg 1280w, https:\/\/www.automakers.cz\/wp-content\/uploads\/2025\/06\/Opel-Frontera-Rosmarina-logo-prapor.jpeg 2048w\" sizes=\"auto, (max-width: 900px) 100vw, 900px\" \/><\/p>\n","protected":false},"excerpt":{"rendered":"<p>Mana\u017ee\u0159i Opelu svolali motoristick\u00e9 novin\u00e1\u0159e do mod\u0159ansk\u00e9 Rosmariny na n\u00e1rodn\u00ed premi\u00e9ru nov\u00e9 Frontery. Novinku p\u0159edstavil&#8230;<\/p>\n","protected":false},"author":1,"featured_media":13632,"comment_status":"closed","ping_status":"closed","sticky":false,"template":"","format":"standard","meta":{"footnotes":""},"categories":[59,37,12,20,66],"tags":[],"class_list":["post-13629","post","type-post","status-publish","format-standard","has-post-thumbnail","hentry","category-automakers-tv","category-ceny-novinek","category-premiery","category-tiskovky","category-video"],"_links":{"self":[{"href":"https:\/\/www.automakers.cz\/index.php?rest_route=\/wp\/v2\/posts\/13629","targetHints":{"allow":["GET"]}}],"collection":[{"href":"https:\/\/www.automakers.cz\/index.php?rest_route=\/wp\/v2\/posts"}],"about":[{"href":"https:\/\/www.automakers.cz\/index.php?rest_route=\/wp\/v2\/types\/post"}],"author":[{"embeddable":true,"href":"https:\/\/www.automakers.cz\/index.php?rest_route=\/wp\/v2\/users\/1"}],"replies":[{"embeddable":true,"href":"https:\/\/www.automakers.cz\/index.php?rest_route=%2Fwp%2Fv2%2Fcomments&post=13629"}],"version-history":[{"count":12,"href":"https:\/\/www.automakers.cz\/index.php?rest_route=\/wp\/v2\/posts\/13629\/revisions"}],"predecessor-version":[{"id":13846,"href":"https:\/\/www.automakers.cz\/index.php?rest_route=\/wp\/v2\/posts\/13629\/revisions\/13846"}],"wp:featuredmedia":[{"embeddable":true,"href":"https:\/\/www.automakers.cz\/index.php?rest_route=\/wp\/v2\/media\/13632"}],"wp:attachment":[{"href":"https:\/\/www.automakers.cz\/index.php?rest_route=%2Fwp%2Fv2%2Fmedia&parent=13629"}],"wp:term":[{"taxonomy":"category","embeddable":true,"href":"https:\/\/www.automakers.cz\/index.php?rest_route=%2Fwp%2Fv2%2Fcategories&post=13629"},{"taxonomy":"post_tag","embeddable":true,"href":"https:\/\/www.automakers.cz\/index.php?rest_route=%2Fwp%2Fv2%2Ftags&post=13629"}],"curies":[{"name":"wp","href":"https:\/\/api.w.org\/{rel}","templated":true}]}}