{"id":1364,"date":"2024-01-12T09:18:47","date_gmt":"2024-01-12T09:18:47","guid":{"rendered":"https:\/\/www.automakers.cz\/?p=1364"},"modified":"2024-01-12T09:19:12","modified_gmt":"2024-01-12T09:19:12","slug":"byd-vypravil-do-evropy-prvni-nakladni-lod","status":"publish","type":"post","link":"https:\/\/www.automakers.cz\/?p=1364","title":{"rendered":"BYD vypravil do Evropy prvn\u00ed n\u00e1kladn\u00ed lo\u010f"},"content":{"rendered":"<p class=\"c_dX g_f2 speakable\" data-ddhlfddficfkellihejf=\"ogm-article-perex\"><strong>Z \u010c\u00edny vyplula do Evropy prvn\u00ed n\u00e1kladn\u00ed lo\u010f ur\u010den\u00e1 speci\u00e1ln\u011b pro v\u00fdvoz automobil\u016f. Plavidlo schopn\u00e9 p\u0159epravit 7000\u00a0voz\u016f si pronajal \u010d\u00ednsk\u00fd v\u00fdrobce elektromobil\u016f BYD, uvedla agentura Bloomberg.<\/strong><!--more--><\/p>\n<div class=\"ogm-container _6231b388c0086990921bf42b\">\n<div class=\"g_f9\" data-efdkdkmljfmimglejgfd=\"ogm-article-layout\">\n<article class=\"g_gb\" role=\"article\" aria-labelledby=\"accessibility-article\">\n<div class=\"g_ga\" data-ddhlfddficfkellihejf=\"ogm-article-content\">\n<div class=\"e_dR e_d2\">\n<div class=\"e_dX speakable\" data-ddhlfddficfkellihejf=\"mol-paragraph\">\n<p class=\"c_dX\"><span class=\"c_ef\">Jde o prvn\u00ed n\u00e1kladn\u00ed lo\u010f vyrobenou \u010d\u00ednskou lodn\u00ed spole\u010dnost\u00ed za \u00fa\u010delem v\u00fdvozu \u010d\u00ednsk\u00fdch automobil\u016f. Je vybavena dv\u011bma n\u00e1dr\u017eemi na zkapaln\u011bn\u00fd zemn\u00ed plyn, kter\u00fd bude pou\u017e\u00edv\u00e1n jako hlavn\u00ed palivo, aby se sn\u00ed\u017eily emise.<\/span><\/p>\n<\/div>\n<div class=\"e_dX speakable\" data-ddhlfddficfkellihejf=\"mol-paragraph\">\n<p class=\"c_dX\"><span class=\"c_ef\">\u010c\u00edna z\u0159ejm\u011b v lo\u0148sk\u00e9m roce sesadila Japonsko z pozice nejv\u011bt\u0161\u00edho v\u00fdvozce automobil\u016f na sv\u011bt\u011b. Podle \u00fadaj\u016f \u010d\u00ednsk\u00e9ho svazu v\u00fdrobc\u016f automobil\u016f CAAM se celkov\u00fd v\u00fdvoz automobil\u016f z \u010c\u00edny loni zv\u00fd\u0161il o 58 procent na 4,9 milionu. K r\u016fstu v\u00fdrazn\u011b p\u0159isp\u011bly dod\u00e1vky na rusk\u00fd trh a z\u00e1jem o elektromobily. Japonsko \u00fadaje sice zat\u00edm nezve\u0159ejnilo, podle zpravodajsk\u00e9 televize CNN se o\u010dek\u00e1v\u00e1, \u017ee zem\u011b loni vyvezla 4,3 milionu voz\u016f.<\/span><\/p>\n<\/div>\n<div class=\"e_dX speakable\" data-ddhlfddficfkellihejf=\"mol-paragraph\">\n<p class=\"c_dX\"><span class=\"c_ef\">\u010c\u00ednsk\u00fd v\u00fdvoz automobil\u016f prudce vzrostl v roce 2021 d\u00edky rostouc\u00edm dod\u00e1vk\u00e1m elektromobil\u016f. V tomto roce Tesla ozna\u010dila sv\u016fj z\u00e1vod v \u0160anghaji za hlavn\u00ed v\u00fdvozn\u00ed centrum a zv\u00fd\u0161ila v n\u011bm v\u00fdrobu. P\u0159edt\u00edm se ro\u010dn\u00ed v\u00fdvoz \u010d\u00ednsk\u00fdch voz\u016f do zahrani\u010d\u00ed t\u00e9m\u011b\u0159 deset let pohyboval kolem jednoho milionu, v roce 2021 v\u0161ak stoupl na 2,2 milionu voz\u016f. \u010c\u00edna t\u00edm p\u0159ekonala Ji\u017en\u00ed Koreu a stala se t\u0159et\u00edm nejv\u011bt\u0161\u00edm sv\u011btov\u00fdm v\u00fdvozcem. O rok pozd\u011bji pak p\u0159edstihla i N\u011bmecko a posunula se na druhou p\u0159\u00ed\u010dku.<\/span><\/p>\n<p><img loading=\"lazy\" decoding=\"async\" class=\"alignnone size-medium wp-image-394\" src=\"http:\/\/www.automakers.cz\/wp-content\/uploads\/2023\/11\/SE_Elektromobilita_dobijecka-900x600.jpg\" alt=\"\" width=\"900\" height=\"600\" srcset=\"https:\/\/www.automakers.cz\/wp-content\/uploads\/2023\/11\/SE_Elektromobilita_dobijecka-900x600.jpg 900w, https:\/\/www.automakers.cz\/wp-content\/uploads\/2023\/11\/SE_Elektromobilita_dobijecka-1024x683.jpg 1024w, https:\/\/www.automakers.cz\/wp-content\/uploads\/2023\/11\/SE_Elektromobilita_dobijecka-768x512.jpg 768w, https:\/\/www.automakers.cz\/wp-content\/uploads\/2023\/11\/SE_Elektromobilita_dobijecka-1536x1025.jpg 1536w, https:\/\/www.automakers.cz\/wp-content\/uploads\/2023\/11\/SE_Elektromobilita_dobijecka.jpg 2000w\" sizes=\"auto, (max-width: 900px) 100vw, 900px\" \/><\/p>\n<p><span class=\"c_ef\">Rostouc\u00ed p\u0159\u00edtomnost \u010d\u00ednsk\u00fdch v\u00fdrobc\u016f automobil\u016f vyvolala reakci ze strany Evropsk\u00e9 unie, kter\u00e1 zah\u00e1jila vy\u0161et\u0159ov\u00e1n\u00ed dotac\u00ed pro \u010d\u00ednsk\u00e9 v\u00fdrobce, kter\u00e9 podle n\u00ed naru\u0161uj\u00ed trh s elektromobily.<\/span><\/p>\n<p><strong>Zdroj: novinky.cz, Bloomberg<\/strong><\/p>\n<\/div>\n<\/div>\n<\/div>\n<\/article>\n<\/div>\n<\/div>\n","protected":false},"excerpt":{"rendered":"<p>Z \u010c\u00edny vyplula do Evropy prvn\u00ed n\u00e1kladn\u00ed lo\u010f ur\u010den\u00e1 speci\u00e1ln\u011b pro v\u00fdvoz automobil\u016f. Plavidlo schopn\u00e9&#8230;<\/p>\n","protected":false},"author":1,"featured_media":1037,"comment_status":"open","ping_status":"open","sticky":false,"template":"","format":"standard","meta":{"footnotes":""},"categories":[31],"tags":[],"class_list":["post-1364","post","type-post","status-publish","format-standard","has-post-thumbnail","hentry","category-news"],"_links":{"self":[{"href":"https:\/\/www.automakers.cz\/index.php?rest_route=\/wp\/v2\/posts\/1364","targetHints":{"allow":["GET"]}}],"collection":[{"href":"https:\/\/www.automakers.cz\/index.php?rest_route=\/wp\/v2\/posts"}],"about":[{"href":"https:\/\/www.automakers.cz\/index.php?rest_route=\/wp\/v2\/types\/post"}],"author":[{"embeddable":true,"href":"https:\/\/www.automakers.cz\/index.php?rest_route=\/wp\/v2\/users\/1"}],"replies":[{"embeddable":true,"href":"https:\/\/www.automakers.cz\/index.php?rest_route=%2Fwp%2Fv2%2Fcomments&post=1364"}],"version-history":[{"count":3,"href":"https:\/\/www.automakers.cz\/index.php?rest_route=\/wp\/v2\/posts\/1364\/revisions"}],"predecessor-version":[{"id":1367,"href":"https:\/\/www.automakers.cz\/index.php?rest_route=\/wp\/v2\/posts\/1364\/revisions\/1367"}],"wp:featuredmedia":[{"embeddable":true,"href":"https:\/\/www.automakers.cz\/index.php?rest_route=\/wp\/v2\/media\/1037"}],"wp:attachment":[{"href":"https:\/\/www.automakers.cz\/index.php?rest_route=%2Fwp%2Fv2%2Fmedia&parent=1364"}],"wp:term":[{"taxonomy":"category","embeddable":true,"href":"https:\/\/www.automakers.cz\/index.php?rest_route=%2Fwp%2Fv2%2Fcategories&post=1364"},{"taxonomy":"post_tag","embeddable":true,"href":"https:\/\/www.automakers.cz\/index.php?rest_route=%2Fwp%2Fv2%2Ftags&post=1364"}],"curies":[{"name":"wp","href":"https:\/\/api.w.org\/{rel}","templated":true}]}}