{"id":13672,"date":"2025-06-05T09:47:33","date_gmt":"2025-06-05T09:47:33","guid":{"rendered":"https:\/\/www.automakers.cz\/?p=13672"},"modified":"2025-06-06T08:07:34","modified_gmt":"2025-06-06T08:07:34","slug":"tretina-elektromobilu-jezdi-v-praze-mlada-boleslav-druha-brno-treti","status":"publish","type":"post","link":"https:\/\/www.automakers.cz\/?p=13672","title":{"rendered":"T\u0159etina elektromobil\u016f jezd\u00ed v Praze, Mlad\u00e1 Boleslav druh\u00e1, Brno t\u0159et\u00ed"},"content":{"rendered":"<p><strong>K 31. kv\u011btnu 2025 jezdilo po \u010desk\u00fdch silnic\u00edch ji\u017e p\u0159es 44 500 osobn\u00edch bateriov\u00fdch elektromobil\u016f. Jen za prvn\u00edch p\u011bt m\u011bs\u00edc\u016f leto\u0161n\u00edho roku p\u0159ibylo 5 552 nov\u011b registrovan\u00fdch vozidel, co\u017e p\u0159edstavuje meziro\u010dn\u00ed n\u00e1r\u016fst o 110 %. Elektromobily si tak aktu\u00e1ln\u011b dr\u017e\u00ed 5,5% pod\u00edl na trhu s nov\u00fdmi osobn\u00edmi vozidly. <\/strong><!--more--><\/p>\n<p>\u017deb\u0159\u00ed\u010dku nej\u017e\u00e1dan\u011bj\u0161\u00edch model\u016f v\u00e9vod\u00ed \u0160koda Elroq s 1 209 registracemi, n\u00e1sledovan\u00e1 modelem \u0160koda Enyaq (850 registrac\u00ed). T\u0159et\u00ed m\u00edsto pat\u0159\u00ed Tesle Model Y, kter\u00fd si letos po\u0159\u00eddilo 607 nov\u00fdch majitel\u016f. Nejv\u00edce nov\u00fdch elektromobil\u016f vyjelo do ulic<strong> v Praze<\/strong> (35 %), d\u00e1le v Mlad\u00e9 Boleslavi (14 %) a Brn\u011b (5 %).<\/p>\n<p>Rostouc\u00ed z\u00e1jem se neomezuje jen na nov\u00e1 auta \u2013 b\u011bhem sledovan\u00e9ho obdob\u00ed bylo do \u010ceska dovezeno tak\u00e9 3 116 ojet\u00fdch elektromobil\u016f, kter\u00e9 nyn\u00ed tvo\u0159\u00ed 5,2 % v\u0161ech dovezen\u00fdch ojetin. Vypl\u00fdv\u00e1 to z aktu\u00e1ln\u00edch dat zve\u0159ejn\u011bn\u00fdch na port\u00e1lu\u00a0<a title=\"\u010cist\u00e1 doprava\" href=\"https:\/\/go.sparkpostmail.com\/f\/a\/OHiL6aP0RHgFjisuL4gThQ~~\/AAA-fBA~\/Ebc8Yojb1Whg6eALu4q6SQx7UfWyPY2_oQoHx9jg7LmQHTlS1a-IyYhI825UBiK04PVeoT8g1fFvJL0FAWT08hUmJojuQvwIaMyDRICavL_3Pi7Kk4-6e3dG9vY-19Gy\" target=\"_blank\" rel=\"noopener noreferrer\">cistadoprava.cz<\/a>, kter\u00e1 \u010derpaj\u00ed ze zdrojov\u00fdch dat\u00a0<a title=\"Ministerstva dopravy\" href=\"https:\/\/go.sparkpostmail.com\/f\/a\/eKXdfXC69on67CjE801CRg~~\/AAA-fBA~\/xKEM9cDl89JsfQRiM1zb4Fdo8l_H_SvTSEG5yn2b0hvDsnuzGUNqc7-ZAd7O-xcGHwMjcke7uu3ALHbfy7-fvetmI4bdnuSTsCDgoZOsoj1Q3g1MNg2BT0a24MjUnjF5iYv52od9EUS86qZ-3V-nCiMhxrf7UPaPiSG1fBVztSVbmkTZrdmj1XCGDs4DRDaO\" target=\"_blank\" rel=\"noopener noreferrer\">Ministerstva dopravy<\/a>\u00a0a\u00a0<a title=\"Svazu dovozc\u016f automobil\u016f\" href=\"https:\/\/go.sparkpostmail.com\/f\/a\/42AgZ29K70N3lqkC8WAthQ~~\/AAA-fBA~\/TvkOBak58FZg7Oyyk5f5nAvFRc1qLWx-U_kNKJjg6TSeQwOMWJcVnkBqbGH8iZci-F6QU6ut_eZboml4lHpBmzG05mV9-vsZgoLMKK84FXkhGSPXXMpdVWufHH4XRp8wS3GLmqX5okk_ZDGgUjUi-EYf1E5gCVpHtfl6oU41QgM~\" target=\"_blank\" rel=\"noopener noreferrer\">Svazu dovozc\u016f automobil\u016f<\/a>.<\/p>\n<p>V pr\u016fb\u011bhu ledna a\u017e kv\u011btna bylo na tuzemsk\u00e9m trhu registrov\u00e1no 100 431 nov\u00fdch osobn\u00edch vozidel (meziro\u010dn\u011b o 3,7 % v\u00edce), z nich 4 342 bylo bateriov\u00fdch elektrick\u00fdch (meziro\u010dn\u011b o 110 % v\u00edce). Bateriov\u00e9 elektromobily byly s pod\u00edlem 5,5 % t\u0159et\u00ed nejobl\u00edben\u011bj\u0161\u00ed z\u00e1kaznickou volbou, nejv\u00edce registrac\u00ed si s 67,2% pod\u00edlem p\u0159ipsaly benz\u00ednov\u00e9 motorizace (meziro\u010dn\u011b +4,1 %), p\u0159ed naftov\u00fdmi s 20,8% pod\u00edlem (meziro\u010dn\u011b -15,8 %), plug-in hybridn\u00ed motorizace dos\u00e1hly pod\u00edlu 4,0 % (meziro\u010dn\u011b +64,8 %), vozidla na zkapaln\u011bn\u00fd ropn\u00fd plyn LPG pak 2,5 % (meziro\u010dn\u011b +30,0 %), registrov\u00e1no bylo 1 vozidlo s vod\u00edkov\u00fdm palivov\u00fdm \u010dl\u00e1nkem.<\/p>\n<p><strong>Zdroj: CDV, Luk\u00e1\u0161 Kadula<\/strong><\/p>\n<p><img loading=\"lazy\" decoding=\"async\" class=\"size-medium wp-image-9940\" src=\"http:\/\/www.automakers.cz\/wp-content\/uploads\/2024\/12\/01_Prvni-verejna-ultrarychla-dobijeci-stanice-s-intergrovanou-baterii-v-CR-small-2-900x678.jpg\" alt=\"\" width=\"900\" height=\"678\" srcset=\"https:\/\/www.automakers.cz\/wp-content\/uploads\/2024\/12\/01_Prvni-verejna-ultrarychla-dobijeci-stanice-s-intergrovanou-baterii-v-CR-small-2-900x678.jpg 900w, https:\/\/www.automakers.cz\/wp-content\/uploads\/2024\/12\/01_Prvni-verejna-ultrarychla-dobijeci-stanice-s-intergrovanou-baterii-v-CR-small-2-1024x771.jpg 1024w, https:\/\/www.automakers.cz\/wp-content\/uploads\/2024\/12\/01_Prvni-verejna-ultrarychla-dobijeci-stanice-s-intergrovanou-baterii-v-CR-small-2-768x579.jpg 768w, https:\/\/www.automakers.cz\/wp-content\/uploads\/2024\/12\/01_Prvni-verejna-ultrarychla-dobijeci-stanice-s-intergrovanou-baterii-v-CR-small-2.jpg 1200w\" sizes=\"auto, (max-width: 900px) 100vw, 900px\" \/><\/p>\n","protected":false},"excerpt":{"rendered":"<p>K 31. kv\u011btnu 2025 jezdilo po \u010desk\u00fdch silnic\u00edch ji\u017e p\u0159es 44 500 osobn\u00edch bateriov\u00fdch elektromobil\u016f&#8230;.<\/p>\n","protected":false},"author":1,"featured_media":1370,"comment_status":"closed","ping_status":"closed","sticky":false,"template":"","format":"standard","meta":{"footnotes":""},"categories":[47,9,10],"tags":[],"class_list":["post-13672","post","type-post","status-publish","format-standard","has-post-thumbnail","hentry","category-doprava","category-elektromobily","category-statistika"],"_links":{"self":[{"href":"https:\/\/www.automakers.cz\/index.php?rest_route=\/wp\/v2\/posts\/13672","targetHints":{"allow":["GET"]}}],"collection":[{"href":"https:\/\/www.automakers.cz\/index.php?rest_route=\/wp\/v2\/posts"}],"about":[{"href":"https:\/\/www.automakers.cz\/index.php?rest_route=\/wp\/v2\/types\/post"}],"author":[{"embeddable":true,"href":"https:\/\/www.automakers.cz\/index.php?rest_route=\/wp\/v2\/users\/1"}],"replies":[{"embeddable":true,"href":"https:\/\/www.automakers.cz\/index.php?rest_route=%2Fwp%2Fv2%2Fcomments&post=13672"}],"version-history":[{"count":3,"href":"https:\/\/www.automakers.cz\/index.php?rest_route=\/wp\/v2\/posts\/13672\/revisions"}],"predecessor-version":[{"id":13845,"href":"https:\/\/www.automakers.cz\/index.php?rest_route=\/wp\/v2\/posts\/13672\/revisions\/13845"}],"wp:featuredmedia":[{"embeddable":true,"href":"https:\/\/www.automakers.cz\/index.php?rest_route=\/wp\/v2\/media\/1370"}],"wp:attachment":[{"href":"https:\/\/www.automakers.cz\/index.php?rest_route=%2Fwp%2Fv2%2Fmedia&parent=13672"}],"wp:term":[{"taxonomy":"category","embeddable":true,"href":"https:\/\/www.automakers.cz\/index.php?rest_route=%2Fwp%2Fv2%2Fcategories&post=13672"},{"taxonomy":"post_tag","embeddable":true,"href":"https:\/\/www.automakers.cz\/index.php?rest_route=%2Fwp%2Fv2%2Ftags&post=13672"}],"curies":[{"name":"wp","href":"https:\/\/api.w.org\/{rel}","templated":true}]}}