{"id":13675,"date":"2025-06-05T10:33:15","date_gmt":"2025-06-05T10:33:15","guid":{"rendered":"https:\/\/www.automakers.cz\/?p=13675"},"modified":"2025-06-05T10:34:28","modified_gmt":"2025-06-05T10:34:28","slug":"toyota-se-v-kvetnu-vratila-na-druhou-pozici","status":"publish","type":"post","link":"https:\/\/www.automakers.cz\/?p=13675","title":{"rendered":"Toyota se v kv\u011btnu vr\u00e1tila na druhou pozici"},"content":{"rendered":"<p><strong>\u010cesk\u00e9 zastoupen\u00ed Toyoty se v kv\u011btnu vr\u00e1tilo na druh\u00e9 m\u00edsto mezi zna\u010dkami na \u010desk\u00e9m trhu. Proti dubnu se Toyot\u011b poda\u0159ilo zv\u00fd\u0161it prodeje nov\u00fdch osobn\u00edch a u\u017eitkov\u00fdch voz\u016f o 16 procent na 1841 aut. Z toho bylo 1536 registrovan\u00fdch osobn\u00edch aut a 305 u\u017eitkov\u00fdch a celkov\u00fd pod\u00edl na trhu tak \u010din\u00ed 8,8 procent.<\/strong><!--more--><\/p>\n<p>Toyot\u011b se da\u0159ilo i v po\u010dtu objedn\u00e1vek. Za leto\u0161n\u00ed kv\u011bten jich eviduje 2335, co\u017e je o 54 procent v\u00edce ne\u017e za stejn\u00fd m\u011bs\u00edc lo\u0148sk\u00e9ho roku. Za prvn\u00edch p\u011bt m\u011bs\u00edc\u016f leto\u0161n\u00edho roku pak sb\u011br objedn\u00e1vek p\u0159edstavuje meziro\u010dn\u00ed n\u00e1r\u016fst o 57 procent na 8971 nov\u00fdch z\u00e1kaznick\u00fdch smluv.<\/p>\n<p>\u201eD\u00edky tomuto v\u00fdkonu se v kv\u011btnu zna\u010dka Toyota nach\u00e1z\u00ed op\u011bt na druh\u00e9m m\u00edst\u011b na trhu a v\u00fdrazn\u011b se t\u00edm zmen\u0161il i rozestup mezi druhou a\u017e \u010dtvrtou pozic\u00ed na trhu. Z\u00e1kazn\u00edci oce\u0148uj\u00ed \u0161irok\u00fd v\u00fdb\u011br motorizac\u00ed a model\u016f. Hybridn\u00ed pohon je u\u017e dnes standard, razantn\u011b rostou ale rovn\u011b\u017e prodeje plug-in hybridn\u00edch model\u016f,\u201c \u0159\u00edk\u00e1 \u0159editel Toyota a Lexus \u010cR Martin Pele\u0161ka.<\/p>\n<p><img loading=\"lazy\" decoding=\"async\" class=\"alignnone size-medium wp-image-4015\" src=\"http:\/\/www.automakers.cz\/wp-content\/uploads\/2024\/05\/Lexus-Peleska-TK-LBX-900x675.jpg\" alt=\"\" width=\"900\" height=\"675\" srcset=\"https:\/\/www.automakers.cz\/wp-content\/uploads\/2024\/05\/Lexus-Peleska-TK-LBX-900x675.jpg 900w, https:\/\/www.automakers.cz\/wp-content\/uploads\/2024\/05\/Lexus-Peleska-TK-LBX-1024x768.jpg 1024w, https:\/\/www.automakers.cz\/wp-content\/uploads\/2024\/05\/Lexus-Peleska-TK-LBX-768x576.jpg 768w, https:\/\/www.automakers.cz\/wp-content\/uploads\/2024\/05\/Lexus-Peleska-TK-LBX-1536x1152.jpg 1536w, https:\/\/www.automakers.cz\/wp-content\/uploads\/2024\/05\/Lexus-Peleska-TK-LBX.jpg 2040w\" sizes=\"auto, (max-width: 900px) 100vw, 900px\" \/>Toyot\u011b se letos mimo\u0159\u00e1dn\u011b da\u0159\u00ed tak\u00e9 v kategorii u\u017eitkov\u00fdch voz\u016f. V tomto segmentu j\u00ed pat\u0159\u00ed prvn\u00ed m\u00edsto na trhu za kv\u011bten i za cel\u00fdch p\u011bt m\u011bs\u00edc\u016f, a to s prodejem ji\u017e 1388 u\u017eitkov\u00fdch aut.<\/p>\n<p><strong>Zdroj: Toyota Czech<\/strong><\/p>\n","protected":false},"excerpt":{"rendered":"<p>\u010cesk\u00e9 zastoupen\u00ed Toyoty se v kv\u011btnu vr\u00e1tilo na druh\u00e9 m\u00edsto mezi zna\u010dkami na \u010desk\u00e9m trhu&#8230;.<\/p>\n","protected":false},"author":1,"featured_media":13297,"comment_status":"closed","ping_status":"closed","sticky":false,"template":"","format":"standard","meta":{"footnotes":""},"categories":[11,48,10],"tags":[],"class_list":["post-13675","post","type-post","status-publish","format-standard","has-post-thumbnail","hentry","category-importeri","category-registrace","category-statistika"],"_links":{"self":[{"href":"https:\/\/www.automakers.cz\/index.php?rest_route=\/wp\/v2\/posts\/13675","targetHints":{"allow":["GET"]}}],"collection":[{"href":"https:\/\/www.automakers.cz\/index.php?rest_route=\/wp\/v2\/posts"}],"about":[{"href":"https:\/\/www.automakers.cz\/index.php?rest_route=\/wp\/v2\/types\/post"}],"author":[{"embeddable":true,"href":"https:\/\/www.automakers.cz\/index.php?rest_route=\/wp\/v2\/users\/1"}],"replies":[{"embeddable":true,"href":"https:\/\/www.automakers.cz\/index.php?rest_route=%2Fwp%2Fv2%2Fcomments&post=13675"}],"version-history":[{"count":4,"href":"https:\/\/www.automakers.cz\/index.php?rest_route=\/wp\/v2\/posts\/13675\/revisions"}],"predecessor-version":[{"id":13679,"href":"https:\/\/www.automakers.cz\/index.php?rest_route=\/wp\/v2\/posts\/13675\/revisions\/13679"}],"wp:featuredmedia":[{"embeddable":true,"href":"https:\/\/www.automakers.cz\/index.php?rest_route=\/wp\/v2\/media\/13297"}],"wp:attachment":[{"href":"https:\/\/www.automakers.cz\/index.php?rest_route=%2Fwp%2Fv2%2Fmedia&parent=13675"}],"wp:term":[{"taxonomy":"category","embeddable":true,"href":"https:\/\/www.automakers.cz\/index.php?rest_route=%2Fwp%2Fv2%2Fcategories&post=13675"},{"taxonomy":"post_tag","embeddable":true,"href":"https:\/\/www.automakers.cz\/index.php?rest_route=%2Fwp%2Fv2%2Ftags&post=13675"}],"curies":[{"name":"wp","href":"https:\/\/api.w.org\/{rel}","templated":true}]}}