{"id":1368,"date":"2024-01-12T10:01:54","date_gmt":"2024-01-12T10:01:54","guid":{"rendered":"https:\/\/www.automakers.cz\/?p=1368"},"modified":"2024-01-12T10:02:40","modified_gmt":"2024-01-12T10:02:40","slug":"cez-loni-zprovoznil-144-dobijecich-stanic","status":"publish","type":"post","link":"https:\/\/www.automakers.cz\/?p=1368","title":{"rendered":"\u010cEZ loni zprovoznil 144 dob\u00edjec\u00edch stanic"},"content":{"rendered":"<p><strong>V\u00edce ne\u017e 140 nov\u00fdch dob\u00edjec\u00edch stojan\u016f, meziro\u010dn\u00ed r\u016fst celkov\u011b odebran\u00e9 bezemisn\u00ed elekt\u0159iny o 24 % a k tomu 20% nav\u00fd\u0161en\u00ed pr\u016fm\u011brn\u011b na\u010derpan\u00e9 energie p\u0159i jednom dob\u00edjen\u00ed. To jsou lo\u0148sk\u00e9 p\u0159\u00edsp\u011bvky \u010cEZ do ve\u0159ejn\u00e9 dob\u00edjec\u00ed s\u00edt\u011b.<\/strong><!--more--><\/p>\n<p>\u010cEZ loni nav\u00fd\u0161il celkov\u00fd v\u00fdkon s\u00edt\u011b na t\u00e9m\u011b\u0159 50 MW, a to hlavn\u011b akcelerovanou v\u00fdstavbou vysokorychlostn\u00edch stanic.<\/p>\n<p>V\u00a0kombinaci s\u00a0roz\u0161i\u0159ov\u00e1n\u00edm po\u010dtu stojan\u016f to znamen\u00e1 zkracov\u00e1n\u00ed doby, kterou \u0159idi\u010di tr\u00e1v\u00ed dob\u00edjen\u00edm nebo \u010dek\u00e1n\u00edm na n\u011bj. S\u00ed\u0165 roste d\u00edky prost\u0159edk\u016fm p\u0159id\u011blovan\u00fdm Opera\u010dn\u00edm programem Doprava i d\u00edky investic\u00edm z vlastn\u00edch zdroj\u016f Skupiny \u010cEZ.<\/p>\n<p><strong>Celkem 660 stojan\u016f \u010cEZ<\/strong><\/p>\n<p>Ve\u0159ejn\u00e1 dob\u00edjec\u00ed s\u00ed\u0165 \u010cEZ b\u011bhem roku 2023 zaznamenala historicky nejvy\u0161\u0161\u00ed p\u0159\u00edr\u016fstek, kdy\u017e 144 nov\u00fdch stanic zaokrouhlilo celkov\u00fd po\u010det stojan\u016f na 660. \u0158idi\u010di si loni od stanic \u010cEZ odvezli v bateri\u00edch sv\u00fdch aut t\u00e9m\u011b\u0159 5,5 milionu kWh certifikovan\u00e9 zelen\u00e9 elekt\u0159iny, co\u017e je o \u010dtvrtinu v\u00edce ne\u017e v roce 2022 a 5,5n\u00e1sobek ve srovn\u00e1n\u00ed se stejn\u00fdm obdob\u00edm p\u0159ed p\u011bti lety. Takov\u00e9 mno\u017estv\u00ed energie by umo\u017enilo cestu kolem sv\u011bta kolon\u011b v\u00edce ne\u017e 800 elektromobil\u016f.<\/p>\n<p><img loading=\"lazy\" decoding=\"async\" class=\"alignnone size-medium wp-image-1371\" src=\"http:\/\/www.automakers.cz\/wp-content\/uploads\/2024\/01\/CEZ_ultrarychla-stanice-360-kW-Mikulov-900x675.jpeg\" alt=\"\" width=\"900\" height=\"675\" srcset=\"https:\/\/www.automakers.cz\/wp-content\/uploads\/2024\/01\/CEZ_ultrarychla-stanice-360-kW-Mikulov-900x675.jpeg 900w, https:\/\/www.automakers.cz\/wp-content\/uploads\/2024\/01\/CEZ_ultrarychla-stanice-360-kW-Mikulov-1024x768.jpeg 1024w, https:\/\/www.automakers.cz\/wp-content\/uploads\/2024\/01\/CEZ_ultrarychla-stanice-360-kW-Mikulov-768x576.jpeg 768w, https:\/\/www.automakers.cz\/wp-content\/uploads\/2024\/01\/CEZ_ultrarychla-stanice-360-kW-Mikulov-1536x1152.jpeg 1536w, https:\/\/www.automakers.cz\/wp-content\/uploads\/2024\/01\/CEZ_ultrarychla-stanice-360-kW-Mikulov.jpeg 2000w\" sizes=\"auto, (max-width: 900px) 100vw, 900px\" \/><\/p>\n<p>\u0158idi\u010di u \u010cEZ na\u010derpaj\u00ed v\u00a0pr\u016fm\u011bru nejrychleji v\u00a0cel\u00e9 \u010cR, a to d\u00edky nejvy\u0161\u0161\u00edmu v\u00fdkonu cel\u00e9 s\u00edt\u011b stojan\u016f, kter\u00fd se koncem roku vy\u0161plhal a\u017e t\u00e9m\u011b\u0159 k\u00a050 MW. Da\u0159\u00ed se to p\u0159edev\u0161\u00edm d\u00edky v\u00fdstavb\u011b nov\u00fdch ultrarychl\u00fdch stanic o v\u00fdkonu a\u017e 360 kW, u kter\u00fdch lid\u00e9 b\u011bhem 10 minut dopln\u00ed energii pot\u0159ebnou na dal\u0161\u00edch 150 km j\u00edzdy.<\/p>\n<p>Ztr\u00e1tu \u010dasu \u0159idi\u010d\u016f kv\u016fli \u010dek\u00e1n\u00ed na voln\u00fd dob\u00edjec\u00ed konektor zase \u00fa\u010dinn\u011b sni\u017euj\u00ed dob\u00edjec\u00ed huby, m\u00edsta o v\u011bt\u0161\u00edm po\u010dtu stojan\u016f, kde m\u016f\u017ee \u0159idi\u010d za\u010d\u00edt dob\u00edjet v\u011bt\u0161inou ihned po p\u0159\u00edjezdu. Vedle v\u00edce ne\u017e 1\u00a0800 dob\u00edjec\u00edch bod\u016f vlastn\u00ed s\u00edt\u011b nab\u00edz\u00ed \u010cEZ \u0159idi\u010d\u016fm d\u00edky roamingu tak\u00e9 zhruba stejn\u00fd po\u010det konektor\u016f dal\u0161\u00edch provozovatel\u016f dob\u00edjec\u00edch stanic v\u00a0\u010cesk\u00e9 republice.<\/p>\n<p><em>\u201ePodporu a roz\u0161i\u0159ov\u00e1n\u00ed individu\u00e1ln\u00ed i ve\u0159ejn\u00e9 elektromobility v\u00a0\u010cesk\u00e9 republice vn\u00edm\u00e1me jako n\u00e1\u0161 velk\u00fd \u00fakol. \u010cesk\u00e1 republika m\u00e1 v\u00a0pod\u00edlu ultrarychl\u00fdch a rychl\u00fdch stanic v s\u00edti p\u0159ed Evropou n\u00e1skok a r\u00e1di bychom jej i d\u00edky zkvalit\u0148ov\u00e1n\u00ed na\u0161\u00ed s\u00edt\u011b pomohli udr\u017eet. Zrychlili jsme proto instalace nov\u00fdch stanic a navy\u0161ujeme nejen jejich v\u00fdkon ale i po\u010dty stojan\u016f na nejfrekventovan\u011bj\u0161\u00edch m\u00edstech. Letos o\u010dek\u00e1v\u00e1me zrychlen\u00ed r\u016fstu odebran\u00e9 energie o v\u00edc ne\u017e 30 procent, zejm\u00e9na d\u00edky o\u010dek\u00e1van\u00e9mu zrychlen\u00ed r\u016fstu po\u010dtu elektromobil\u016f na \u010desk\u00fdch silnic\u00edch. Hlavn\u00edm c\u00edlem je urychlen\u00ed v\u00fdstavby ultrarychl\u00fdch stojan\u016f, kter\u00fdch zprovozn\u00edme v\u00edce ne\u017e osmdes\u00e1t,\u201c <\/em>\u0159\u00edk\u00e1 <strong>m\u00edstop\u0159edseda p\u0159edstavenstva \u010cEZ Pavel Cyrani<\/strong><em>.<\/em><\/p>\n<p><em>\u00a0<\/em><em>\u201eV podstat\u011b do ka\u017ed\u00e9ho nov\u011b spou\u0161t\u011bn\u00e9ho dob\u00edjec\u00edho hubu se sna\u017e\u00edme za\u010dlenit minim\u00e1ln\u011b jeden ultrarychl\u00fd stojan, u kter\u00e9ho se \u0159idi\u010d zdr\u017e\u00ed jen n\u011bkolik minut. Tyto stanice dopln\u011bn\u00e9 v\u00a0jednotliv\u00fdch lokalit\u00e1ch o standardn\u00ed 50kW stojany jsou z\u00e1rukou, \u017ee \u010dasy samotn\u00e9ho dob\u00edjen\u00ed i \u010dek\u00e1n\u00ed na n\u011bj se v\u00fdznamn\u011b zkr\u00e1t\u00ed. Vst\u0159\u00edc z\u00e1kazn\u00edk\u016fm jdeme tak\u00e9 sn\u00ed\u017een\u00edm cen za dob\u00edjen\u00ed, od poloviny ledna u stanic \u010cEZ u\u0161et\u0159\u00ed a\u017e 35 procent. Tarif Premium bude dokonce nejlevn\u011bj\u0161\u00ed na \u010desk\u00e9m trhu ve srovn\u00e1n\u00ed nejv\u011bt\u0161\u00edch t\u0159\u00ed dodavatel\u016f. Pro \u0159idi\u010de s na\u0161\u00ed dob\u00edjec\u00ed kartou nebo sta\u017eenou aplikac\u00ed chceme tak\u00e9 d\u00e1le zp\u0159\u00edstup\u0148ovat stojany dal\u0161\u00edch provozovatel\u016f v \u010cesk\u00e9 republice i po Evrop\u011b,\u201c <\/em>\u0159\u00edk\u00e1 <strong>\u0159editel elektromobility \u010cEZ Tom\u00e1\u0161 Dzurilla<\/strong><em>.<\/em><\/p>\n<p><strong>Zdroj: \u010cEZ<\/strong><\/p>\n<p><img loading=\"lazy\" decoding=\"async\" class=\"alignnone size-medium wp-image-1370\" src=\"http:\/\/www.automakers.cz\/wp-content\/uploads\/2024\/01\/CEZ-Futur-nabijecka-elektrina-900x676.jpg\" alt=\"\" width=\"900\" height=\"676\" srcset=\"https:\/\/www.automakers.cz\/wp-content\/uploads\/2024\/01\/CEZ-Futur-nabijecka-elektrina-900x676.jpg 900w, https:\/\/www.automakers.cz\/wp-content\/uploads\/2024\/01\/CEZ-Futur-nabijecka-elektrina-1024x769.jpg 1024w, https:\/\/www.automakers.cz\/wp-content\/uploads\/2024\/01\/CEZ-Futur-nabijecka-elektrina-768x577.jpg 768w, https:\/\/www.automakers.cz\/wp-content\/uploads\/2024\/01\/CEZ-Futur-nabijecka-elektrina.jpg 1266w\" sizes=\"auto, (max-width: 900px) 100vw, 900px\" \/><\/p>\n","protected":false},"excerpt":{"rendered":"<p>V\u00edce ne\u017e 140 nov\u00fdch dob\u00edjec\u00edch stojan\u016f, meziro\u010dn\u00ed r\u016fst celkov\u011b odebran\u00e9 bezemisn\u00ed elekt\u0159iny o 24 %&#8230;<\/p>\n","protected":false},"author":1,"featured_media":1369,"comment_status":"open","ping_status":"open","sticky":false,"template":"","format":"standard","meta":{"footnotes":""},"categories":[23,9],"tags":[],"class_list":["post-1368","post","type-post","status-publish","format-standard","has-post-thumbnail","hentry","category-dodavatele","category-elektromobily"],"_links":{"self":[{"href":"https:\/\/www.automakers.cz\/index.php?rest_route=\/wp\/v2\/posts\/1368","targetHints":{"allow":["GET"]}}],"collection":[{"href":"https:\/\/www.automakers.cz\/index.php?rest_route=\/wp\/v2\/posts"}],"about":[{"href":"https:\/\/www.automakers.cz\/index.php?rest_route=\/wp\/v2\/types\/post"}],"author":[{"embeddable":true,"href":"https:\/\/www.automakers.cz\/index.php?rest_route=\/wp\/v2\/users\/1"}],"replies":[{"embeddable":true,"href":"https:\/\/www.automakers.cz\/index.php?rest_route=%2Fwp%2Fv2%2Fcomments&post=1368"}],"version-history":[{"count":2,"href":"https:\/\/www.automakers.cz\/index.php?rest_route=\/wp\/v2\/posts\/1368\/revisions"}],"predecessor-version":[{"id":1373,"href":"https:\/\/www.automakers.cz\/index.php?rest_route=\/wp\/v2\/posts\/1368\/revisions\/1373"}],"wp:featuredmedia":[{"embeddable":true,"href":"https:\/\/www.automakers.cz\/index.php?rest_route=\/wp\/v2\/media\/1369"}],"wp:attachment":[{"href":"https:\/\/www.automakers.cz\/index.php?rest_route=%2Fwp%2Fv2%2Fmedia&parent=1368"}],"wp:term":[{"taxonomy":"category","embeddable":true,"href":"https:\/\/www.automakers.cz\/index.php?rest_route=%2Fwp%2Fv2%2Fcategories&post=1368"},{"taxonomy":"post_tag","embeddable":true,"href":"https:\/\/www.automakers.cz\/index.php?rest_route=%2Fwp%2Fv2%2Ftags&post=1368"}],"curies":[{"name":"wp","href":"https:\/\/api.w.org\/{rel}","templated":true}]}}