{"id":13738,"date":"2025-06-08T14:17:22","date_gmt":"2025-06-08T14:17:22","guid":{"rendered":"https:\/\/www.automakers.cz\/?p=13738"},"modified":"2025-06-08T14:19:23","modified_gmt":"2025-06-08T14:19:23","slug":"ds-automobiles-partnerem-galerie-artiseme","status":"publish","type":"post","link":"https:\/\/www.automakers.cz\/?p=13738","title":{"rendered":"Zna\u010dka DS partnerem galerie Artis\u00e8me"},"content":{"rendered":"<p><strong>Spojen\u00ed zna\u010dky DS a galerie Artis\u00e8me nen\u00ed n\u00e1hodn\u00e9. Ob\u011b strany sd\u00edlej\u00ed respekt k originalit\u011b, \u0159emesln\u00e9mu zpracov\u00e1n\u00ed a v\u00fdb\u011bru vz\u00e1cn\u00fdch materi\u00e1l\u016f, kter\u00e9 tvo\u0159\u00ed z\u00e1klad jak pro pr\u00e9miov\u00e9 vozy, tak i pro um\u011bleck\u00e9 a designov\u00e9 objekty.<\/strong><!--more--><\/p>\n<p>\u201ePartnerstv\u00ed s galeri\u00ed Artis\u00e8me je p\u0159irozen\u00fdm spojen\u00edm dvou sv\u011bt\u016f, kter\u00e9 si zakl\u00e1daj\u00ed na autenticit\u011b, estetice a inovaci. Model DS 4 PHEV je ide\u00e1ln\u00edm spole\u010dn\u00edkem pro stylovou a ekologicky \u0161etrnou p\u0159epravu v\u00fdjime\u010dn\u00fdch d\u011bl \u010desk\u00fdch i zahrani\u010dn\u00edch design\u00e9r\u016f,\u201c \u0159\u00edk\u00e1 <strong>Martina Bedrnov\u00e1, \u0159editelka zna\u010dky DS v \u010cR<\/strong>.<\/p>\n<p><strong>Artis\u00e8me = Art is me<\/strong><\/p>\n<p>Galerie Artis\u00e8me se nach\u00e1z\u00ed v historick\u00e9m centru Mal\u00e9 Strany v Praze a specializuje se na vybran\u00e9 objekty sou\u010dasn\u00e9ho designu a um\u011bn\u00ed, kter\u00e9 odr\u00e1\u017eej\u00ed lok\u00e1ln\u00ed p\u016fvod, udr\u017eitelnost a nad\u010dasovost. Jej\u00ed n\u00e1zev nese i hlub\u0161\u00ed, osobn\u00ed v\u00fdznam: \u201eArt is me\u201c \u2013 um\u011bn\u00ed jako zrcadlo individuality a \u017eivotn\u00edho stylu.<\/p>\n<p><img loading=\"lazy\" decoding=\"async\" class=\"alignnone size-medium wp-image-13742\" src=\"http:\/\/www.automakers.cz\/wp-content\/uploads\/2025\/06\/DS-Automobiles-a-galerie-Artiseme-2-small-900x704.jpg\" alt=\"\" width=\"900\" height=\"704\" srcset=\"https:\/\/www.automakers.cz\/wp-content\/uploads\/2025\/06\/DS-Automobiles-a-galerie-Artiseme-2-small-900x704.jpg 900w, https:\/\/www.automakers.cz\/wp-content\/uploads\/2025\/06\/DS-Automobiles-a-galerie-Artiseme-2-small-1024x801.jpg 1024w, https:\/\/www.automakers.cz\/wp-content\/uploads\/2025\/06\/DS-Automobiles-a-galerie-Artiseme-2-small-768x601.jpg 768w, https:\/\/www.automakers.cz\/wp-content\/uploads\/2025\/06\/DS-Automobiles-a-galerie-Artiseme-2-small-1536x1201.jpg 1536w, https:\/\/www.automakers.cz\/wp-content\/uploads\/2025\/06\/DS-Automobiles-a-galerie-Artiseme-2-small-2048x1602.jpg 2048w\" sizes=\"auto, (max-width: 900px) 100vw, 900px\" \/><\/p>\n<p>Tato filozofie se prom\u00edt\u00e1 nejen do v\u00fdb\u011bru d\u011bl, ale i do p\u0159\u00edstupu ke klient\u016fm. Artis\u00e8me nen\u00ed jen galeri\u00ed, je kur\u00e1torem \u017eivotn\u00edho prostoru sv\u00fdch z\u00e1kazn\u00edk\u016f. A pr\u00e1v\u011b tyto hodnoty se zrcadl\u00ed i ve filozofii zna\u010dky DS Automobiles, jej\u00ed\u017e vozy jsou v\u00fdsledkem francouzsk\u00e9ho um\u011bn\u00ed cestov\u00e1n\u00ed \u2013 \u201el\u2019art du voyage \u00e0 la fran\u00e7aise\u201c, kter\u00e9 tak\u00e9 p\u0159ekra\u010duje hranice b\u011b\u017en\u00e9ho luxusu.<\/p>\n<p>\u201eArtis\u00e8me m\u00e1 rozmanitou a mezin\u00e1rodn\u00ed klientelu. P\u0159ibli\u017en\u011b 40 % z\u00e1kazn\u00edk\u016f galerie tvo\u0159\u00ed \u010ce\u0161i, zat\u00edmco 60 % poch\u00e1z\u00ed ze zahrani\u010d\u00ed \u2013 p\u0159edev\u0161\u00edm z Evropy, USA a Bl\u00edzk\u00e9ho v\u00fdchodu. Galerie je tak \u017eivouc\u00edm m\u00edstem mezin\u00e1rodn\u00edho dialogu o designu a \u017eivotn\u00edm stylu. D\u00e1 se \u0159\u00edci, \u017ee na\u0161i zku\u0161en\u011bj\u0161\u00ed z\u00e1kazn\u00edci maj\u00ed tendenci nakupovat v\u011bt\u0161\u00ed d\u00edla, jako nap\u0159. obraz, dra\u017e\u0161\u00ed v\u00e1zu, celou kolekci atp. Berou to jako jednu v\u011bt\u0161\u00ed investici. A naopak mlad\u0161\u00ed lid\u00e9 nakupuj\u00ed \u010dast\u011bji b\u011bhem roku, ale sp\u00ed\u0161e drobn\u011bj\u0161\u00ed kousky\u201c, \u0159\u00edk\u00e1 zakladatelka galerie Shirin Rahman.<\/p>\n<p><img loading=\"lazy\" decoding=\"async\" class=\"alignnone size-medium wp-image-13741\" src=\"http:\/\/www.automakers.cz\/wp-content\/uploads\/2025\/06\/DS-Automobiles-a-galerie-Artiseme-3-small-900x662.jpg\" alt=\"\" width=\"900\" height=\"662\" srcset=\"https:\/\/www.automakers.cz\/wp-content\/uploads\/2025\/06\/DS-Automobiles-a-galerie-Artiseme-3-small-900x662.jpg 900w, https:\/\/www.automakers.cz\/wp-content\/uploads\/2025\/06\/DS-Automobiles-a-galerie-Artiseme-3-small-1024x753.jpg 1024w, https:\/\/www.automakers.cz\/wp-content\/uploads\/2025\/06\/DS-Automobiles-a-galerie-Artiseme-3-small-768x565.jpg 768w, https:\/\/www.automakers.cz\/wp-content\/uploads\/2025\/06\/DS-Automobiles-a-galerie-Artiseme-3-small-1536x1130.jpg 1536w, https:\/\/www.automakers.cz\/wp-content\/uploads\/2025\/06\/DS-Automobiles-a-galerie-Artiseme-3-small.jpg 1920w\" sizes=\"auto, (max-width: 900px) 100vw, 900px\" \/><\/p>\n<p><strong>Doru\u010den\u00ed jako z\u00e1\u017eitek<\/strong><\/p>\n<p>D\u00edky tomuto partnerstv\u00ed se doru\u010dov\u00e1n\u00ed designov\u00fdch d\u011bl m\u011bn\u00ed v sofistikovan\u00fd servisn\u00ed z\u00e1\u017eitek. Z\u00e1kazn\u00edci galerie se mohou t\u011b\u0161it na komfortn\u00ed a tichou j\u00edzdu ve voze DS 4 Plug-In Hybrid, kter\u00fd umo\u017e\u0148uje a\u017e 62 kilometr\u016f j\u00edzdy \u010dist\u011b na elekt\u0159inu. To odpov\u00edd\u00e1 nejen trendu ekologick\u00e9ho luxusu, ale i pot\u0159eb\u00e1m m\u011bstsk\u00e9ho provozu a diskr\u00e9tn\u00edho doru\u010den\u00ed citliv\u00fdch designov\u00fdch objekt\u016f.<\/p>\n<p>Model DS 4 je navr\u017een jako dynamick\u00fd v\u016fz s charakteristick\u00fdmi detaily, kter\u00e9 \u010derpaj\u00ed inspiraci z haute couture i francouzsk\u00e9ho interi\u00e9rov\u00e9ho designu. Stejn\u011b jako objekty z galerie Artis\u00e8me, i tento v\u016fz je v\u00fdsledkem lidsk\u00e9 v\u00e1\u0161n\u011b, inovace a respektu ke kr\u00e1se.<\/p>\n<p>Partnerstv\u00ed mezi DS Automobiles a galeri\u00ed Artis\u00e8me je dal\u0161\u00edm d\u016fkazem toho, \u017ee um\u011bn\u00ed, design a technologie mohou spole\u010dn\u011b tvo\u0159it harmonii, kter\u00e1 inspiruje a p\u0159ekra\u010duje hranice b\u011b\u017en\u00e9ho vn\u00edm\u00e1n\u00ed luxusu.<\/p>\n<p><img loading=\"lazy\" decoding=\"async\" class=\"alignnone size-medium wp-image-13740\" src=\"http:\/\/www.automakers.cz\/wp-content\/uploads\/2025\/06\/DS-Automobiles-a-galerie-Artiseme-1-small-900x678.jpg\" alt=\"\" width=\"900\" height=\"678\" srcset=\"https:\/\/www.automakers.cz\/wp-content\/uploads\/2025\/06\/DS-Automobiles-a-galerie-Artiseme-1-small-900x678.jpg 900w, https:\/\/www.automakers.cz\/wp-content\/uploads\/2025\/06\/DS-Automobiles-a-galerie-Artiseme-1-small-1024x772.jpg 1024w, https:\/\/www.automakers.cz\/wp-content\/uploads\/2025\/06\/DS-Automobiles-a-galerie-Artiseme-1-small-768x579.jpg 768w, https:\/\/www.automakers.cz\/wp-content\/uploads\/2025\/06\/DS-Automobiles-a-galerie-Artiseme-1-small-1536x1158.jpg 1536w, https:\/\/www.automakers.cz\/wp-content\/uploads\/2025\/06\/DS-Automobiles-a-galerie-Artiseme-1-small.jpg 1920w\" sizes=\"auto, (max-width: 900px) 100vw, 900px\" \/><\/p>\n","protected":false},"excerpt":{"rendered":"<p>Spojen\u00ed zna\u010dky DS a galerie Artis\u00e8me nen\u00ed n\u00e1hodn\u00e9. Ob\u011b strany sd\u00edlej\u00ed respekt k originalit\u011b, \u0159emesln\u00e9mu&#8230;<\/p>\n","protected":false},"author":2,"featured_media":13739,"comment_status":"closed","ping_status":"closed","sticky":false,"template":"","format":"standard","meta":{"footnotes":""},"categories":[13,29],"tags":[],"class_list":["post-13738","post","type-post","status-publish","format-standard","has-post-thumbnail","hentry","category-design","category-sponzoring"],"_links":{"self":[{"href":"https:\/\/www.automakers.cz\/index.php?rest_route=\/wp\/v2\/posts\/13738","targetHints":{"allow":["GET"]}}],"collection":[{"href":"https:\/\/www.automakers.cz\/index.php?rest_route=\/wp\/v2\/posts"}],"about":[{"href":"https:\/\/www.automakers.cz\/index.php?rest_route=\/wp\/v2\/types\/post"}],"author":[{"embeddable":true,"href":"https:\/\/www.automakers.cz\/index.php?rest_route=\/wp\/v2\/users\/2"}],"replies":[{"embeddable":true,"href":"https:\/\/www.automakers.cz\/index.php?rest_route=%2Fwp%2Fv2%2Fcomments&post=13738"}],"version-history":[{"count":5,"href":"https:\/\/www.automakers.cz\/index.php?rest_route=\/wp\/v2\/posts\/13738\/revisions"}],"predecessor-version":[{"id":13747,"href":"https:\/\/www.automakers.cz\/index.php?rest_route=\/wp\/v2\/posts\/13738\/revisions\/13747"}],"wp:featuredmedia":[{"embeddable":true,"href":"https:\/\/www.automakers.cz\/index.php?rest_route=\/wp\/v2\/media\/13739"}],"wp:attachment":[{"href":"https:\/\/www.automakers.cz\/index.php?rest_route=%2Fwp%2Fv2%2Fmedia&parent=13738"}],"wp:term":[{"taxonomy":"category","embeddable":true,"href":"https:\/\/www.automakers.cz\/index.php?rest_route=%2Fwp%2Fv2%2Fcategories&post=13738"},{"taxonomy":"post_tag","embeddable":true,"href":"https:\/\/www.automakers.cz\/index.php?rest_route=%2Fwp%2Fv2%2Ftags&post=13738"}],"curies":[{"name":"wp","href":"https:\/\/api.w.org\/{rel}","templated":true}]}}