{"id":13752,"date":"2025-06-08T18:22:27","date_gmt":"2025-06-08T18:22:27","guid":{"rendered":"https:\/\/www.automakers.cz\/?p=13752"},"modified":"2025-06-09T06:16:59","modified_gmt":"2025-06-09T06:16:59","slug":"stella-li-byd-bude-expandovat-do-kazde-evropske-zeme","status":"publish","type":"post","link":"https:\/\/www.automakers.cz\/?p=13752","title":{"rendered":"Stella Li: BYD bude v Evrop\u011b velk\u00fdm hr\u00e1\u010dem"},"content":{"rendered":"<p><strong>Vladim\u00edr Rybeck\u00fd p\u0159inesl na sv\u00e9m Autoweeku exkluzivn\u00ed rozhovor s evropskou mana\u017eerkou \u010d\u00ednsk\u00e9 automobilky BYD Stellou Li. Podle n\u00ed zna\u010dka nevynech\u00e1 ve sv\u00e9 expanzi \u017e\u00e1dnou evropskou zemi a bude jedn\u00edm z velk\u00fdch hr\u00e1\u010d\u016f.<\/strong><!--more--><img loading=\"lazy\" decoding=\"async\" class=\"alignnone size-medium wp-image-13753\" src=\"http:\/\/www.automakers.cz\/wp-content\/uploads\/2025\/06\/Stella-Li-Autoweek-675x900.jpg\" alt=\"\" width=\"675\" height=\"900\" srcset=\"https:\/\/www.automakers.cz\/wp-content\/uploads\/2025\/06\/Stella-Li-Autoweek-675x900.jpg 675w, https:\/\/www.automakers.cz\/wp-content\/uploads\/2025\/06\/Stella-Li-Autoweek.jpg 750w\" sizes=\"auto, (max-width: 675px) 100vw, 675px\" \/><\/p>\n","protected":false},"excerpt":{"rendered":"<p>Vladim\u00edr Rybeck\u00fd p\u0159inesl na sv\u00e9m Autoweeku exkluzivn\u00ed rozhovor s evropskou mana\u017eerkou \u010d\u00ednsk\u00e9 automobilky BYD Stellou&#8230;<\/p>\n","protected":false},"author":1,"featured_media":13374,"comment_status":"closed","ping_status":"closed","sticky":false,"template":"","format":"standard","meta":{"footnotes":""},"categories":[80,71,49],"tags":[],"class_list":["post-13752","post","type-post","status-publish","format-standard","has-post-thumbnail","hentry","category-insider","category-interview","category-media"],"_links":{"self":[{"href":"https:\/\/www.automakers.cz\/index.php?rest_route=\/wp\/v2\/posts\/13752","targetHints":{"allow":["GET"]}}],"collection":[{"href":"https:\/\/www.automakers.cz\/index.php?rest_route=\/wp\/v2\/posts"}],"about":[{"href":"https:\/\/www.automakers.cz\/index.php?rest_route=\/wp\/v2\/types\/post"}],"author":[{"embeddable":true,"href":"https:\/\/www.automakers.cz\/index.php?rest_route=\/wp\/v2\/users\/1"}],"replies":[{"embeddable":true,"href":"https:\/\/www.automakers.cz\/index.php?rest_route=%2Fwp%2Fv2%2Fcomments&post=13752"}],"version-history":[{"count":6,"href":"https:\/\/www.automakers.cz\/index.php?rest_route=\/wp\/v2\/posts\/13752\/revisions"}],"predecessor-version":[{"id":13764,"href":"https:\/\/www.automakers.cz\/index.php?rest_route=\/wp\/v2\/posts\/13752\/revisions\/13764"}],"wp:featuredmedia":[{"embeddable":true,"href":"https:\/\/www.automakers.cz\/index.php?rest_route=\/wp\/v2\/media\/13374"}],"wp:attachment":[{"href":"https:\/\/www.automakers.cz\/index.php?rest_route=%2Fwp%2Fv2%2Fmedia&parent=13752"}],"wp:term":[{"taxonomy":"category","embeddable":true,"href":"https:\/\/www.automakers.cz\/index.php?rest_route=%2Fwp%2Fv2%2Fcategories&post=13752"},{"taxonomy":"post_tag","embeddable":true,"href":"https:\/\/www.automakers.cz\/index.php?rest_route=%2Fwp%2Fv2%2Ftags&post=13752"}],"curies":[{"name":"wp","href":"https:\/\/api.w.org\/{rel}","templated":true}]}}