{"id":13767,"date":"2025-06-09T07:09:37","date_gmt":"2025-06-09T07:09:37","guid":{"rendered":"https:\/\/www.automakers.cz\/?p=13767"},"modified":"2025-06-09T08:09:37","modified_gmt":"2025-06-09T08:09:37","slug":"cr-uz-registrovala-vozidla-27-cinskych-znacek","status":"publish","type":"post","link":"https:\/\/www.automakers.cz\/?p=13767","title":{"rendered":"V registru vozidel je ji\u017e 27 \u010d\u00ednsk\u00fdch zna\u010dek"},"content":{"rendered":"<p><strong>Dealersk\u00fd speci\u00e1l AUTOmakers se pod\u00edval na dosavadn\u00ed registrace vozidel \u010d\u00ednsk\u00e9 provenience v \u010cesku. O jejich expanzi se hodn\u011b mluv\u00ed, ale jak se odrazily v dovozn\u00edch statistik\u00e1ch?<\/strong><!--more--><\/p>\n<p>B\u011bhem lo\u0148sk\u00e9ho roku a \u010dty\u0159 m\u011bs\u00edc\u016f leto\u0161n\u00edho byla u n\u00e1s registrov\u00e1na auta od celkem <strong>27\u00a0ryze \u010d\u00ednsk\u00fdch zna\u010dek. <\/strong><\/p>\n<p>Za rok 2024 to bylo nap\u0159<strong>. 4418<\/strong> osobn\u00edch automobil\u016f \u010dist\u011b \u010d\u00ednsk\u00e9 produkce (bez v \u010c\u00edn\u011b vyr\u00e1b\u011bn\u00fdch voz\u016f Tesla, Volvo, Dacia atd.), a to od\u00a0<strong>17. zna\u010dek!!<\/strong>\u00a0a 75 lehk\u00fdch u\u017eitkov\u00fdch voz\u016f dal\u0161\u00edch\u00a0<strong>\u0161esti zna\u010dek, spo\u010d\u00edtal n\u00e1\u0161 redaktor Karel Ber\u00e1nek.<\/strong><\/p>\n<p>Za prvn\u00ed \u010dty\u0159i m\u011bs\u00edce leto\u0161n\u00edho roku to bylo 2053 osobn\u00edch voz\u016f\u00a0<strong>16. zna\u010dek<\/strong>, a 50 kus\u016f\u00a0<strong>LUV od p\u011bti zna\u010dek<\/strong>.<\/p>\n<p><img loading=\"lazy\" decoding=\"async\" class=\"size-medium wp-image-8953\" src=\"http:\/\/www.automakers.cz\/wp-content\/uploads\/2024\/11\/MG-ZS-Salon-podium-1-900x506.jpg\" alt=\"\" width=\"900\" height=\"506\" \/>Jasnou \u010d\u00ednskou<strong> jedni\u010dkou je zat\u00edm st\u00e1le MG,<\/strong> kter\u00e9mu pat\u0159ilo loni zat\u00edm 92,8 % mezi \u010d\u00ednsk\u00fdmi zna\u010dkami a 1,77 % z cel\u00e9ho \u010desk\u00e9ho trhu. Letos je situace takov\u00e1, \u017ee MG si dr\u017e\u00ed st\u00e1le je\u0161t\u011b 88 % mezi \u010d\u00ednsk\u00fdmi zna\u010dkami a tr\u017en\u00ed pod\u00edl mu stoupnul na 2,23 %.<\/p>\n<p><strong>Krom\u011b MG zat\u00edm po\u010dty jen v des\u00edtk\u00e1ch kus\u016f<\/strong><\/p>\n<p>Po\u010dty registrac\u00ed \u010d\u00ednsk\u00fdch zna\u010dek mimo uvedenou MG nejsou zat\u00edm vysok\u00e9: &#8222;Zat\u00edm sp\u00ed\u0161e jde o des\u00edtky kus\u016f. Mezi \u010dleny SDA je zat\u00edm vyjma MG jen Dongfeng,&#8220; \u0159ekl na\u0161emu \u010dasopisu tajemn\u00edk Svazu dovozc\u016f automobil\u016f Josef Pokorn\u00fd.<\/p>\n<p>&#8222;Dal\u0161\u00ed zna\u010dky se na \u010desk\u00e9m trhu, s v\u00fdjimkou uveden\u00e9ho Dongfengu, se zat\u00edm objevovaly ve statistik\u00e1ch sp\u00ed\u0161e jen jako exoti v mal\u00fdch mno\u017estv\u00edch prost\u0159ednictv\u00edm individu\u00e1ln\u00edch dovoz\u016f, n\u011bkdy prezentovan\u00fdch i jako ofici\u00e1ln\u00ed import, ale bez z\u00e1zem\u00ed v\u00fdrobc\u016f,&#8220; doplnil situa\u010dn\u00ed zpr\u00e1vu Karel Ber\u00e1nek.<\/p>\n<p><strong>P\u0159ijde \u010d\u00ednsk\u00e9 tsunami?<\/strong><\/p>\n<p>&#8222;To se ale letos b\u011bhem p\u00e1r m\u011bs\u00edc\u016f zm\u011bn\u00ed. Je jasn\u00e9 \u017ee vystr\u010d\u00ed dr\u00e1pky dal\u0161\u00edch nejm\u00e9n\u011b deset velk\u00fdch zna\u010dek \u2013 zejm\u00e9na <strong>BYD, BAIC, Joyear, Omoda, Jaecoo, Dongfeng, ale tak\u00e9 Xpeng, Forthing, Voyah.<\/strong> Do Evropy, a tud\u00ed\u017e i do \u010ceska <strong>m\u00ed\u0159\u00ed celkem dal\u0161\u00edch 41 \u010d\u00ednsk\u00fdch zna\u010dek,&#8220; spo\u010d\u00edtal Karel Ber\u00e1nek s t\u00edm,<\/strong> \u017ee podle dostupn\u00fdch informac\u00ed mezi nimi budou nap\u0159\u00edklad i automobilky <strong>Bestune, JAC nebo Chery.<\/strong><\/p>\n<p><strong>Zdroj: Dealersk\u00fd speci\u00e1l 2025<\/strong><\/p>\n<p><img loading=\"lazy\" decoding=\"async\" class=\"alignnone size-full wp-image-13579\" src=\"http:\/\/www.automakers.cz\/wp-content\/uploads\/2025\/06\/Titul-2_25.png\" alt=\"\" width=\"595\" height=\"842\" \/><\/p>\n","protected":false},"excerpt":{"rendered":"<p>Dealersk\u00fd speci\u00e1l AUTOmakers se pod\u00edval na dosavadn\u00ed registrace vozidel \u010d\u00ednsk\u00e9 provenience v \u010cesku. O jejich&#8230;<\/p>\n","protected":false},"author":1,"featured_media":12531,"comment_status":"closed","ping_status":"closed","sticky":false,"template":"","format":"standard","meta":{"footnotes":""},"categories":[48,10],"tags":[],"class_list":["post-13767","post","type-post","status-publish","format-standard","has-post-thumbnail","hentry","category-registrace","category-statistika"],"_links":{"self":[{"href":"https:\/\/www.automakers.cz\/index.php?rest_route=\/wp\/v2\/posts\/13767","targetHints":{"allow":["GET"]}}],"collection":[{"href":"https:\/\/www.automakers.cz\/index.php?rest_route=\/wp\/v2\/posts"}],"about":[{"href":"https:\/\/www.automakers.cz\/index.php?rest_route=\/wp\/v2\/types\/post"}],"author":[{"embeddable":true,"href":"https:\/\/www.automakers.cz\/index.php?rest_route=\/wp\/v2\/users\/1"}],"replies":[{"embeddable":true,"href":"https:\/\/www.automakers.cz\/index.php?rest_route=%2Fwp%2Fv2%2Fcomments&post=13767"}],"version-history":[{"count":19,"href":"https:\/\/www.automakers.cz\/index.php?rest_route=\/wp\/v2\/posts\/13767\/revisions"}],"predecessor-version":[{"id":13769,"href":"https:\/\/www.automakers.cz\/index.php?rest_route=\/wp\/v2\/posts\/13767\/revisions\/13769"}],"wp:featuredmedia":[{"embeddable":true,"href":"https:\/\/www.automakers.cz\/index.php?rest_route=\/wp\/v2\/media\/12531"}],"wp:attachment":[{"href":"https:\/\/www.automakers.cz\/index.php?rest_route=%2Fwp%2Fv2%2Fmedia&parent=13767"}],"wp:term":[{"taxonomy":"category","embeddable":true,"href":"https:\/\/www.automakers.cz\/index.php?rest_route=%2Fwp%2Fv2%2Fcategories&post=13767"},{"taxonomy":"post_tag","embeddable":true,"href":"https:\/\/www.automakers.cz\/index.php?rest_route=%2Fwp%2Fv2%2Ftags&post=13767"}],"curies":[{"name":"wp","href":"https:\/\/api.w.org\/{rel}","templated":true}]}}