{"id":13832,"date":"2025-06-10T08:56:28","date_gmt":"2025-06-10T08:56:28","guid":{"rendered":"https:\/\/www.automakers.cz\/?p=13832"},"modified":"2025-06-10T09:01:21","modified_gmt":"2025-06-10T09:01:21","slug":"startuje-1000-mil-ceskoslovenskych-2025","status":"publish","type":"post","link":"https:\/\/www.automakers.cz\/?p=13832","title":{"rendered":"Startuje &#8222;1000 mil \u010deskoslovensk\u00fdch&#8220;"},"content":{"rendered":"<p><strong>Dal\u0161\u00ed ro\u010dn\u00edk j\u00edzdy historick\u00fdch aut \u201e1000 mil \u010deskoslovensk\u00fdch\u201c prob\u011bhne od st\u0159edy 11. a\u017e do soboty 14. \u010dervna. Akci po\u0159\u00e1d\u00e1 Spolek p\u0159\u00e1tel 1000 mil \u010deskoslovensk\u00fdch v sou\u010dinnosti s Veteran Car Clubem Praha, Veteran Klubem Bratislava, Autoklubem \u010cR a N\u00e1rodn\u00edm technick\u00fdm muzeem s podporou EUROVIE a \u0160KODY AUTO.<\/strong><!--more--><\/p>\n<p>Na pond\u011bln\u00ed tiskov\u00e9 konferenci, po\u0159\u00e1dan\u00e9 v prostor\u00e1ch N\u00e1rodn\u00edho technick\u00e9ho muzea o akci informovali, Adam Du\u0161ek, n\u00e1m\u011bstek G\u0158 NTM, Karel Ksandr, \u0159editel NTM, Ji\u0159\u00ed Pato\u010dka, \u0159editel sout\u011b\u017ee 1000 mil, V\u00e1clav Kafka, prezident Veteran Car Clubu Praha, Richard Gironi, v\u00fdkonn\u00fd \u0159editel Autoklubu \u010cR, Arno\u0161t Nezme\u0161kal, \u0159editel muzea dopravy NTM a Petr Ko\u017e\u00ed\u0161ek, kur\u00e1tor automobilov\u00fdch sb\u00edrek NTM.<\/p>\n<p><img loading=\"lazy\" decoding=\"async\" class=\"alignnone size-medium wp-image-13838\" src=\"http:\/\/www.automakers.cz\/wp-content\/uploads\/2025\/06\/1000-mil-TK-muzeum-Hyan_31-900x631.jpg\" alt=\"\" width=\"900\" height=\"631\" \/>\u201eDo sout\u011b\u017ee letos vyjede rekordn\u00edch 130 pos\u00e1dek. Podle pravidel mus\u00ed b\u00fdt startuj\u00edc\u00ed automobily vyroben\u00e9 do modelov\u00e9ho roku 1939.<strong><b>\u00a0<\/b><\/strong>Na startu nebudou ani letos chyb\u011bt origin\u00e1ly, kter\u00e9 jely 1000 mil \u010deskoslovensk\u00fdch ve t\u0159ic\u00e1t\u00fdch letech minul\u00e9ho stolet\u00ed. Premi\u00e9rov\u011b se p\u0159edstav\u00ed nap\u0159\u00edklad Praga Piccolo, kter\u00e1 startovala v\u00a0roce 1934. V\u00a0jubilejn\u00edm roce jsme za\u0159adili tak\u00e9 samostatnou kategorii automobilky \u0160koda,\u201c uvedl Ji\u0159\u00ed Pato\u010dka, \u0159editel z\u00e1vodu. O\u010dek\u00e1v\u00e1 se tak\u00e9 n\u00e1v\u0161t\u011bva prezidenta \u010cesk\u00e9 republiky Petra Pavla, kter\u00fd i letos poskytl sout\u011b\u017ei 1000 mil \u010deskoslovensk\u00fdch z\u00e1\u0161titu.<\/p>\n<ul>\n<li>Ve st\u0159edu 11. \u010dervna od 14. hodin zah\u00e1j\u00ed vlastn\u00ed program p\u0159ej\u00edmkou vozidel v\u00a0Opletalov\u011b ulici v\u00a0Praze, kde bude tak\u00e9 depo a bohat\u00fd doprovodn\u00fd program. Zde se o\u010dek\u00e1v\u00e1 velk\u00fd z\u00e1jem p\u0159ihl\u00ed\u017eej\u00edc\u00edch fanou\u0161k\u016f je\u0161t\u011b v podve\u010der.<\/li>\n<li>Ve \u010dtvrtek 12. 6. budou p\u0159ed budovou Autoklubu v\u00a0Opletalov\u011b ulici odstartov\u00e1ni v 6.00 r\u00e1no prvn\u00ed \u00fa\u010dastn\u00edci, kte\u0159\u00ed pojedou sm\u011br \u010cesk\u00fd Brod, d\u00e1le na Kol\u00edn, Gol\u010d\u016fv Jen\u00edkov, Polnou, Velkou B\u00edte\u0161, Ostrova\u010dice, autodrom Brno, Lednice, Hodon\u00edn, Hol\u00ed\u010d, Malacky, hrad D\u011bv\u00edn do c\u00edle v\u00a0Bratislav\u011b na Rybn\u00e9m n\u00e1m\u011bst\u00ed, kam by m\u011bli dojet v\u00a017 hodin.<\/li>\n<li>P\u00e1te\u010dn\u00ed druh\u00e1 etapa povede od 9.30 z\u00a0Bratislavy na Pezinok, Dlhou, Podunajsk\u00e9 Biskupice, zp\u011bt p\u0159ed bratislavsk\u00fd hrad do stejn\u00e9ho c\u00edle jako v\u00a0prvn\u00ed etap\u011b, kde jsou vozy o\u010dek\u00e1v\u00e1ny od 13.30.<\/li>\n<li>V sobotu 14. 6. akce vyvrchol\u00ed t\u0159et\u00ed etapou, kter\u00e1 startuje v 6.30 z Bratislavy p\u0159es Malacky, Hol\u00ed\u010d, Hodon\u00edn, Slavkov, Brno, Nov\u00e1 Zbrojovka a Dominik\u00e1nsk\u00e9 n\u00e1m\u011bst\u00ed, kde by m\u011bly vozy proj\u00ed\u017ed\u011bt od 11. hodiny, d\u00e1le na Velkou B\u00edte\u0161, Jihlavu, Gol\u010d\u016fv Jen\u00edkov, \u010c\u00e1slav, \u010cesk\u00fd Brod, a do c\u00edle p\u0159ed N\u00e1rodn\u00edm technick\u00fdm muzeem, by m\u011bly \u00fa\u010dastn\u00edci dorazit v 17 hodin.<\/li>\n<\/ul>\n<p>Sout\u011b\u017e obnovuje tradici z\u00e1vodu 1000 mil \u010deskoslovensk\u00fdch, kter\u00fd byl pod z\u00e1\u0161titou prezidenta Tom\u00e1\u0161e G. Masaryka po\u0159\u00e1d\u00e1n Autoklubem Republiky \u010ceskoslovensk\u00e9 v letech 1933, 1934 a 1935. Tehdy se jela tra\u0165 Praha \u2013 Bratislava \u2013 Praha 2x, tedy t\u00e9m\u011b\u0159 1600 kilometr\u016f (1000 mil) ostr\u00e9 j\u00edzdy bez odpo\u010dinku. Sl\u00e1vu tohoto z\u00e1vodu o\u017eivil v roce 1970 Veteran Car Club Praha a od roku 2015 jezd\u00ed historick\u00e9 automobily 1000 mil \u010deskoslovensk\u00fdch ka\u017edoro\u010dn\u011b.<\/p>\n<p><strong>Karel Ber\u00e1nek, <\/strong><strong>N\u00e1rodn\u00ed technick\u00e9 muzeum, Praha<\/strong><\/p>\n<p><img loading=\"lazy\" decoding=\"async\" class=\"alignnone size-medium wp-image-13835\" src=\"http:\/\/www.automakers.cz\/wp-content\/uploads\/2025\/06\/1000-mil-TK-plakat-689x900.jpg\" alt=\"\" width=\"689\" height=\"900\" \/><\/p>\n","protected":false},"excerpt":{"rendered":"<p>Dal\u0161\u00ed ro\u010dn\u00edk j\u00edzdy historick\u00fdch aut \u201e1000 mil \u010deskoslovensk\u00fdch\u201c prob\u011bhne od st\u0159edy 11. a\u017e do soboty&#8230;<\/p>\n","protected":false},"author":1,"featured_media":13834,"comment_status":"closed","ping_status":"closed","sticky":false,"template":"","format":"standard","meta":{"footnotes":""},"categories":[26,19,34],"tags":[],"class_list":["post-13832","post","type-post","status-publish","format-standard","has-post-thumbnail","hentry","category-eventy","category-motorsport","category-veterani"],"_links":{"self":[{"href":"https:\/\/www.automakers.cz\/index.php?rest_route=\/wp\/v2\/posts\/13832","targetHints":{"allow":["GET"]}}],"collection":[{"href":"https:\/\/www.automakers.cz\/index.php?rest_route=\/wp\/v2\/posts"}],"about":[{"href":"https:\/\/www.automakers.cz\/index.php?rest_route=\/wp\/v2\/types\/post"}],"author":[{"embeddable":true,"href":"https:\/\/www.automakers.cz\/index.php?rest_route=\/wp\/v2\/users\/1"}],"replies":[{"embeddable":true,"href":"https:\/\/www.automakers.cz\/index.php?rest_route=%2Fwp%2Fv2%2Fcomments&post=13832"}],"version-history":[{"count":5,"href":"https:\/\/www.automakers.cz\/index.php?rest_route=\/wp\/v2\/posts\/13832\/revisions"}],"predecessor-version":[{"id":13840,"href":"https:\/\/www.automakers.cz\/index.php?rest_route=\/wp\/v2\/posts\/13832\/revisions\/13840"}],"wp:featuredmedia":[{"embeddable":true,"href":"https:\/\/www.automakers.cz\/index.php?rest_route=\/wp\/v2\/media\/13834"}],"wp:attachment":[{"href":"https:\/\/www.automakers.cz\/index.php?rest_route=%2Fwp%2Fv2%2Fmedia&parent=13832"}],"wp:term":[{"taxonomy":"category","embeddable":true,"href":"https:\/\/www.automakers.cz\/index.php?rest_route=%2Fwp%2Fv2%2Fcategories&post=13832"},{"taxonomy":"post_tag","embeddable":true,"href":"https:\/\/www.automakers.cz\/index.php?rest_route=%2Fwp%2Fv2%2Ftags&post=13832"}],"curies":[{"name":"wp","href":"https:\/\/api.w.org\/{rel}","templated":true}]}}