{"id":13850,"date":"2025-06-11T11:06:31","date_gmt":"2025-06-11T11:06:31","guid":{"rendered":"https:\/\/www.automakers.cz\/?p=13850"},"modified":"2025-06-11T11:48:48","modified_gmt":"2025-06-11T11:48:48","slug":"surikata-obhajila-kontrakt-s-cinskym-byd","status":"publish","type":"post","link":"https:\/\/www.automakers.cz\/?p=13850","title":{"rendered":"Surikata obh\u00e1jila kontrakt s \u010d\u00ednsk\u00fdm BYD"},"content":{"rendered":"<p><strong>\u010c\u00ednsk\u00fd BYD se v \u010cesku spol\u00e9h\u00e1 v oblasti PR na agenturu Surikata. Po zveden\u00ed zna\u010dky na trh v Karl\u00edn\u011b, kter\u00e9 doprov\u00e1zely zmatky v p\u016fj\u010dov\u00e1n\u00ed testovac\u00edch voz\u016f, byli novin\u00e1\u0159i zv\u011bdav\u00ed zda agentura kontrakt udr\u017e\u00ed.<\/strong> <!--more--><\/p>\n<p>Surikata na ja\u0159e zaji\u0161\u0165ovala komunika\u010dn\u00ed strategii a tuzemsk\u00fd launch zna\u010dky spolu s agenturou <span class=\"highlight-E1id6 highlight-E1M\">Creative<\/span> <span class=\"highlight-E1id6 highlight-E1M\">Pro. U\u017e od r\u00e1na st\u00e1la p\u0159ed vchodem do Fora Karl\u00edn fronta novin\u00e1\u0159\u016f, tuzemsk\u00e1 premi\u00e9ra nejv\u011bt\u0161\u00ed \u010d\u00ednsk\u00e9 automobilky poutala z\u00e1jem m\u00e9di\u00ed.<\/span><\/p>\n<p>Country mana\u017eer zna\u010dky Martin He\u0159mansk\u00fd pohovo\u0159il ve Foru o cen\u00e1ch vozidel a budov\u00e1n\u00ed dealersk\u00e9 s\u00edt\u011b. Z\u00e1stupci m\u00e9di\u00ed pak testovali t\u0159i vstupn\u00ed modely automobilky.<\/p>\n<p><img loading=\"lazy\" decoding=\"async\" class=\"alignnone size-medium wp-image-13865\" src=\"http:\/\/www.automakers.cz\/wp-content\/uploads\/2025\/06\/BYD-hala-WC-900x506.jpeg\" alt=\"\" width=\"900\" height=\"506\" srcset=\"https:\/\/www.automakers.cz\/wp-content\/uploads\/2025\/06\/BYD-hala-WC-900x506.jpeg 900w, https:\/\/www.automakers.cz\/wp-content\/uploads\/2025\/06\/BYD-hala-WC-1024x576.jpeg 1024w, https:\/\/www.automakers.cz\/wp-content\/uploads\/2025\/06\/BYD-hala-WC-768x432.jpeg 768w, https:\/\/www.automakers.cz\/wp-content\/uploads\/2025\/06\/BYD-hala-WC-1536x864.jpeg 1536w, https:\/\/www.automakers.cz\/wp-content\/uploads\/2025\/06\/BYD-hala-WC-1280x720.jpeg 1280w, https:\/\/www.automakers.cz\/wp-content\/uploads\/2025\/06\/BYD-hala-WC.jpeg 2048w\" sizes=\"auto, (max-width: 900px) 100vw, 900px\" \/>Z\u00e1p\u016fj\u010dky vozidel z protilehl\u00e9ho parkovi\u0161t\u011b ale prov\u00e1zely m\u00edrn\u00e9 organiza\u010dn\u00ed zmatky. <span id=\"more-12086\"><\/span>Surikata to ale ust\u00e1la a kontrakt s BYD v \u010dervnu obh\u00e1jila.<\/p>\n<p><strong>Zdroj: Medi\u00e1\u0159 a archiv<\/strong><\/p>\n<p><strong>V portfoliu Surikaty z\u016fst\u00e1v\u00e1 tak\u00e9 dealersk\u00e1 skupikna AutoWallis.<\/strong><\/p>\n<figure id=\"attachment_9700\" aria-describedby=\"caption-attachment-9700\" style=\"width: 900px\" class=\"wp-caption alignnone\"><img loading=\"lazy\" decoding=\"async\" class=\"size-medium wp-image-9700\" src=\"http:\/\/www.automakers.cz\/wp-content\/uploads\/2024\/12\/Wallis-brana-900x506.jpg\" alt=\"\" width=\"900\" height=\"506\" srcset=\"https:\/\/www.automakers.cz\/wp-content\/uploads\/2024\/12\/Wallis-brana-900x506.jpg 900w, https:\/\/www.automakers.cz\/wp-content\/uploads\/2024\/12\/Wallis-brana-1024x576.jpg 1024w, https:\/\/www.automakers.cz\/wp-content\/uploads\/2024\/12\/Wallis-brana-768x432.jpg 768w, https:\/\/www.automakers.cz\/wp-content\/uploads\/2024\/12\/Wallis-brana-1536x864.jpg 1536w, https:\/\/www.automakers.cz\/wp-content\/uploads\/2024\/12\/Wallis-brana-1280x720.jpg 1280w, https:\/\/www.automakers.cz\/wp-content\/uploads\/2024\/12\/Wallis-brana.jpg 2040w\" sizes=\"auto, (max-width: 900px) 100vw, 900px\" \/><figcaption id=\"caption-attachment-9700\" class=\"wp-caption-text\">Ilustra\u010dn\u00ed foto<\/figcaption><\/figure>\n<p>&nbsp;<\/p>\n<p>&nbsp;<\/p>\n","protected":false},"excerpt":{"rendered":"<p>\u010c\u00ednsk\u00fd BYD se v \u010cesku spol\u00e9h\u00e1 v oblasti PR na agenturu Surikata. Po zveden\u00ed zna\u010dky&#8230;<\/p>\n","protected":false},"author":1,"featured_media":12091,"comment_status":"closed","ping_status":"closed","sticky":false,"template":"","format":"standard","meta":{"footnotes":""},"categories":[80,21],"tags":[],"class_list":["post-13850","post","type-post","status-publish","format-standard","has-post-thumbnail","hentry","category-insider","category-pr"],"_links":{"self":[{"href":"https:\/\/www.automakers.cz\/index.php?rest_route=\/wp\/v2\/posts\/13850","targetHints":{"allow":["GET"]}}],"collection":[{"href":"https:\/\/www.automakers.cz\/index.php?rest_route=\/wp\/v2\/posts"}],"about":[{"href":"https:\/\/www.automakers.cz\/index.php?rest_route=\/wp\/v2\/types\/post"}],"author":[{"embeddable":true,"href":"https:\/\/www.automakers.cz\/index.php?rest_route=\/wp\/v2\/users\/1"}],"replies":[{"embeddable":true,"href":"https:\/\/www.automakers.cz\/index.php?rest_route=%2Fwp%2Fv2%2Fcomments&post=13850"}],"version-history":[{"count":4,"href":"https:\/\/www.automakers.cz\/index.php?rest_route=\/wp\/v2\/posts\/13850\/revisions"}],"predecessor-version":[{"id":13866,"href":"https:\/\/www.automakers.cz\/index.php?rest_route=\/wp\/v2\/posts\/13850\/revisions\/13866"}],"wp:featuredmedia":[{"embeddable":true,"href":"https:\/\/www.automakers.cz\/index.php?rest_route=\/wp\/v2\/media\/12091"}],"wp:attachment":[{"href":"https:\/\/www.automakers.cz\/index.php?rest_route=%2Fwp%2Fv2%2Fmedia&parent=13850"}],"wp:term":[{"taxonomy":"category","embeddable":true,"href":"https:\/\/www.automakers.cz\/index.php?rest_route=%2Fwp%2Fv2%2Fcategories&post=13850"},{"taxonomy":"post_tag","embeddable":true,"href":"https:\/\/www.automakers.cz\/index.php?rest_route=%2Fwp%2Fv2%2Ftags&post=13850"}],"curies":[{"name":"wp","href":"https:\/\/api.w.org\/{rel}","templated":true}]}}