{"id":13886,"date":"2025-06-12T12:59:50","date_gmt":"2025-06-12T12:59:50","guid":{"rendered":"https:\/\/www.automakers.cz\/?p=13886"},"modified":"2025-06-12T13:00:08","modified_gmt":"2025-06-12T13:00:08","slug":"cez-nabizi-dobijeni-elektroaut-v-7-zemich","status":"publish","type":"post","link":"https:\/\/www.automakers.cz\/?p=13886","title":{"rendered":"\u010cEZ nab\u00edz\u00ed dob\u00edjen\u00ed elektroaut v 7 zem\u00edch"},"content":{"rendered":"<p><strong>Dojet k Jadranu nebo k polsk\u00e9mu Baltu elektromobilem s jednou mobiln\u00ed aplikac\u00ed nebo \u010dipem? Podle \u010cEZ \u017e\u00e1dn\u00e9 sci-fi a nic nemo\u017en\u00e9ho ani v s\u00edti dob\u00edjec\u00edch stojan\u016f \u010cEZ futurego. Spolupr\u00e1ce se s\u00edt\u011bmi v sedmi zem\u00edch pomohla zmnohon\u00e1sobit nejroz\u0161\u00ed\u0159en\u011bj\u0161\u00ed \u010deskou s\u00ed\u0165 ve\u0159ejn\u00fdch dob\u00edje\u010dek.<\/strong><!--more--><\/p>\n<p>D\u00edky tomu je \u0159idi\u010d\u016fm elektroaut k dispozici p\u0159es 100 tis\u00edc dob\u00edjec\u00edch bod\u016f po Evrop\u011b. Bez probl\u00e9mu tak t\u0159eba zvl\u00e1dnou i v\u00edce ne\u017e 1000kilometrovou cestu z Prahy na Makarskou rivi\u00e9ru nebo p\u0159es 700 km do baltsk\u00e9ho Gda\u0148sku. V dal\u0161\u00edch m\u011bs\u00edc\u00edch \u010cEZ futurego pl\u00e1nuje p\u0159idat dal\u0161\u00ed tis\u00edce dob\u00edjec\u00edch bod\u016f po Evrop\u011b.<\/p>\n<p><em><i>\u201eDel\u0161\u00ed dojezdy nov\u00fdch elektroaut a hust\u0161\u00ed s\u00ed\u0165 stanic s\u00a0odpov\u00eddaj\u00edc\u00edm z\u00e1zem\u00edm znamenaj\u00ed pro lidi snadn\u011bj\u0161\u00ed a pohodln\u011bj\u0161\u00ed cestov\u00e1n\u00ed ekologick\u00fdmi vozy po cel\u00e9 Evrop\u011b. D\u00edky roamingov\u00fdm dohod\u00e1m mezi oper\u00e1tory jednotliv\u00fdch s\u00edt\u00ed se dnes \u0159idi\u010di bez obav vyd\u00e1vaj\u00ed i na mnohasetkilometrov\u00e9 cesty. Jsme r\u00e1di, \u017ee i z\u00e1kazn\u00edci \u010cEZ futurego mohou voln\u011b cestovat a dob\u00edjet sv\u00e1 elektroauta u\u017e v sedmi evropsk\u00fdch zem\u00edch. S\u00ed\u0165 spolupracuj\u00edc\u00edch partner\u016f jsme p\u0159ed leto\u0161n\u00edmi pr\u00e1zdninami znovu roz\u0161\u00ed\u0159ili, podstatn\u011b jsme t\u0159eba zahustili nab\u00eddku ve st\u00e1le turisticky obl\u00edben\u011bj\u0161\u00edm Polsku. Aktu\u00e1ln\u011b nab\u00edz\u00edme dob\u00edjen\u00ed na v\u00edce ne\u017e 100 tis\u00edci bodech. Dal\u0161\u00ed zv\u00fd\u0161en\u00ed dob\u00edjec\u00edho komfortu p\u0159inese v\u00a0n\u00e1sleduj\u00edc\u00edch m\u011bs\u00edc\u00edch pokryt\u00ed Belgie, Nizozemska a Ma\u010farska. Na konci roku by tak mohli \u0159idi\u010di pomoc\u00ed na\u0161\u00ed aplikace nebo \u010dipu dob\u00edjet na 150 tis\u00edc\u00edch bodech po cel\u00e9 Evrop\u011b,\u201c <\/i><\/em>\u0159\u00edk\u00e1 <strong>mana\u017eer \u00fatvaru dob\u00edjec\u00ed slu\u017eby \u010cEZ Martin Schejbal<\/strong><em><i>.<\/i><\/em><\/p>\n<table>\n<tbody>\n<tr>\n<td width=\"353\"><strong>Zem\u011b<\/strong><\/td>\n<td width=\"581\"><strong>Roamingov\u00ed partne\u0159i<\/strong><\/td>\n<\/tr>\n<tr>\n<td width=\"353\">Rakousko<\/td>\n<td width=\"581\">EVN Energieservices, ChargePoint Austria, Ionity, Wien Energie, Smatrics<\/td>\n<\/tr>\n<tr>\n<td width=\"353\">N\u011bmecko<\/td>\n<td width=\"581\">EnBW mobility+, Ionity, EOn, Allego, Berliner Stadwerke, Lidl<\/td>\n<\/tr>\n<tr>\n<td width=\"353\">Polsko<\/td>\n<td width=\"581\">Greenway, Ionity, EloCity<\/td>\n<\/tr>\n<tr>\n<td width=\"353\">Slovensko<\/td>\n<td width=\"581\">EOn, Greenway, Ionity<\/td>\n<\/tr>\n<tr>\n<td width=\"353\">Slovinsko<\/td>\n<td width=\"581\">Ionity, Megatel, Petrol, Lidl<\/td>\n<\/tr>\n<tr>\n<td width=\"353\">Chorvatsko<\/td>\n<td width=\"581\">Ionity, Petrol, HEP, Lidl, Kaufland<\/td>\n<\/tr>\n<\/tbody>\n<\/table>\n<p><strong><em><i>Pojedeme k\u00a0mo\u0159i aneb Jak s\u00a0ultrarychl\u00fdm dob\u00edjen\u00edm od \u010cEZ dojet z\u00a0Prahy a\u017e na Makarskou nebo do Gda\u0148ska<\/i><\/em><\/strong><\/p>\n<table>\n<tbody>\n<tr>\n<td width=\"226\"><strong>M\u00edsto<\/strong><\/td>\n<td width=\"116\"><strong>Zem\u011b \/ D\u00e1lnice<\/strong><\/td>\n<td width=\"189\"><strong>km z Prahy<\/strong><\/td>\n<td width=\"148\"><strong>Provozovatel stanice<\/strong><\/td>\n<td width=\"260\"><strong>Max. dob\u00edjec\u00ed v\u00fdkon<\/strong><\/td>\n<\/tr>\n<tr>\n<td width=\"226\">Start \u2013 Praha<\/td>\n<td width=\"116\">CZE<\/td>\n<td width=\"189\"><\/td>\n<td width=\"148\"><\/td>\n<td width=\"260\"><\/td>\n<\/tr>\n<tr>\n<td width=\"226\">2 Pr\u016fhonice<\/td>\n<td width=\"116\">CZE \/ D1<\/td>\n<td width=\"189\">15<\/td>\n<td width=\"148\">\u010cEZ<\/td>\n<td width=\"260\">180 kW<\/td>\n<\/tr>\n<tr>\n<td width=\"226\">3 Ansfelden<\/td>\n<td width=\"116\">AUT \/ A1<\/td>\n<td width=\"189\">261<\/td>\n<td width=\"148\">Smatrics<\/td>\n<td width=\"260\">300 kW<\/td>\n<\/tr>\n<tr>\n<td width=\"226\">4 Trieben<\/td>\n<td width=\"116\">AUT \/ A9<\/td>\n<td width=\"189\">372<\/td>\n<td width=\"148\">Ionity<\/td>\n<td width=\"260\">350 kW<\/td>\n<\/tr>\n<tr>\n<td width=\"226\">5 Pesnica pri Mariboru<\/td>\n<td width=\"116\">SLO \/ A1<\/td>\n<td width=\"189\">530<\/td>\n<td width=\"148\">Ionity<\/td>\n<td width=\"260\">350 kW<\/td>\n<\/tr>\n<tr>\n<td width=\"226\">6 Krapina-Zagorje<\/td>\n<td width=\"116\">CRO \/ A2<\/td>\n<td width=\"189\">592<\/td>\n<td width=\"148\">Ionity<\/td>\n<td width=\"260\">350 kW<\/td>\n<\/tr>\n<tr>\n<td width=\"226\">7 Zemunik Gornji<\/td>\n<td width=\"116\">CRO \/ A1<\/td>\n<td width=\"189\">912<\/td>\n<td width=\"148\">Ionity<\/td>\n<td width=\"260\">350 kW<\/td>\n<\/tr>\n<tr>\n<td width=\"226\">C\u00edl \u2013 Makarska<\/td>\n<td width=\"116\">CRO \/ A1<\/td>\n<td width=\"189\">1089<\/td>\n<td width=\"148\"><\/td>\n<td width=\"260\"><\/td>\n<\/tr>\n<\/tbody>\n<\/table>\n<table>\n<tbody>\n<tr>\n<td width=\"212\"><strong>M\u00edsto<\/strong><\/td>\n<td width=\"130\"><strong>Zem\u011b \/ D\u00e1lnice<\/strong><\/td>\n<td width=\"189\"><strong>km z Prahy<\/strong><\/td>\n<td width=\"148\"><strong>Provozovatel stanice<\/strong><\/td>\n<td width=\"260\"><strong>Max. dob\u00edjec\u00ed v\u00fdkon<\/strong><\/td>\n<\/tr>\n<tr>\n<td width=\"212\">Start \u2013 Praha<\/td>\n<td width=\"130\">CZE<\/td>\n<td width=\"189\"><\/td>\n<td width=\"148\"><\/td>\n<td width=\"260\"><\/td>\n<\/tr>\n<tr>\n<td width=\"212\">2 Hradec Kr\u00e1lov\u00e9<\/td>\n<td width=\"130\">CZE \/ D11<\/td>\n<td width=\"189\">110<\/td>\n<td width=\"148\">\u010cEZ<\/td>\n<td width=\"260\">300 kW<\/td>\n<\/tr>\n<tr>\n<td width=\"212\">3 Wroclav<\/td>\n<td width=\"130\">POL\/A8<\/td>\n<td width=\"189\">281<\/td>\n<td width=\"148\">EloCity<\/td>\n<td width=\"260\">150 kW<\/td>\n<\/tr>\n<tr>\n<td width=\"212\">4 Pozna\u0144<\/td>\n<td width=\"130\">POL\/A2<\/td>\n<td width=\"189\">418<\/td>\n<td width=\"148\">Ionity<\/td>\n<td width=\"260\">350 kW<\/td>\n<\/tr>\n<tr>\n<td width=\"212\">4 Pozna\u0144<\/td>\n<td width=\"130\">POL\/A2<\/td>\n<td width=\"189\">420<\/td>\n<td width=\"148\">GreenWay<\/td>\n<td width=\"260\">150 kW<\/td>\n<\/tr>\n<tr>\n<td width=\"212\">5 Olsze<\/td>\n<td width=\"130\">POL\/A1<\/td>\n<td width=\"189\">675<\/td>\n<td width=\"148\">Ionity<\/td>\n<td width=\"260\">350 kW<\/td>\n<\/tr>\n<tr>\n<td width=\"212\">C\u00edl \u2013 Gda\u0148sk<\/td>\n<td width=\"130\">POL \/ A1<\/td>\n<td width=\"189\">736<\/td>\n<td width=\"148\"><\/td>\n<td width=\"260\"><\/td>\n<\/tr>\n<\/tbody>\n<\/table>\n<p><em><i>\u201eEvropsk\u00e9 propojov\u00e1n\u00ed s\u00edt\u00ed provozovatel\u016f m\u00e1 jednozna\u010dn\u00e1 pozitiva, vid\u00edme to i na odb\u011brech z\u00e1kazn\u00edk\u016f jin\u00fdch oper\u00e1tor\u016f v\u00a0na\u0161\u00ed s\u00edti v\u00a0\u010cesk\u00e9 republice. Nyn\u00ed tito \u0159idi\u010di jin\u00fdch oper\u00e1tor\u016f odeb\u00edraj\u00ed p\u0159es 1\/3 z\u00a0celkov\u00e9ho dodan\u00e9ho mno\u017estv\u00ed energie na\u0161imi \u010cEZ futurego dob\u00edjec\u00edmi stanicemi. Abychom jim umo\u017enili kvalitn\u00ed a \u010dasov\u011b odpov\u00eddaj\u00edc\u00ed dob\u00edjen\u00ed, soust\u0159ed\u00edme se p\u0159i v\u00fdstavb\u011b na\u0161\u00ed s\u00edt\u011b hlavn\u011b na ultrarychl\u00e9 stojany. Jejich po\u010det chceme do konce roku zv\u00fd\u0161it nad hranici 200 stanic a jejich pod\u00edl na celkov\u00e9m v\u00fdkonu s\u00edt\u011b posunout p\u0159es 50 procent,\u201c <\/i><\/em>\u0159\u00edk\u00e1 <strong>mana\u017eer \u00fatvaru realizace a spr\u00e1va dob\u00edjec\u00edch stanic \u010cEZ Tom\u00e1\u0161 Chmel\u00edk<\/strong><em><i>.<\/i><\/em><\/p>\n<p>\u010cEZ futurego aktu\u00e1ln\u011b nab\u00edz\u00ed \u0159idi\u010d\u016fm slu\u017eby nejroz\u0161\u00ed\u0159en\u011bj\u0161\u00ed ve\u0159ejn\u00e9 dob\u00edjec\u00ed s\u00edt\u011b v\u00a0\u010cesk\u00e9 republice. Lid\u00e9 u nich na\u010derpaj\u00ed v\u00a0pr\u016fm\u011bru nejrychleji, a to d\u00edky nejvy\u0161\u0161\u00edmu celkov\u00e9mu v\u00fdkonu s\u00edt\u011b. Pro posledn\u00ed rok p\u0159itom plat\u00ed, \u017ee ka\u017ed\u00e1 \u010dtvrt\u00e1 nov\u011b postaven\u00e1 \u201edob\u00edje\u010dka\u201c \u010cEZ m\u011bla v\u00fdkon 150 kW a vy\u0161\u0161\u00ed, kter\u00fd umo\u017e\u0148uje \u0159idi\u010d\u016fm b\u011bhem 10 minut doplnit baterie na dal\u0161\u00edch a\u017e 150 km j\u00edzdy. Dob\u00edjec\u00ed huby s velk\u00fdmi po\u010dty stanic zase \u00fa\u010dinn\u011b odbour\u00e1vaj\u00ed \u010dek\u00e1n\u00ed \u0159idi\u010d\u016f na voln\u00fd dob\u00edjec\u00ed stojan. D\u00edky t\u011bmto faktor\u016fm i prob\u00edhaj\u00edc\u00ed z\u00e1kaznick\u00e9 slevov\u00e9 akci \u201eZ 0 na 100\u201c vzrostl po\u010det registrovan\u00fdch z\u00e1kazn\u00edk\u016f u\u017e na v\u00edce ne\u017e 35 tis\u00edc \u0159idi\u010d\u016f.<\/p>\n<p><img loading=\"lazy\" decoding=\"async\" class=\"alignnone size-full wp-image-13889\" src=\"http:\/\/www.automakers.cz\/wp-content\/uploads\/2025\/06\/CEZ-mapa2-Cesta-na-Balt.jpg\" alt=\"\" width=\"727\" height=\"826\" \/><\/p>\n<p>&nbsp;<\/p>\n<p><em><i>\u00a0<\/i><\/em><\/p>\n<p><em><i>\u00a0<\/i><\/em><\/p>\n","protected":false},"excerpt":{"rendered":"<p>Dojet k Jadranu nebo k polsk\u00e9mu Baltu elektromobilem s jednou mobiln\u00ed aplikac\u00ed nebo \u010dipem? Podle&#8230;<\/p>\n","protected":false},"author":1,"featured_media":13888,"comment_status":"closed","ping_status":"closed","sticky":false,"template":"","format":"standard","meta":{"footnotes":""},"categories":[47,9],"tags":[],"class_list":["post-13886","post","type-post","status-publish","format-standard","has-post-thumbnail","hentry","category-doprava","category-elektromobily"],"_links":{"self":[{"href":"https:\/\/www.automakers.cz\/index.php?rest_route=\/wp\/v2\/posts\/13886","targetHints":{"allow":["GET"]}}],"collection":[{"href":"https:\/\/www.automakers.cz\/index.php?rest_route=\/wp\/v2\/posts"}],"about":[{"href":"https:\/\/www.automakers.cz\/index.php?rest_route=\/wp\/v2\/types\/post"}],"author":[{"embeddable":true,"href":"https:\/\/www.automakers.cz\/index.php?rest_route=\/wp\/v2\/users\/1"}],"replies":[{"embeddable":true,"href":"https:\/\/www.automakers.cz\/index.php?rest_route=%2Fwp%2Fv2%2Fcomments&post=13886"}],"version-history":[{"count":4,"href":"https:\/\/www.automakers.cz\/index.php?rest_route=\/wp\/v2\/posts\/13886\/revisions"}],"predecessor-version":[{"id":13892,"href":"https:\/\/www.automakers.cz\/index.php?rest_route=\/wp\/v2\/posts\/13886\/revisions\/13892"}],"wp:featuredmedia":[{"embeddable":true,"href":"https:\/\/www.automakers.cz\/index.php?rest_route=\/wp\/v2\/media\/13888"}],"wp:attachment":[{"href":"https:\/\/www.automakers.cz\/index.php?rest_route=%2Fwp%2Fv2%2Fmedia&parent=13886"}],"wp:term":[{"taxonomy":"category","embeddable":true,"href":"https:\/\/www.automakers.cz\/index.php?rest_route=%2Fwp%2Fv2%2Fcategories&post=13886"},{"taxonomy":"post_tag","embeddable":true,"href":"https:\/\/www.automakers.cz\/index.php?rest_route=%2Fwp%2Fv2%2Ftags&post=13886"}],"curies":[{"name":"wp","href":"https:\/\/api.w.org\/{rel}","templated":true}]}}