{"id":139,"date":"2023-11-08T09:09:19","date_gmt":"2023-11-08T09:09:19","guid":{"rendered":"https:\/\/www.automakers.cz\/?p=139"},"modified":"2023-11-08T09:10:07","modified_gmt":"2023-11-08T09:10:07","slug":"e-salon-vw-id-buzz-s-vystavni-slevou","status":"publish","type":"post","link":"https:\/\/www.automakers.cz\/?p=139","title":{"rendered":"e-Salon: VW ID.Buzz s v\u00fdstavn\u00ed slevou"},"content":{"rendered":"<p class=\"xmprfx_MsoNormal\"><b>Volkswagen U\u017eitkov\u00e9 vozy p\u0159ipravil u p\u0159\u00edle\u017eitosti veletrhu \u010dist\u00e9 mobility e-SALON v Let\u0148anech exkluzivn\u00ed nab\u00eddku modelu ID. Buzz. Vybaven\u00e9 vozy Pro \u201elimitovan\u00e1 edice 260\u201c je mo\u017en\u00e9 po\u0159\u00eddit se zv\u00fdhodn\u011bn\u00edm v\u00edce ne\u017e 260 000 K\u010d v\u010detn\u011b DPH. <\/b><!--more--><\/p>\n<p class=\"xmprfx_MsoNormal\">S\u00a0mimo\u0159\u00e1dn\u00fdm zv\u00fdhodn\u011bn\u00edm jsou nab\u00edzeny tak\u00e9 skladov\u00e9 a p\u0159edv\u00e1d\u011bc\u00ed vozy ID. Buzz.<\/p>\n<p class=\"xmprfx_MsoNormal\">\u201eV expozici zna\u010dky Volkswagen U\u017eitkov\u00e9 vozy na nadch\u00e1zej\u00edc\u00edm veletrhu \u010dist\u00e9 mobility e-SALON v pra\u017esk\u00fdch Let\u0148anech bude hlavn\u00ed pozornost zam\u011b\u0159ena na n\u00e1\u0161 elektromobil ID. Buzz. P\u0159i t\u00e9 p\u0159\u00edle\u017eitosti jsme pro na\u0161e z\u00e1kazn\u00edky p\u0159ipravili exkluzivn\u00ed limitovanou edici 260, kter\u00e1 nab\u00eddne v\u016fz s velmi bohatou s\u00e9riovou v\u00fdbavou za mimo\u0159\u00e1dn\u011b atraktivn\u00ed cenu,\u201c \u0159\u00edk\u00e1 Mirka Cimrov\u00e1, \u0159editelka divize Volkswagen U\u017eitkov\u00e9 vozy spole\u010dnosti Porsche \u010cesk\u00e1 republika, a dod\u00e1v\u00e1:<\/p>\n<p class=\"xmprfx_MsoNormal\">\u201eNa\u0161im z\u00e1kazn\u00edk\u016fm se vyplat\u00ed tak\u00e9 nahl\u00e9dnut\u00ed do nab\u00eddky skladov\u00fdch a p\u0159edv\u00e1d\u011bc\u00edch voz\u016f ID. Buzz, kter\u00e9 jsou za velmi p\u0159\u00edzniv\u00fdch podm\u00ednek p\u0159ipraveny ihned k odb\u011bru u na\u0161ich autorizovan\u00fdch prodejc\u016f.\u201c<\/p>\n<p class=\"xmprfx_MsoNormal\">Nov\u00fd Volkswagen ID. Buzz Pro \u201elimitovan\u00e1 edice 260\u201c je \u010dasov\u011b omezenou nab\u00eddkou, kter\u00e1 z\u00e1kazn\u00edk\u016fm u\u0161et\u0159\u00ed v\u00edce ne\u017e 260\u00a0000 K\u010d v\u010detn\u011b DPH. Tento speci\u00e1ln\u00ed model byl vytvo\u0159en u p\u0159\u00edle\u017eitosti p\u00e1t\u00e9ho ro\u010dn\u00edku veletrhu \u010dist\u00e9 mobility e-SALON 2023, kter\u00fd se uskute\u010dn\u00ed ve dnech 9. a\u017e 12. listopadu 2023 na v\u00fdstavi\u0161ti PVA EXPO PRAHA v\u00a0Let\u0148anech.<\/p>\n<p><strong>Zdroj: Zorka Ma\u0161kov\u00e1<\/strong><\/p>\n","protected":false},"excerpt":{"rendered":"<p>Volkswagen U\u017eitkov\u00e9 vozy p\u0159ipravil u p\u0159\u00edle\u017eitosti veletrhu \u010dist\u00e9 mobility e-SALON v Let\u0148anech exkluzivn\u00ed nab\u00eddku modelu&#8230;<\/p>\n","protected":false},"author":1,"featured_media":140,"comment_status":"open","ping_status":"open","sticky":false,"template":"","format":"standard","meta":{"footnotes":""},"categories":[24,9],"tags":[],"class_list":["post-139","post","type-post","status-publish","format-standard","has-post-thumbnail","hentry","category-akce","category-elektromobily"],"_links":{"self":[{"href":"https:\/\/www.automakers.cz\/index.php?rest_route=\/wp\/v2\/posts\/139","targetHints":{"allow":["GET"]}}],"collection":[{"href":"https:\/\/www.automakers.cz\/index.php?rest_route=\/wp\/v2\/posts"}],"about":[{"href":"https:\/\/www.automakers.cz\/index.php?rest_route=\/wp\/v2\/types\/post"}],"author":[{"embeddable":true,"href":"https:\/\/www.automakers.cz\/index.php?rest_route=\/wp\/v2\/users\/1"}],"replies":[{"embeddable":true,"href":"https:\/\/www.automakers.cz\/index.php?rest_route=%2Fwp%2Fv2%2Fcomments&post=139"}],"version-history":[{"count":3,"href":"https:\/\/www.automakers.cz\/index.php?rest_route=\/wp\/v2\/posts\/139\/revisions"}],"predecessor-version":[{"id":143,"href":"https:\/\/www.automakers.cz\/index.php?rest_route=\/wp\/v2\/posts\/139\/revisions\/143"}],"wp:featuredmedia":[{"embeddable":true,"href":"https:\/\/www.automakers.cz\/index.php?rest_route=\/wp\/v2\/media\/140"}],"wp:attachment":[{"href":"https:\/\/www.automakers.cz\/index.php?rest_route=%2Fwp%2Fv2%2Fmedia&parent=139"}],"wp:term":[{"taxonomy":"category","embeddable":true,"href":"https:\/\/www.automakers.cz\/index.php?rest_route=%2Fwp%2Fv2%2Fcategories&post=139"},{"taxonomy":"post_tag","embeddable":true,"href":"https:\/\/www.automakers.cz\/index.php?rest_route=%2Fwp%2Fv2%2Ftags&post=139"}],"curies":[{"name":"wp","href":"https:\/\/api.w.org\/{rel}","templated":true}]}}