{"id":13901,"date":"2025-06-13T07:02:52","date_gmt":"2025-06-13T07:02:52","guid":{"rendered":"https:\/\/www.automakers.cz\/?p=13901"},"modified":"2025-06-13T07:03:08","modified_gmt":"2025-06-13T07:03:08","slug":"vwfs-letos-financuje-918-elektromobilu","status":"publish","type":"post","link":"https:\/\/www.automakers.cz\/?p=13901","title":{"rendered":"Volkswagen FS letos financuje 918 elektromobil\u016f"},"content":{"rendered":"<p><strong>Volkswagen Financial Services (VWFS) profinancovala v prvn\u00edch p\u011bti m\u011bs\u00edc\u00edch elektromobil 918 klient\u016fm, kte\u0159\u00ed si po\u0159\u00eddili elektricky poh\u00e1n\u011bn\u00e9 modely zna\u010dek \u0160koda, Volkswagen, Porsche a Audi. VWFS podporuje rozvoj elektromobility v \u010cesk\u00e9 republice tak\u00e9 p\u016fj\u010dovnou elektromobil\u016f.<\/strong><!--more--><\/p>\n<p>\u201eM\u00e1m velkou radost, \u017ee se n\u00e1m v prvn\u00edch p\u011bti m\u011bs\u00edc\u00edch poda\u0159ilo dos\u00e1hnout velmi dobr\u00fdch v\u00fdsledk\u016f s\u00a0meziro\u010dn\u00edm n\u00e1r\u016fstem celkov\u00e9ho po\u010dtu smluv o 22,4 %. Tento n\u00e1r\u016fst plat\u00ed i pro oblast elektromobility, jej\u00ed\u017e rozvoj v \u010cesku ji\u017e \u0159adu let aktivn\u011b podporujeme,\u201c \u0159\u00edk\u00e1 Vratislav Stra\u0161il, jednatel spole\u010dnosti Volkswagen Financial Services, a dod\u00e1v\u00e1:<\/p>\n<p>\u201eNa\u0161i klienti obzvl\u00e1\u0161\u0165 oce\u0148uj\u00ed mo\u017enost d\u016fkladn\u011b se sezn\u00e1mit s\u00a0elektromobilitou a vyzkou\u0161et si ka\u017edodenn\u00ed \u017eivot s\u00a0elektromobilem v\u00a0re\u00e1ln\u00fdch podm\u00ednk\u00e1ch bez jak\u00fdchkoli z\u00e1vazk\u016f d\u00edky na\u0161\u00ed p\u016fj\u010dovn\u011b elektromobil\u016f.\u201c<\/p>\n<figure id=\"attachment_323\" aria-describedby=\"caption-attachment-323\" style=\"width: 500px\" class=\"wp-caption alignnone\"><img loading=\"lazy\" decoding=\"async\" class=\"size-full wp-image-323\" src=\"http:\/\/www.automakers.cz\/wp-content\/uploads\/2023\/11\/Strasil-Vratislav-ridic-e1678266008285.png\" alt=\"\" width=\"500\" height=\"333\" \/><figcaption id=\"caption-attachment-323\" class=\"wp-caption-text\">Jednatel Volkswagen Financial Services Vratislav Stra\u0161il<\/figcaption><\/figure>\n<p>V\u00a0\u010d\u00edseln\u00e9m vyj\u00e1d\u0159en\u00ed vzrostl od ledna do kv\u011btna 2025 po\u010det uzav\u0159en\u00fdch smluv na financov\u00e1n\u00ed elektromobil\u016f meziro\u010dn\u011b ze 196 na 918 (+368,4 %) a pod\u00edl financov\u00e1n\u00ed VWFS na celkov\u00e9m po\u010dtu registrovan\u00fdch nov\u00fdch koncernov\u00fdch elektromobil\u016f se zv\u00fd\u0161il z\u00a030,3 % na 36,7 %.<\/p>\n<p><strong>Nejv\u011bt\u0161\u00ed z\u00e1jem je o Elroq a Enyaq<\/strong><\/p>\n<p>Volkswagen Financial Services dos\u00e1hl v\u00a0obdob\u00ed od ledna do kv\u011btna 2025 nejv\u011bt\u0161\u00edch \u00fasp\u011bch\u016f v\u00a0oblasti elektromobility s pln\u011b\u00a0elektrick\u00fdmi modely \u0160koda Elroq (letos zat\u00edm 313 smluv) a Enyaq (310 smluv), z\u00a0nich\u017e prvn\u00ed v po\u0159ad\u00ed je leto\u0161n\u00ed novinkou. Velk\u00fd z\u00e1jem o v\u00fdhodn\u00e9 financov\u00e1n\u00ed od VWFS projevili tak\u00e9 z\u00e1kazn\u00edci, kte\u0159\u00ed se rozhodli pro model ID.7 (101 smluv), elektrickou vlajkovou lo\u010f zna\u010dky Volkswagen, a pro modely ID.3 (65 smluv) nebo ID. Buzz (73 smluv). Za\u0159azen\u00ed pr\u00e9miov\u00fdch elektromobil\u016f Porsche Macan a Audi Q6 e-tron do vozov\u00e9ho parku p\u016fj\u010dovny elektromobil\u016f p\u0159ineslo zv\u00fd\u0161en\u00fd z\u00e1jem i o tyto elektricky poh\u00e1n\u011bn\u00e9 modely.<\/p>\n<p>P\u016fj\u010dovna elektromobil\u016f spole\u010dnosti Volkswagen Financial Services, kterou mohou vyu\u017e\u00edt firmy s\u00a0vozov\u00fdm parkem ji\u017e od jednoho vozu, aktu\u00e1ln\u011b nab\u00edz\u00ed zap\u016fj\u010den\u00ed luxusn\u00edch SUV Porsche Macan a Audi Q6 e-tron za 1500 K\u010d bez DPH za den. Ji\u017e od 700 K\u010d bez DPH za den s\u00a0neomezen\u00fdm po\u010dtem ujet\u00fdch kilometr\u016f si mohou z\u00e1jemci o elektromobilitu zap\u016fj\u010dit obl\u00edben\u00e9 elektrick\u00e9 modely \u0160koda Elroq a Volkswagen ID.7. Doba pron\u00e1jmu se m\u016f\u017ee pohybovat mezi 7 a 30 dny, v\u00a0praxi to b\u00fdv\u00e1 v\u00a0pr\u016fm\u011bru kolem dvou t\u00fddn\u016f. N\u00e1jemn\u00e9 pro v\u0161echny modely zahrnuje tak\u00e9 poji\u0161t\u011bn\u00ed, dob\u00edjec\u00ed kartu a servisn\u00ed kartu s\u00a0kontaktn\u00edmi \u00fadaji technick\u00e9 asistence.<\/p>\n<p><strong>Zdroj:VWFS<\/strong><\/p>\n<p><img loading=\"lazy\" decoding=\"async\" class=\"alignnone size-medium wp-image-1549\" src=\"https:\/\/www.czechbanking.cz\/wp-content\/uploads\/2024\/08\/VWFS-budova-showroom-300x225.jpg\" alt=\"\" width=\"300\" height=\"225\" \/><\/p>\n<p>&nbsp;<\/p>\n","protected":false},"excerpt":{"rendered":"<p>Volkswagen Financial Services (VWFS) profinancovala v prvn\u00edch p\u011bti m\u011bs\u00edc\u00edch elektromobil 918 klient\u016fm, kte\u0159\u00ed si po\u0159\u00eddili&#8230;<\/p>\n","protected":false},"author":1,"featured_media":13902,"comment_status":"closed","ping_status":"closed","sticky":false,"template":"","format":"standard","meta":{"footnotes":""},"categories":[45,33,10],"tags":[],"class_list":["post-13901","post","type-post","status-publish","format-standard","has-post-thumbnail","hentry","category-finance","category-leasing","category-statistika"],"_links":{"self":[{"href":"https:\/\/www.automakers.cz\/index.php?rest_route=\/wp\/v2\/posts\/13901","targetHints":{"allow":["GET"]}}],"collection":[{"href":"https:\/\/www.automakers.cz\/index.php?rest_route=\/wp\/v2\/posts"}],"about":[{"href":"https:\/\/www.automakers.cz\/index.php?rest_route=\/wp\/v2\/types\/post"}],"author":[{"embeddable":true,"href":"https:\/\/www.automakers.cz\/index.php?rest_route=\/wp\/v2\/users\/1"}],"replies":[{"embeddable":true,"href":"https:\/\/www.automakers.cz\/index.php?rest_route=%2Fwp%2Fv2%2Fcomments&post=13901"}],"version-history":[{"count":3,"href":"https:\/\/www.automakers.cz\/index.php?rest_route=\/wp\/v2\/posts\/13901\/revisions"}],"predecessor-version":[{"id":13905,"href":"https:\/\/www.automakers.cz\/index.php?rest_route=\/wp\/v2\/posts\/13901\/revisions\/13905"}],"wp:featuredmedia":[{"embeddable":true,"href":"https:\/\/www.automakers.cz\/index.php?rest_route=\/wp\/v2\/media\/13902"}],"wp:attachment":[{"href":"https:\/\/www.automakers.cz\/index.php?rest_route=%2Fwp%2Fv2%2Fmedia&parent=13901"}],"wp:term":[{"taxonomy":"category","embeddable":true,"href":"https:\/\/www.automakers.cz\/index.php?rest_route=%2Fwp%2Fv2%2Fcategories&post=13901"},{"taxonomy":"post_tag","embeddable":true,"href":"https:\/\/www.automakers.cz\/index.php?rest_route=%2Fwp%2Fv2%2Ftags&post=13901"}],"curies":[{"name":"wp","href":"https:\/\/api.w.org\/{rel}","templated":true}]}}