{"id":14019,"date":"2025-06-18T05:32:47","date_gmt":"2025-06-18T05:32:47","guid":{"rendered":"https:\/\/www.automakers.cz\/?p=14019"},"modified":"2025-06-18T05:32:47","modified_gmt":"2025-06-18T05:32:47","slug":"rachac-reditelem-geosan-development","status":"publish","type":"post","link":"https:\/\/www.automakers.cz\/?p=14019","title":{"rendered":"Racha\u010d \u0159editelem Geosan Development"},"content":{"rendered":"<p><strong>Geosan Development pov\u00fd\u0161il Radoslava Racha\u010de (49) do funkce \u0159editele a jednatele. Ve spole\u010dnosti p\u016fsob\u00ed od roku 2005, p\u0159i\u010dem\u017e na novou pozici p\u0159ech\u00e1z\u00ed z dosavadn\u00ed role ekonomick\u00e9ho \u0159editele a jednatele, kterou ve firm\u011b zast\u00e1val od roku 2014. <\/strong><!--more--><\/p>\n<p>Radoslava Racha\u010de se dlouhodob\u011b anga\u017eoval ve veden\u00ed kl\u00ed\u010dov\u00fdch oblast\u00ed, zahrnuj\u00edc\u00edch projektov\u00e9 financov\u00e1n\u00ed a ekonomiku developersk\u00e9 skupiny, \u00fa\u010detn\u00ed agendu, akvizice a komunikaci s bankovn\u00edmi institucemi i st\u00e1tn\u00edmi org\u00e1ny. Nov\u011b bude zodpov\u011bdn\u00fd tak\u00e9 za strategick\u00e9 pl\u00e1nov\u00e1n\u00ed a operativn\u00ed \u0159\u00edzen\u00ed spole\u010dnosti.<\/p>\n<p>\u201eV Geosan Development p\u016fsob\u00edm ji\u017e dvacet let a za tu dobu jsem se mohl aktivn\u011b pod\u00edlet na jej\u00edm r\u016fstu i z\u00e1sadn\u00edch rozhodnut\u00edch. Vn\u00edm\u00e1m ji jako siln\u00e9ho hr\u00e1\u010de se stabiln\u00edm z\u00e1zem\u00edm na pra\u017esk\u00e9m trhu reziden\u010dn\u00edch nemovitost\u00ed a jasnou viz\u00ed do budoucna. R\u00e1d bych nav\u00e1zal na to, co jsme spole\u010dn\u011b dosud vybudovali, a posunul firmu o v\u00fdznamn\u00fd kus d\u00e1l \u2013 se zam\u011b\u0159en\u00edm na celkovou efektivitu \u0159\u00edzen\u00ed a dal\u0161\u00ed rozvoj projekt\u016f i vztah\u016f s kl\u00ed\u010dov\u00fdmi partnery, kam samoz\u0159ejm\u011b \u0159ad\u00edm i na\u0161e klienty,\u201c \u0159\u00edk\u00e1 Radoslav Racha\u010d k n\u00e1stupu do nov\u00e9 funkce.<\/p>\n<p>Radoslav Racha\u010d dos\u00e1hl vysoko\u0161kolsk\u00e9ho vzd\u011bl\u00e1n\u00ed ekonomick\u00e9ho zam\u011b\u0159en\u00ed a sou\u010dasn\u011b m\u00e1 25let\u00e9 pracovn\u00ed zku\u0161enosti v oblasti finan\u010dn\u00edho \u0159\u00edzen\u00ed a korpor\u00e1tn\u00edho rozvoje. P\u0159ed n\u00e1stupem do Geosan Development p\u016fsobil nejprve sedm let jako finan\u010dn\u00ed \u0159editel ve spole\u010dnosti Charouz Holding s v\u00fdhradn\u00edm zastoupen\u00edm zna\u010dek Bauer, Speedo, Mitre a Reusch. N\u00e1sledn\u011b zast\u00e1val stejnou pozici ve firm\u011b JRC, kter\u00e1 je jedni\u010dkou na trhu s hern\u00edm sortimentem.<\/p>\n<p><strong>Radoslav Racha\u010d hovo\u0159\u00ed anglicky. Ve voln\u00e9m \u010dase se v\u011bnuje d\u011btem, sportu, zahrad\u011b, cestov\u00e1n\u00ed a objevov\u00e1n\u00ed tuzemsk\u00fdch minipivovar\u016f.<\/strong><\/p>\n<p><img loading=\"lazy\" decoding=\"async\" class=\"alignnone wp-image-14024\" src=\"http:\/\/www.automakers.cz\/wp-content\/uploads\/2025\/06\/Geosan-Development_Radoslav-Rachac_03-small-2-1-636x900.jpg\" alt=\"\" width=\"979\" height=\"1385\" srcset=\"https:\/\/www.automakers.cz\/wp-content\/uploads\/2025\/06\/Geosan-Development_Radoslav-Rachac_03-small-2-1-636x900.jpg 636w, https:\/\/www.automakers.cz\/wp-content\/uploads\/2025\/06\/Geosan-Development_Radoslav-Rachac_03-small-2-1-724x1024.jpg 724w, https:\/\/www.automakers.cz\/wp-content\/uploads\/2025\/06\/Geosan-Development_Radoslav-Rachac_03-small-2-1-768x1086.jpg 768w, https:\/\/www.automakers.cz\/wp-content\/uploads\/2025\/06\/Geosan-Development_Radoslav-Rachac_03-small-2-1-1086x1536.jpg 1086w, https:\/\/www.automakers.cz\/wp-content\/uploads\/2025\/06\/Geosan-Development_Radoslav-Rachac_03-small-2-1-1448x2048.jpg 1448w, https:\/\/www.automakers.cz\/wp-content\/uploads\/2025\/06\/Geosan-Development_Radoslav-Rachac_03-small-2-1-1024x1448.jpg 1024w, https:\/\/www.automakers.cz\/wp-content\/uploads\/2025\/06\/Geosan-Development_Radoslav-Rachac_03-small-2-1-scaled.jpg 1810w\" sizes=\"auto, (max-width: 979px) 100vw, 979px\" \/><\/p>\n","protected":false},"excerpt":{"rendered":"<p>Geosan Development pov\u00fd\u0161il Radoslava Racha\u010de (49) do funkce \u0159editele a jednatele. Ve spole\u010dnosti p\u016fsob\u00ed od&#8230;<\/p>\n","protected":false},"author":2,"featured_media":14023,"comment_status":"closed","ping_status":"closed","sticky":false,"template":"","format":"standard","meta":{"footnotes":""},"categories":[6,5],"tags":[],"class_list":["post-14019","post","type-post","status-publish","format-standard","has-post-thumbnail","hentry","category-management","category-personalie"],"_links":{"self":[{"href":"https:\/\/www.automakers.cz\/index.php?rest_route=\/wp\/v2\/posts\/14019","targetHints":{"allow":["GET"]}}],"collection":[{"href":"https:\/\/www.automakers.cz\/index.php?rest_route=\/wp\/v2\/posts"}],"about":[{"href":"https:\/\/www.automakers.cz\/index.php?rest_route=\/wp\/v2\/types\/post"}],"author":[{"embeddable":true,"href":"https:\/\/www.automakers.cz\/index.php?rest_route=\/wp\/v2\/users\/2"}],"replies":[{"embeddable":true,"href":"https:\/\/www.automakers.cz\/index.php?rest_route=%2Fwp%2Fv2%2Fcomments&post=14019"}],"version-history":[{"count":4,"href":"https:\/\/www.automakers.cz\/index.php?rest_route=\/wp\/v2\/posts\/14019\/revisions"}],"predecessor-version":[{"id":14027,"href":"https:\/\/www.automakers.cz\/index.php?rest_route=\/wp\/v2\/posts\/14019\/revisions\/14027"}],"wp:featuredmedia":[{"embeddable":true,"href":"https:\/\/www.automakers.cz\/index.php?rest_route=\/wp\/v2\/media\/14023"}],"wp:attachment":[{"href":"https:\/\/www.automakers.cz\/index.php?rest_route=%2Fwp%2Fv2%2Fmedia&parent=14019"}],"wp:term":[{"taxonomy":"category","embeddable":true,"href":"https:\/\/www.automakers.cz\/index.php?rest_route=%2Fwp%2Fv2%2Fcategories&post=14019"},{"taxonomy":"post_tag","embeddable":true,"href":"https:\/\/www.automakers.cz\/index.php?rest_route=%2Fwp%2Fv2%2Ftags&post=14019"}],"curies":[{"name":"wp","href":"https:\/\/api.w.org\/{rel}","templated":true}]}}