{"id":14131,"date":"2025-06-20T10:04:40","date_gmt":"2025-06-20T10:04:40","guid":{"rendered":"https:\/\/www.automakers.cz\/?p=14131"},"modified":"2025-06-20T10:14:21","modified_gmt":"2025-06-20T10:14:21","slug":"kupka-podepsal-memorandum-pro-autonomni-dopravu","status":"publish","type":"post","link":"https:\/\/www.automakers.cz\/?p=14131","title":{"rendered":"Kupka podepsal memorandum pro autonomn\u00ed dopravu"},"content":{"rendered":"<p><strong>Ministerstvo dopravy, Sdru\u017een\u00ed automobilov\u00e9ho pr\u016fmyslu a Svaz dovozc\u016f automobil\u016f spole\u010dn\u011b podepsaly memorandum, kter\u00e9 vymezuje sm\u011bry dal\u0161\u00edho rozvoje autonomn\u00ed mobility v \u010cesku. Slavnostn\u00ed podpis prob\u011bhl v r\u00e1mci kulat\u00e9ho stolu \u201e\u010cesko na prahu autonomn\u00ed mobility\u201c.<\/strong><!--more--><\/p>\n<p>\u201eVymezujeme konkr\u00e9tn\u00ed oblas spolupr\u00e1ce a z\u00e1kladn\u00ed body dal\u0161\u00edho rozvoje autonomn\u00ed mobility v \u010cesku, proto\u017ee p\u0159ijem nov\u00e9 legislativy od ledna 2026 rozvoj t\u00e9to oblas u n\u00e1s nekon\u010d\u00ed. Sp\u00ed\u0161e naopak,\u201c \u0159\u00edk\u00e1 ministr dopravy Martin Kupka.<\/p>\n<p>Memorandum se v\u011bnuje zaji\u0161t\u011bn\u00ed podpory v\u00fdzkumu a v\u00fdvoje autonomn\u00ed mobility, vhodn\u00fdch podm\u00ednek pro v\u00fdvoj, testov\u00e1n\u00ed a provoz automatizovan\u00fdch a pln\u011b automatizovan\u00fdch vozidel a souvisej\u00edc\u00edch technologi\u00ed. Sou\u010dasn\u011b stanovuje r\u00e1mec pro podporu aktivit zam\u011b\u0159en\u00fdch na zvy\u0161ov\u00e1n\u00ed pov\u011bdom\u00ed o autonomn\u00ed mobilit\u011b, souvisej\u00edc\u00edch technologi\u00edch a slu\u017eb\u00e1ch. D\u00e1le se zam\u011b\u0159uje na podporu technick\u00e9ho vzd\u011bl\u00e1v\u00e1n\u00ed a z\u00e1jmu o tento obor. V neposledn\u00ed \u0159ad\u011b m\u00e1 tak\u00e9 napomoci vytvo\u0159en\u00ed legislativy, kter\u00e1 umo\u017en\u00ed provoz pln\u011b automa zovan\u00fdch vozidel (SAE \u00farovn\u011b L4 a L5) v b\u011b\u017en\u00e9m silni\u010dn\u00edm provozu na \u00fazem\u00ed \u010cesk\u00e9 republiky, a to v souladu s evropsk\u00fdmi i mezin\u00e1rodn\u00edmi pr\u00e1vn\u00edmi p\u0159edpisy.<\/p>\n<p><img loading=\"lazy\" decoding=\"async\" class=\"alignnone size-medium wp-image-9184\" src=\"http:\/\/www.automakers.cz\/wp-content\/uploads\/2024\/11\/Valeo-automated-parking-900x506.jpg\" alt=\"\" width=\"900\" height=\"506\" srcset=\"https:\/\/www.automakers.cz\/wp-content\/uploads\/2024\/11\/Valeo-automated-parking-900x506.jpg 900w, https:\/\/www.automakers.cz\/wp-content\/uploads\/2024\/11\/Valeo-automated-parking-1024x576.jpg 1024w, https:\/\/www.automakers.cz\/wp-content\/uploads\/2024\/11\/Valeo-automated-parking-768x432.jpg 768w, https:\/\/www.automakers.cz\/wp-content\/uploads\/2024\/11\/Valeo-automated-parking-1536x864.jpg 1536w, https:\/\/www.automakers.cz\/wp-content\/uploads\/2024\/11\/Valeo-automated-parking-1280x720.jpg 1280w, https:\/\/www.automakers.cz\/wp-content\/uploads\/2024\/11\/Valeo-automated-parking.jpg 2040w\" sizes=\"auto, (max-width: 900px) 100vw, 900px\" \/>Posledn\u00ed zmi\u0148ovan\u00e1 oblast navazuje na leto\u0161n\u00ed novelu silni\u010dn\u00edho z\u00e1kona, kter\u00e1 od 1. ledna 2026 umo\u017en\u00ed v \u010cesk\u00e9 republice provoz automatizovan\u00fdch vozidel \u00farovn\u011b SAE L3. D\u00edky pokro\u010dil\u00fdm technologi\u00edm dok\u00e1\u017eou tato vozidla jezdit autonomn\u011b, tedy bez z\u00e1sahu \u0159idi\u010de, v ur\u010dit\u00fdch situac\u00edch \u2013 nap\u0159\u00edklad p\u0159i popoj\u00ed\u017ed\u011bn\u00ed v kolon\u00e1ch n\u00edzkou rychlos nebo p\u0159i j\u00edzd\u011b na d\u00e1lnici.<\/p>\n<p>Do budoucna se po\u010d\u00edt\u00e1 s dal\u0161\u00edm rozvojem legislativy sm\u011brem k vy\u0161\u0161\u00edm \u00farovn\u00edm automatizace, tedy k vozidl\u016fm SAE L4 a L5. Tato vozidla budou schopna zcela samostatn\u00e9ho provozu bez p\u0159\u00edtomnosti \u0159idi\u010de. V praxi to znamen\u00e1 nap\u0159\u00edklad autonomn\u00ed robotaxi operuj\u00edc\u00ed v p\u0159edem vymezen\u00fdch m\u011bstsk\u00fdch oblastech, autonomn\u00ed autobusy pro ve\u0159ejnou dopravu nebo pln\u011b automa zovan\u00e1 n\u00e1kladn\u00ed vozidla ur\u010den\u00e1 pro d\u00e1lkovou p\u0159epravu \u010di doru\u010dov\u00e1n\u00ed z\u00e1silek na tzv. posledn\u00ed m\u00edli. Z legislativn\u00edho hlediska tak \u010cesk\u00e1 republika vstupuje do nov\u00e9 etapy, kter\u00e1 m\u00e1 p\u0159ipravit podm\u00ednky pro b\u011b\u017en\u00fd provoz autonomn\u00edch vozidel v re\u00e1ln\u00e9m dopravn\u00edm prost\u0159ed\u00ed.<\/p>\n<p><strong>V\u00fdzkumn\u00e1 a testovac\u00ed infrastruktura<\/strong><\/p>\n<p>V oblasti v\u00fdzkumu a v\u00fdvoje se dokument memoranda zam\u011b\u0159uje p\u0159edev\u0161\u00edm na pos\u00edlen\u00ed podpory st\u00e1vaj\u00edc\u00edch i nov\u011b vznikaj\u00edc\u00edch program\u016f orientovan\u00fdch na autonomn\u00ed mobilitu, souvisej\u00edc\u00ed technologie a pot\u0159ebnou v\u00fdzkumnou a testovac\u00ed infrastrukturu. Kl\u00ed\u010dovou roli zde sehr\u00e1vaj\u00ed \u010desk\u00e9 akademick\u00e9 instituce, kter\u00e9 se autonomn\u00ed mobilit\u011b v\u011bnuj\u00ed dlouhodob\u011b a maj\u00ed v t\u00e9to oblas prokazateln\u00e9 aplika\u010dn\u00ed v\u00fdsledky.<\/p>\n<p>\u00da\u010dastn\u00edci memoranda se zavazuj\u00ed s t\u011bmito institucemi aktivn\u011b spolupracovat na realizaci v\u00fdzkumn\u00fdch a v\u00fdvojov\u00fdch ak vit. Podm\u00ednky pro v\u00fdvoj a testovan\u00ed se budou d\u00e1le rozv\u00edjet nap\u0159\u00edklad prost\u0159ednictv\u00edm podpory \u017eiv\u00fdch laborato\u0159\u00ed (living labs) a testovac\u00edch kapacit pro ov\u011b\u0159ov\u00e1n\u00ed autonomn\u00ed mobility v re\u00e1ln\u00e9m prost\u0159ed\u00ed. Pos\u00edleny maj\u00ed b\u00fdt rovn\u011b\u017e kapacity pro homologa\u010dn\u00ed zkou\u0161ky a testov\u00e1n\u00ed automa zovan\u00fdch i pln\u011b automa zovan\u00fdch vozidel. V neposledn\u00ed \u0159ad\u011b se pl\u00e1nuje rozvoj testovac\u00ed infrastruktury a zku\u0161ebn\u00edch polygon\u016f v \u010cesk\u00e9 republice, kter\u00e9 budou kl\u00ed\u010dov\u00e9 pro ov\u011b\u0159ov\u00e1n\u00ed bezpe\u010dnos a funk\u010dnos nov\u00fdch syst\u00e9m\u016f p\u0159ed jejich uveden\u00edm do b\u011b\u017en\u00e9ho provozu.<\/p>\n<p>Ministerstvo dopravy bude rovn\u011b\u017e usilovat o podporu rozvoje digit\u00e1ln\u00ed infrastruktury, kter\u00e1 je nezbytn\u00fdm p\u0159edpokladem pro testov\u00e1n\u00ed i samotn\u00fd provoz autonomn\u00edch vozidel. Tato snaha zahrnuje budov\u00e1n\u00ed modern\u00edch telema ck\u00fdch syst\u00e9m\u016f a zaji\u0161t\u011bn\u00ed dostupnos kvalitn\u00edch a otev\u0159en\u00fdch dat o dopravn\u00ed infrastruktu\u0159e a aktu\u00e1ln\u00edm provozu. Sdru\u017een\u00ed automobilov\u00e9ho pr\u016fmyslu (AutoSAP) a Svaz dovozc\u016f automobil\u016f (SDA) se budou pod\u00edlet na definov\u00e1n\u00ed priorit z pohledu automobilov\u00e9ho sektoru a z\u00e1rove\u0148 se o\u010dek\u00e1v\u00e1 jejich ak vn\u00ed zapojen\u00ed do n\u00e1rodn\u00edch i mezin\u00e1rodn\u00edch inicia v, jejich\u017e c\u00edlem je sladit \u010desk\u00fd p\u0159\u00edstup s evropsk\u00fdm a glob\u00e1ln\u00edm v\u00fdvojem v oblas autonomn\u00ed mobility.<\/p>\n<p>\u201ePodpis memoranda vn\u00edm\u00e1me jako d\u016fle\u017eit\u00fd miln\u00edk, kter\u00fd potvrzuje dlouhodobou snahu \u010desk\u00e9ho automobilov\u00e9ho pr\u016fmyslu ak vn\u011b spoluvytv\u00e1\u0159et podm\u00ednky pro bezpe\u010dn\u00fd a efek vn\u00ed rozvoj autonomn\u00ed mobility v \u010cR. Skrze zakotven\u00ed jasn\u00e9ho legisla vn\u00edho r\u00e1mce pro provoz a nastaven\u00ed vhodn\u00fdch podm\u00ednek pro testov\u00e1n\u00ed vozidel jsou firmy mo vov\u00e1ny investovat do v\u00fdvoje, v\u00fdroby i exportu pokro\u010dil\u00fdch technologi\u00ed. To je kl\u00ed\u010dov\u00e9 pro udr\u017een\u00ed na\u0161\u00ed konkurenceschopnos v Evrop\u011b i ve sv\u011bt\u011b,\u201c \u0159\u00edk\u00e1 Zden\u011bk Petzl, v\u00fdkonn\u00fd \u0159editel Sdru\u017een\u00ed automobilov\u00e9ho pr\u016fmyslu.<\/p>\n<p>Mezi legislati vn\u00edmi opat\u0159en\u00edmi je kl\u00ed\u010dov\u00e1 zejm\u00e9na p\u0159\u00edprava \u00faprav z\u00e1kon\u016f, kter\u00e9 by od roku 2027 umo\u017enily provoz pln\u011b autonomn\u00edch vozidel v b\u011b\u017en\u00e9m silni\u010dn\u00edm provozu. AutoSAP a SDA z\u00e1rove\u0148 nab\u00eddne expertn\u00ed kapacity do evropsk\u00fdch a mezin\u00e1rodn\u00edch pracovn\u00edch skupin, kde budou poskytovat podporu p\u0159i tvorb\u011b jednotn\u00e9ho legisla vn\u00edho a regula\u010dn\u00edho r\u00e1mce pro schvalov\u00e1n\u00ed a provoz automa zovan\u00fdch vozidel nap\u0159\u00ed\u010d EU.<\/p>\n<p>\u201eModern\u00ed technologie se st\u00e1le rychleji uplat\u0148uj\u00ed v nab\u00eddce nov\u00fdch vozidel, je proto velice d\u016fle\u017eit\u00e9 m\u00edt v \u010cesk\u00e9 republice vytvo\u0159en\u00e9 a spr\u00e1vn\u011b nastaven\u00e9 podm\u00ednky pro jejich vyu\u017ei s maximem pozi vn\u00edch dopad\u016f na u\u017eivatele, bezpe\u010dnost a rychlost rozvoje na trhu. Spolupr\u00e1ce v t\u00e9to oblas m\u016f\u017ee v\u00fdrazn\u011b urychlit postaven\u00ed \u010cR v t\u00e9to oblas ,\u201c \u0159\u00edk\u00e1 Josef Pokorn\u00fd, tajemn\u00edk Svazu dovozc\u016f automobil\u016f.<\/p>\n<p><img loading=\"lazy\" decoding=\"async\" class=\"alignnone size-medium wp-image-12177\" src=\"http:\/\/www.automakers.cz\/wp-content\/uploads\/2025\/04\/SDA-TK-Pokorny-900x506.jpg\" alt=\"\" width=\"900\" height=\"506\" srcset=\"https:\/\/www.automakers.cz\/wp-content\/uploads\/2025\/04\/SDA-TK-Pokorny-900x506.jpg 900w, https:\/\/www.automakers.cz\/wp-content\/uploads\/2025\/04\/SDA-TK-Pokorny-1024x576.jpg 1024w, https:\/\/www.automakers.cz\/wp-content\/uploads\/2025\/04\/SDA-TK-Pokorny-768x432.jpg 768w, https:\/\/www.automakers.cz\/wp-content\/uploads\/2025\/04\/SDA-TK-Pokorny-1536x864.jpg 1536w, https:\/\/www.automakers.cz\/wp-content\/uploads\/2025\/04\/SDA-TK-Pokorny-1280x720.jpg 1280w, https:\/\/www.automakers.cz\/wp-content\/uploads\/2025\/04\/SDA-TK-Pokorny.jpg 2040w\" sizes=\"auto, (max-width: 900px) 100vw, 900px\" \/>V oblas osv\u011bty a vzd\u011bl\u00e1v\u00e1n\u00ed budou signat\u00e1\u0159i usilovat i o organizaci pravideln\u00fdch konferenc\u00ed zam\u011b\u0159en\u00fdch na autonomn\u00ed mobilitu. Ministerstvo dopravy se z\u00e1rove\u0148 zam\u011b\u0159\u00ed na realizaci komplexn\u00ed informa\u010dn\u00ed kampan\u011b, kter\u00e1 t\u00e9ma autonomn\u00ed mobility p\u0159ibl\u00ed\u017e\u00ed \u0161irok\u00e9 ve\u0159ejnos . C\u00edlem je rovn\u011b\u017e pos\u00edlit mezin\u00e1rodn\u00ed vn\u00edm\u00e1n\u00ed \u010cesk\u00e9 republiky jako technicky vysp\u011bl\u00e9 a znalostn\u011b siln\u00e9 zem\u011b, kter\u00e1 nab\u00edz\u00ed kvalitn\u00ed z\u00e1zem\u00ed pro v\u00fdzkum, v\u00fdvoj a testov\u00e1n\u00ed autonomn\u00edch technologi\u00ed.<\/p>\n<p>\u201eAutonomn\u00ed mobilitu a jej\u00ed rozvoj v \u010cesk\u00e9 republice pova\u017euji za z\u00e1sadn\u00ed p\u0159\u00edle\u017eitost pro \u010desk\u00fd autopr\u016fmysl a celkov\u00e9 pos\u00edlen\u00ed konkurenceschopnos , kter\u00e1 je s mto strategick\u00fdm sektorem \u00fazce prov\u00e1z\u00e1na. Technologick\u00e1 i syst\u00e9mov\u00e1 \u0159e\u0161en\u00ed autonomn\u00ed mobility podpo\u0159\u00edme vhodn\u00fdmi kroky v\u010detn\u011b vytvo\u0159en\u00ed odpov\u00eddaj\u00edc\u00edho pr\u00e1vn\u00edho r\u00e1mce. Pl\u00e1nujeme pokra\u010dovat v \u00fazk\u00e9 spolupr\u00e1ci s autopr\u016fmyslem i dal\u0161\u00edmi d\u016fle\u017eit\u00fdmi partnery z ve\u0159ejn\u00e9ho a akademick\u00e9ho sektoru,\u201c \u0159\u00edk\u00e1 ministr dopravy Kupka.<\/p>\n<p>Memorandum bylo podeps\u00e1no p\u0159i p\u0159\u00edle\u017eitos kulat\u00e9ho stolu \u010cesko na prahu autonomn\u00ed mobility, kter\u00fd zhodno l hlavn\u00ed p\u0159\u00ednosy a v\u00fdzvy spojen\u00e9 s rozvojem autonomn\u00ed mobility v \u010cesk\u00e9 republice a potvrdil v\u016fli d\u00e1le spolupracovat na vytv\u00e1\u0159en\u00ed vhodn\u00e9ho prost\u0159ed\u00ed pro jej\u00ed rozvoj. Do diskuse se zapojili odborn\u00edci z \u010desk\u00fdch univerzit, z\u00e1stupci automobilov\u00e9ho pr\u016fmyslu i v\u00fdznamn\u00ed zahrani\u010dn\u00ed host\u00e9. Nap\u0159. Chris an Merkt, \u0159editel pro z\u00e1le\u017eitos evropsk\u00e9 digitalizace a automa zovan\u00e9ho \u0159\u00edzen\u00ed BMW a Mats Rosenquist, vedouc\u00ed ve\u0159ejn\u00fdch projekt\u016f automobilky Volvo. Vystoupila tak\u00e9 Claire Depre, z\u00e1stupkyn\u011b Gener\u00e1ln\u00edho \u0159editelstv\u00ed pro mobilitu a dopravu Evropsk\u00e9 komise.<\/p>\n<p><strong>Zdroj: Autosap<\/strong><\/p>\n","protected":false},"excerpt":{"rendered":"<p>Ministerstvo dopravy, Sdru\u017een\u00ed automobilov\u00e9ho pr\u016fmyslu a Svaz dovozc\u016f automobil\u016f spole\u010dn\u011b podepsaly memorandum, kter\u00e9 vymezuje sm\u011bry&#8230;<\/p>\n","protected":false},"author":1,"featured_media":14132,"comment_status":"closed","ping_status":"closed","sticky":false,"template":"","format":"standard","meta":{"footnotes":""},"categories":[25],"tags":[],"class_list":["post-14131","post","type-post","status-publish","format-standard","has-post-thumbnail","hentry","category-legislativa"],"_links":{"self":[{"href":"https:\/\/www.automakers.cz\/index.php?rest_route=\/wp\/v2\/posts\/14131","targetHints":{"allow":["GET"]}}],"collection":[{"href":"https:\/\/www.automakers.cz\/index.php?rest_route=\/wp\/v2\/posts"}],"about":[{"href":"https:\/\/www.automakers.cz\/index.php?rest_route=\/wp\/v2\/types\/post"}],"author":[{"embeddable":true,"href":"https:\/\/www.automakers.cz\/index.php?rest_route=\/wp\/v2\/users\/1"}],"replies":[{"embeddable":true,"href":"https:\/\/www.automakers.cz\/index.php?rest_route=%2Fwp%2Fv2%2Fcomments&post=14131"}],"version-history":[{"count":3,"href":"https:\/\/www.automakers.cz\/index.php?rest_route=\/wp\/v2\/posts\/14131\/revisions"}],"predecessor-version":[{"id":14134,"href":"https:\/\/www.automakers.cz\/index.php?rest_route=\/wp\/v2\/posts\/14131\/revisions\/14134"}],"wp:featuredmedia":[{"embeddable":true,"href":"https:\/\/www.automakers.cz\/index.php?rest_route=\/wp\/v2\/media\/14132"}],"wp:attachment":[{"href":"https:\/\/www.automakers.cz\/index.php?rest_route=%2Fwp%2Fv2%2Fmedia&parent=14131"}],"wp:term":[{"taxonomy":"category","embeddable":true,"href":"https:\/\/www.automakers.cz\/index.php?rest_route=%2Fwp%2Fv2%2Fcategories&post=14131"},{"taxonomy":"post_tag","embeddable":true,"href":"https:\/\/www.automakers.cz\/index.php?rest_route=%2Fwp%2Fv2%2Ftags&post=14131"}],"curies":[{"name":"wp","href":"https:\/\/api.w.org\/{rel}","templated":true}]}}