{"id":14136,"date":"2025-06-22T21:10:44","date_gmt":"2025-06-22T21:10:44","guid":{"rendered":"https:\/\/www.automakers.cz\/?p=14136"},"modified":"2025-06-22T21:10:44","modified_gmt":"2025-06-22T21:10:44","slug":"prezident-pavel-odstartoval-robot-expedici","status":"publish","type":"post","link":"https:\/\/www.automakers.cz\/?p=14136","title":{"rendered":"Prezident Pavel odstartoval ROBOT Expedici"},"content":{"rendered":"<p><b>Z Hrad\u010dansk\u00e9ho n\u00e1m\u011bst\u00ed v Praze odstartovala v sobotu v\u00fdprava ROBOT Expedice Praha\u2013\u00d3saka EXPO 2025, kter\u00e1 zavede sedm historick\u00fdch voz\u016f z \u010ceska a\u017e do japonsk\u00e9 \u00d3saky na EXPO 2025. Slavnostn\u00ed start prob\u011bhl za \u00fa\u010dasti prezidenta Petra Pavla, japonsk\u00e9ho velvyslance Kansuke Nagaoky a dal\u0161\u00edch v\u00fdznamn\u00fdch host\u016f.<\/b><!--more--><\/p>\n<p>Slavnostn\u00ed v\u00fdjezd z Pra\u017esk\u00e9ho hradu osobn\u011b odstartoval prezident Petr Pavel.<\/p>\n<p>\u201e<i>Je to dobr\u00e1 zpr\u00e1va o tom, \u017ee i p\u0159es v\u0161echno \u0161patn\u00e9, co se d\u011bje kolem n\u00e1s, bychom si m\u011bli uv\u011bdomit, \u017ee zemi m\u00e1me jen jednu a \u017ee se na n\u00ed mus\u00edme nau\u010dit spolu \u017e\u00edt. Robot Expedice je vlastn\u011b takov\u00e1 cesta porozum\u011bn\u00ed a p\u0159\u00e1telstv\u00ed,&#8220;<\/i>\u00a0uvedl Pavel a dodal:\u00a0<i>\u201eCht\u011bl bych pop\u0159\u00e1t expedici, aby m\u011bla v c\u00edli stejn\u011b kr\u00e1sn\u00e9 po\u010das\u00ed, jako m\u00e1me my dnes tady, ale hlavn\u011b, aby na Expo dorazili v pl\u00e1novan\u00e9m \u010dase a v\u0161ichni ve zdrav\u00ed.&#8220;\u00a0<\/i><\/p>\n<p>Vedouc\u00ed expedice a inici\u00e1tor cel\u00e9ho projektu Josef Zaj\u00ed\u010dek, kter\u00fd vyrazil ve voze\u00a0Tatra 603 z roku 1959, pod\u011bkoval v\u0161em partner\u016fm a instituc\u00edm, kter\u00e9 podpo\u0159ili vznik cesty a nav\u00e1zal:\u00a0<i>\u201eTahle expedice je d\u016fkazem, \u017ee i z gar\u00e1\u017ee ve st\u0159edn\u00ed Evrop\u011b se d\u00e1 vyrazit s velk\u00fdm p\u0159\u00edb\u011bhem na druh\u00fd konec sv\u011bta. V\u011b\u0159\u00edme, \u017ee \u010cesk\u00e1 republika a jej\u00ed lid\u00e9 maj\u00ed sv\u011btu co nab\u00eddnout \u2013 a \u017ee tahle cesta bude inspirac\u00ed, ne jen nostalgickou j\u00edzdou.&#8220;<\/i><\/p>\n<p><img loading=\"lazy\" decoding=\"async\" class=\"alignnone size-medium wp-image-14140\" src=\"http:\/\/www.automakers.cz\/wp-content\/uploads\/2025\/06\/Robot-Pavel-prezident-Zajicek-900x600.jpg\" alt=\"\" width=\"900\" height=\"600\" \/>Atmosf\u00e9ru startu dobrodru\u017estv\u00ed sledovali v p\u0159\u00edm\u00e9m p\u0159enosu tak\u00e9 n\u00e1v\u0161t\u011bvn\u00edci \u010cesk\u00e9ho pavilonu na EXPO v \u00d3sace. Odtud pos\u00e1dk\u00e1m pop\u0159\u00e1l \u0161\u0165astnou cestu i gener\u00e1ln\u00ed komisa\u0159 \u010desk\u00e9 \u00fa\u010dasti Ond\u0159ej So\u0161ka: <i>\u201eV\u0161em pos\u00e1dk\u00e1m p\u0159eji \u0161\u0165astnou cestu a t\u011b\u0161\u00edm se, a\u017e se spole\u010dn\u011b potk\u00e1me v are\u00e1lu v\u00fdstavi\u0161t\u011b EXPO 2025, kde budou veter\u00e1ny na \u010cesk\u00fd n\u00e1rodn\u00ed den 24. \u010dervence vystaveny tak, aby si je mohli prohl\u00e9dnout n\u00e1v\u0161t\u011bvn\u00edci sv\u011btov\u00e9 v\u00fdstavy EXPO 2025. Jedn\u00e1 se o zaj\u00edmavou aktivitu v r\u00e1mci doprovodn\u00e9ho programu tohoto dne, b\u011bhem kter\u00e9ho \u010cesk\u00fd pavilon nav\u0161t\u00edv\u00ed cel\u00e1 \u0159ada v\u00fdznamn\u00fdch host\u016f a vystoup\u00ed \u010cesk\u00e1 filharmonie, Cirk La Putyka, D\u011btsk\u00fd p\u011bveck\u00fd sbor \u010cesk\u00e9ho rozhlasu a zp\u011bva\u010dka Aiko.&#8220;<\/i><\/p>\n<p><b>Po stop\u00e1ch expedice Sakura 1970<\/b><\/p>\n<p>ROBOT Expedice navazuje na legend\u00e1rn\u00ed v\u00fdpravu\u00a0Sakura 1970, p\u0159i n\u00ed\u017e \u010dty\u0159i mlad\u00ed \u010ce\u0161i dorazili na prvn\u00ed EXPO v \u00d3sace p\u011b\u0161ky a stopem. Symbolicky tak propojuje minulost s p\u0159\u00edtomnost\u00ed.<\/p>\n<p><i>\u201eExpedice ROBOT pokra\u010duje v duchu objevov\u00e1n\u00ed, kter\u00fd n\u00e1s vedl u\u017e v roce 1970. Tehdy jsme vyrazili jen s batohem, dnes vyr\u00e1\u017e\u00ed veter\u00e1ni. Ale c\u00edl z\u016fst\u00e1v\u00e1 stejn\u00fd \u2013 spojit kultury a lidi,&#8220;<\/i>\u00a0p\u0159ipomn\u011bl\u00a0Zden\u011bk Thoma, \u010dlen p\u016fvodn\u00ed expedice Sakura a patron v\u00fdpravy.<\/p>\n<p><b>16 000 kilometr\u016f a 12 zem\u00ed<\/b><\/p>\n<p>B\u011bhem n\u00e1sleduj\u00edc\u00edch p\u011bti t\u00fddn\u016f projede expedice\u00a012 zem\u011bmi: z \u010ceska p\u0159es Slovensko, Ma\u010farsko,\u00a0Srbsko, Bulharsko, Turecko, Gruzii, \u00c1zerb\u00e1jd\u017e\u00e1n, Kazachst\u00e1n, Uzbekist\u00e1n, \u010c\u00ednu, Ji\u017en\u00ed Koreu a\u017e do Japonska. Trasa m\u011b\u0159\u00ed t\u00e9m\u011b\u0159\u00a016 000 kilometr\u016f.<\/p>\n<p>Prvn\u00ed den expedice zavr\u0161\u00ed p\u0159enocov\u00e1n\u00edm v kempu v ma\u010farsk\u00e9m Kecskem\u00e9tu. Po cest\u011b je \u010dek\u00e1 zast\u00e1vka v Bratislav\u011b a ofici\u00e1ln\u00ed setk\u00e1n\u00ed s \u010desk\u00fdm velvyslancem v Budape\u0161ti. N\u00e1sledn\u011b kolona zam\u00ed\u0159\u00ed p\u0159es Srbsko a Bulharsko do Turecka, kde pos\u00e1dky absolvuj\u00ed prvn\u00ed v\u011bt\u0161\u00ed zast\u00e1vku \u2013 v\u00a0Istanbulu. Odtud se v\u00fdprava vyd\u00e1 d\u00e1l po pob\u0159e\u017e\u00ed \u010cern\u00e9ho mo\u0159e sm\u011brem ke Kavkazu.<\/p>\n<p><b>Pos\u00e1dky a jejich vozy<\/b><\/p>\n<ul>\n<li><b>Tatra 603 (1959)\u00a0\u2013 Josef Zaj\u00ed\u010dek, Robin B\u011bhal<\/b><\/li>\n<li><b>Toyota Celica ST (1977)\u00a0\u2013 Lubom\u00edr Pe\u0161\u00e1k, Ivan Uher<\/b><\/li>\n<li><b>\u0160koda Octavia (1961)\u00a0\u2013 Ivo T\u016fma, Radek Toman<\/b><\/li>\n<li><b>\u0160koda Octavia (1962)\u00a0\u2013 Alois Krej\u010d\u00ed jr., Alois Krej\u010d\u00ed<\/b><\/li>\n<li><b>\u0160koda 100 (1973)\u00a0\u2013 Jan Drbohlav, V\u00e1clav D\u011bdek<\/b><\/li>\n<li><b>\u0160koda 120 (1980)\u00a0\u2013 Miroslav Kuch\u00e1r, Mikul\u00e1\u0161 Ko\u0161\u010do<\/b><\/li>\n<li><b>Ford Mustang (1966)\u00a0\u2013 Dalibor \u0160ebek, Martin Novotn\u00fd<\/b><\/li>\n<\/ul>\n<p>Na cest\u011b je doprov\u00e1z\u00ed servisn\u00ed v\u016fz, kter\u00fd vedou mechanici Valdemar Va\u0161enda a Martin Ha\u0161a. B\u011bhem prvn\u00ed etapy sm\u011brem na ma\u010farsk\u00fd Kecskem\u00e9t v\u00fdpravu doprovod\u00ed i\u00a0historick\u00e1 Toyota Corona z roku 1969 \u010desk\u00e9ho zastoupen\u00edm Toyota, kter\u00e9 je z\u00e1rove\u0148 partnerem cel\u00e9 expedice.<\/p>\n<p>V c\u00edli na v\u00fdstavi\u0161ti EXPO 2025 na ostrov\u011b Yumeshima v \u00d3sack\u00e9m z\u00e1livu se pak ROBOT Expedice p\u0159edstav\u00ed b\u011bhem\u00a0<b>\u010cesk\u00e9ho n\u00e1rodn\u00edho dne, kter\u00fd se uskute\u010dn\u00ed 24. \u010dervence<\/b>.<\/p>\n<p><img loading=\"lazy\" decoding=\"async\" class=\"alignnone size-medium wp-image-14139\" src=\"http:\/\/www.automakers.cz\/wp-content\/uploads\/2025\/06\/Robot-Hradcany-start-900x600.jpg\" alt=\"\" width=\"900\" height=\"600\" \/><b>Sledujte v\u00fdpravu online<\/b><\/p>\n<p>Cestu \u010desk\u00fdch veter\u00e1n\u016f do \u00d3saky mohou fanou\u0161ci sledovat nejen na soci\u00e1ln\u00edch s\u00edt\u00edch, ale i na webu www.czecholdtimerexpress.cz\/expedice-osaka, kde v\u00fdprava d\u00edky za\u0159\u00edzen\u00ed na monitorov\u00e1n\u00ed pohybu vozidel od spole\u010dnosti Commander sd\u00edl\u00ed v re\u00e1ln\u00e9m \u010dase svoji aktu\u00e1ln\u00ed polohu.<\/p>\n<table width=\"100%\" cellspacing=\"0\" cellpadding=\"0\">\n<tbody>\n<tr>\n<td align=\"center\" valign=\"top\">\n<table width=\"100%\" cellspacing=\"0\" cellpadding=\"0\">\n<tbody>\n<tr>\n<td class=\"v1es-m-txt-l\" align=\"left\"><\/td>\n<\/tr>\n<\/tbody>\n<\/table>\n<\/td>\n<\/tr>\n<\/tbody>\n<\/table>\n","protected":false},"excerpt":{"rendered":"<p>Z Hrad\u010dansk\u00e9ho n\u00e1m\u011bst\u00ed v Praze odstartovala v sobotu v\u00fdprava ROBOT Expedice Praha\u2013\u00d3saka EXPO 2025, kter\u00e1&#8230;<\/p>\n","protected":false},"author":1,"featured_media":14138,"comment_status":"closed","ping_status":"closed","sticky":false,"template":"","format":"standard","meta":{"footnotes":""},"categories":[56,19,34],"tags":[],"class_list":["post-14136","post","type-post","status-publish","format-standard","has-post-thumbnail","hentry","category-celebrity","category-motorsport","category-veterani"],"_links":{"self":[{"href":"https:\/\/www.automakers.cz\/index.php?rest_route=\/wp\/v2\/posts\/14136","targetHints":{"allow":["GET"]}}],"collection":[{"href":"https:\/\/www.automakers.cz\/index.php?rest_route=\/wp\/v2\/posts"}],"about":[{"href":"https:\/\/www.automakers.cz\/index.php?rest_route=\/wp\/v2\/types\/post"}],"author":[{"embeddable":true,"href":"https:\/\/www.automakers.cz\/index.php?rest_route=\/wp\/v2\/users\/1"}],"replies":[{"embeddable":true,"href":"https:\/\/www.automakers.cz\/index.php?rest_route=%2Fwp%2Fv2%2Fcomments&post=14136"}],"version-history":[{"count":2,"href":"https:\/\/www.automakers.cz\/index.php?rest_route=\/wp\/v2\/posts\/14136\/revisions"}],"predecessor-version":[{"id":14141,"href":"https:\/\/www.automakers.cz\/index.php?rest_route=\/wp\/v2\/posts\/14136\/revisions\/14141"}],"wp:featuredmedia":[{"embeddable":true,"href":"https:\/\/www.automakers.cz\/index.php?rest_route=\/wp\/v2\/media\/14138"}],"wp:attachment":[{"href":"https:\/\/www.automakers.cz\/index.php?rest_route=%2Fwp%2Fv2%2Fmedia&parent=14136"}],"wp:term":[{"taxonomy":"category","embeddable":true,"href":"https:\/\/www.automakers.cz\/index.php?rest_route=%2Fwp%2Fv2%2Fcategories&post=14136"},{"taxonomy":"post_tag","embeddable":true,"href":"https:\/\/www.automakers.cz\/index.php?rest_route=%2Fwp%2Fv2%2Ftags&post=14136"}],"curies":[{"name":"wp","href":"https:\/\/api.w.org\/{rel}","templated":true}]}}