{"id":14142,"date":"2025-06-22T20:41:18","date_gmt":"2025-06-22T20:41:18","guid":{"rendered":"https:\/\/www.automakers.cz\/?p=14142"},"modified":"2025-06-22T20:41:18","modified_gmt":"2025-06-22T20:41:18","slug":"lubor-kos-scita-naklady-slavnosti-legendy","status":"publish","type":"post","link":"https:\/\/www.automakers.cz\/?p=14142","title":{"rendered":"Lubor Kos s\u010d\u00edt\u00e1 n\u00e1klady slavnosti LEGENDY"},"content":{"rendered":"<div>\n<p><strong>\u00da\u010detn\u00ed a produk\u010dn\u00ed slavnosti LEGENDY budou akci vyhodnocovat do konce \u010dervna, promot\u00e9r v\u00fdstavy Lubor Kos prozradil u\u017e te\u010f n\u011bkolik \u010d\u00edsel z n\u00e1klad\u016f leto\u0161n\u00ed akce. P\u0159ipravil ji t\u0159\u00ed\u010dlenn\u00fd t\u00fdm, kter\u00fd se postupn\u011b rozrosl a\u017e na 700 lid\u00ed.<\/strong><\/p>\n<\/div>\n<p><!--more--><\/p>\n<div>&#8222;Postavili jsme 1,5 km mobiln\u00edch plot\u016f, postavili jsme 1 km mal\u00fdch plot\u016f, m\u00e1me 2 velk\u00e9 vysokozdvi\u017en\u00e9 stroje od VZV Rent, 10 stroj\u016f od Segway pro transport techniky, 4 vleky, 3 velk\u00e9 dod\u00e1vky, 15 kamion\u016f techniky. Na\u0161i elektrik\u00e1\u0159i zapoj\u00ed 5km r\u016fzn\u00fdch kabel\u016f a celkov\u00e1 spot\u0159eba el. energie je vy\u010d\u00edslena na 200 000 K\u010d za 10 dn\u00ed p\u0159iprav, akce a likvidace,&#8220; uvedl <strong>Lubor Kos.<\/strong><\/div>\n<div><img loading=\"lazy\" decoding=\"async\" class=\"alignnone size-medium wp-image-14147\" src=\"http:\/\/www.automakers.cz\/wp-content\/uploads\/2025\/06\/Legendy-tym-900x600.jpg\" alt=\"\" width=\"900\" height=\"600\" srcset=\"https:\/\/www.automakers.cz\/wp-content\/uploads\/2025\/06\/Legendy-tym-900x600.jpg 900w, https:\/\/www.automakers.cz\/wp-content\/uploads\/2025\/06\/Legendy-tym-1024x682.jpg 1024w, https:\/\/www.automakers.cz\/wp-content\/uploads\/2025\/06\/Legendy-tym-768x512.jpg 768w, https:\/\/www.automakers.cz\/wp-content\/uploads\/2025\/06\/Legendy-tym.jpg 1100w\" sizes=\"auto, (max-width: 900px) 100vw, 900px\" \/>Are\u00e1l se ukl\u00edzel po akci 3 dny a ve\u0161ker\u00e1 technika se servisovala po dobu 14 dn\u00ed. &#8222;Poji\u0161\u0165uje n\u00e1s \u00a0<strong>Sl\u00e1via poji\u0161\u0165ovna<\/strong>, m\u00e1me 10 denn\u00ed pojistku na &#8222;1 miliardu&#8220; pro r\u016fzn\u00e1 rizika a \u0161kody. A kolik stoj\u00ed takov\u00e1 pojistka? Detaily zve\u0159enit nem\u016f\u017eeme, ale nazna\u010d\u00edme&#8230; Dala by se za ni koupit dob\u0159e vybaven\u00e1 \u0160koda Octavia,&#8220; prozradil promot\u00e9r.<img loading=\"lazy\" decoding=\"async\" class=\"alignnone size-medium wp-image-13447\" src=\"http:\/\/www.automakers.cz\/wp-content\/uploads\/2025\/05\/Slavia-LEGENDY-20251-900x600.jpg\" alt=\"\" width=\"900\" height=\"600\" \/>Hlavn\u00edmi vystavovately letos byly zna\u010dky<strong> \u0160KODA<\/strong> a <strong>Mercedes-Benz. <\/strong>Hlavn\u00edm l\u00e1kadlem byl <strong>Pavilon Alfa Romeo, Pavilon Lamborghini a Pavilon Ferrari.<\/strong><\/p>\n<p><img loading=\"lazy\" decoding=\"async\" class=\"alignnone size-medium wp-image-13520\" src=\"http:\/\/www.automakers.cz\/wp-content\/uploads\/2025\/05\/Mercedes-10-Hlavka-Legendy-900x506.jpg\" alt=\"\" width=\"900\" height=\"506\" srcset=\"https:\/\/www.automakers.cz\/wp-content\/uploads\/2025\/05\/Mercedes-10-Hlavka-Legendy-900x506.jpg 900w, https:\/\/www.automakers.cz\/wp-content\/uploads\/2025\/05\/Mercedes-10-Hlavka-Legendy-1024x576.jpg 1024w, https:\/\/www.automakers.cz\/wp-content\/uploads\/2025\/05\/Mercedes-10-Hlavka-Legendy-768x432.jpg 768w, https:\/\/www.automakers.cz\/wp-content\/uploads\/2025\/05\/Mercedes-10-Hlavka-Legendy-1536x864.jpg 1536w, https:\/\/www.automakers.cz\/wp-content\/uploads\/2025\/05\/Mercedes-10-Hlavka-Legendy-1280x720.jpg 1280w, https:\/\/www.automakers.cz\/wp-content\/uploads\/2025\/05\/Mercedes-10-Hlavka-Legendy.jpg 2048w\" sizes=\"auto, (max-width: 900px) 100vw, 900px\" \/><\/p>\n<\/div>\n<div><\/div>\n<div><\/div>\n","protected":false},"excerpt":{"rendered":"<p>\u00da\u010detn\u00ed a produk\u010dn\u00ed slavnosti LEGENDY budou akci vyhodnocovat do konce \u010dervna, promot\u00e9r v\u00fdstavy Lubor Kos&#8230;<\/p>\n","protected":false},"author":1,"featured_media":14145,"comment_status":"closed","ping_status":"closed","sticky":false,"template":"","format":"standard","meta":{"footnotes":""},"categories":[34,53,8],"tags":[],"class_list":["post-14142","post","type-post","status-publish","format-standard","has-post-thumbnail","hentry","category-veterani","category-vysledky","category-vystavy"],"_links":{"self":[{"href":"https:\/\/www.automakers.cz\/index.php?rest_route=\/wp\/v2\/posts\/14142","targetHints":{"allow":["GET"]}}],"collection":[{"href":"https:\/\/www.automakers.cz\/index.php?rest_route=\/wp\/v2\/posts"}],"about":[{"href":"https:\/\/www.automakers.cz\/index.php?rest_route=\/wp\/v2\/types\/post"}],"author":[{"embeddable":true,"href":"https:\/\/www.automakers.cz\/index.php?rest_route=\/wp\/v2\/users\/1"}],"replies":[{"embeddable":true,"href":"https:\/\/www.automakers.cz\/index.php?rest_route=%2Fwp%2Fv2%2Fcomments&post=14142"}],"version-history":[{"count":5,"href":"https:\/\/www.automakers.cz\/index.php?rest_route=\/wp\/v2\/posts\/14142\/revisions"}],"predecessor-version":[{"id":14149,"href":"https:\/\/www.automakers.cz\/index.php?rest_route=\/wp\/v2\/posts\/14142\/revisions\/14149"}],"wp:featuredmedia":[{"embeddable":true,"href":"https:\/\/www.automakers.cz\/index.php?rest_route=\/wp\/v2\/media\/14145"}],"wp:attachment":[{"href":"https:\/\/www.automakers.cz\/index.php?rest_route=%2Fwp%2Fv2%2Fmedia&parent=14142"}],"wp:term":[{"taxonomy":"category","embeddable":true,"href":"https:\/\/www.automakers.cz\/index.php?rest_route=%2Fwp%2Fv2%2Fcategories&post=14142"},{"taxonomy":"post_tag","embeddable":true,"href":"https:\/\/www.automakers.cz\/index.php?rest_route=%2Fwp%2Fv2%2Ftags&post=14142"}],"curies":[{"name":"wp","href":"https:\/\/api.w.org\/{rel}","templated":true}]}}