{"id":14156,"date":"2025-06-23T07:37:47","date_gmt":"2025-06-23T07:37:47","guid":{"rendered":"https:\/\/www.automakers.cz\/?p=14156"},"modified":"2025-06-23T07:38:44","modified_gmt":"2025-06-23T07:38:44","slug":"stellantis-stahuje-citroeny-c3-do-servisu","status":"publish","type":"post","link":"https:\/\/www.automakers.cz\/?p=14156","title":{"rendered":"Stellantis stahuje Citro\u00ebny C3 a DS3 do servisu kv\u016fli airbag\u016fm"},"content":{"rendered":"<p><strong><b>Skupina Stellantis vyhl\u00e1sila v cel\u00e9 Evrop\u011b okam\u017eit\u00e9 bezpe\u010dnostn\u00ed opat\u0159en\u00ed pro vozidla Citro\u00ebn C3 (druh\u00e1 generace) a Citro\u00ebn DS3 (prvn\u00ed generace) vyroben\u00e1 v letech 2009 a\u017e 2019, kter\u00e1 jsou vybavena airbagy zna\u010dky Takata.<\/b><\/strong><!--more--><\/p>\n<p>Vlastn\u00edci t\u011bchto vozidel budou upozorn\u011bni, aby se zdr\u017eeli pou\u017e\u00edv\u00e1n\u00ed voz\u016f a neprodlen\u011b kontaktovali s\u00ed\u0165 autorizovan\u00fdch dealer\u016f Citro\u00ebn za \u00fa\u010delem proveden\u00ed nezbytn\u00e9 opravy, kter\u00e1 je bezplatn\u00e1.<\/p>\n<p>Vozidla zahrnut\u00e1 do tohoto bezpe\u010dnostn\u00edho opat\u0159en\u00ed ji\u017e byla sou\u010d\u00e1st\u00ed prob\u00edhaj\u00edc\u00ed komplexn\u00ed svol\u00e1vac\u00ed kampan\u011b, kter\u00e1 za\u010dala p\u0159ed v\u00edce ne\u017e rokem \u2013 nejprve v ji\u017en\u00ed Evrop\u011b a n\u00e1sledn\u011b se roz\u0161i\u0159ovala sm\u011brem na sever. Rozhodnut\u00ed o svol\u00e1n\u00ed a bezpe\u010dnostn\u00edm opat\u0159en\u00ed jsou zalo\u017eena na n\u011bkolika faktorech, v\u010detn\u011b specifikace airbagu, st\u00e1\u0159\u00ed a zp\u016fsobu pou\u017e\u00edv\u00e1n\u00ed vozidla, klimatick\u00fdch podm\u00ednek a ozn\u00e1men\u00ed od regula\u010dn\u00edch org\u00e1n\u016f.<\/p>\n<p>V n\u00e1vaznosti na v\u00fdvoj situace skupina Stellantis okam\u017eit\u011b roz\u0161\u00ed\u0159ila sv\u00e9 \u00fasil\u00ed o zaveden\u00ed bezpe\u010dnostn\u00edho opat\u0159en\u00ed pro v\u0161echna dot\u010den\u00e1 vozidla. U\u017eivatel\u00e9 voz\u016f, kter\u00fdch se toto opat\u0159en\u00ed t\u00fdk\u00e1, obdr\u017e\u00ed brzy dal\u0161\u00ed ozn\u00e1men\u00ed. Z\u00e1kazn\u00edci si tak\u00e9 mohou ov\u011b\u0159it, zda se toto opat\u0159en\u00ed t\u00fdk\u00e1 jejich vozidla, a to pomoc\u00ed n\u00e1stroje pro kontrolu VINu na webov\u00fdch str\u00e1nk\u00e1ch zna\u010dky Citro\u00ebn <a href=\"https:\/\/www.citroen.cz\/udrzba\/svolavaci-akce.html\"><strong><u><b>Ov\u011b\u0159en\u00ed vozu<\/b><\/u><\/strong><\/a><strong><b>,<\/b><\/strong>\u00a0kontaktov\u00e1n\u00edm sv\u00e9ho dealera nebo zavol\u00e1n\u00edm na z\u00e1kaznickou linku: tel. \u010d. <strong><b>+420<\/b><\/strong>\u00a0<strong><b>222 352\u00a0277.<\/b><\/strong><\/p>\n<p>Je velmi d\u016fle\u017eit\u00e9, aby vlastn\u00edci vozidel, kte\u0159\u00ed zm\u011bnili adresu nebo kontaktn\u00ed \u00fadaje, udr\u017eovali sv\u00e9 informace aktu\u00e1ln\u00ed v p\u0159\u00edslu\u0161n\u00fdch datab\u00e1z\u00edch, aby mohli b\u00fdt kontaktov\u00e1ni v\u010das a efektivn\u011b.<\/p>\n<p>Skupina Stellantis mobilizuje celou svou s\u00ed\u0165 dodavatel\u016f, dealer\u016f a v\u00fdrobn\u00edch z\u00e1vod\u016f, aby podpo\u0159ila toto opat\u0159en\u00ed a zajistila co nejrychlej\u0161\u00ed, nejbezpe\u010dn\u011bj\u0161\u00ed a nejpohodln\u011bj\u0161\u00ed \u0159e\u0161en\u00ed pro ka\u017ed\u00e9ho z\u00e1kazn\u00edka.<\/p>\n<p><strong>Zdroj: Citro\u00ebn, Radka Matthey<\/strong><\/p>\n","protected":false},"excerpt":{"rendered":"<p>Skupina Stellantis vyhl\u00e1sila v cel\u00e9 Evrop\u011b okam\u017eit\u00e9 bezpe\u010dnostn\u00ed opat\u0159en\u00ed pro vozidla Citro\u00ebn C3 (druh\u00e1 generace)&#8230;<\/p>\n","protected":false},"author":1,"featured_media":9243,"comment_status":"closed","ping_status":"closed","sticky":false,"template":"","format":"standard","meta":{"footnotes":""},"categories":[52],"tags":[],"class_list":["post-14156","post","type-post","status-publish","format-standard","has-post-thumbnail","hentry","category-servis"],"_links":{"self":[{"href":"https:\/\/www.automakers.cz\/index.php?rest_route=\/wp\/v2\/posts\/14156","targetHints":{"allow":["GET"]}}],"collection":[{"href":"https:\/\/www.automakers.cz\/index.php?rest_route=\/wp\/v2\/posts"}],"about":[{"href":"https:\/\/www.automakers.cz\/index.php?rest_route=\/wp\/v2\/types\/post"}],"author":[{"embeddable":true,"href":"https:\/\/www.automakers.cz\/index.php?rest_route=\/wp\/v2\/users\/1"}],"replies":[{"embeddable":true,"href":"https:\/\/www.automakers.cz\/index.php?rest_route=%2Fwp%2Fv2%2Fcomments&post=14156"}],"version-history":[{"count":4,"href":"https:\/\/www.automakers.cz\/index.php?rest_route=\/wp\/v2\/posts\/14156\/revisions"}],"predecessor-version":[{"id":14160,"href":"https:\/\/www.automakers.cz\/index.php?rest_route=\/wp\/v2\/posts\/14156\/revisions\/14160"}],"wp:featuredmedia":[{"embeddable":true,"href":"https:\/\/www.automakers.cz\/index.php?rest_route=\/wp\/v2\/media\/9243"}],"wp:attachment":[{"href":"https:\/\/www.automakers.cz\/index.php?rest_route=%2Fwp%2Fv2%2Fmedia&parent=14156"}],"wp:term":[{"taxonomy":"category","embeddable":true,"href":"https:\/\/www.automakers.cz\/index.php?rest_route=%2Fwp%2Fv2%2Fcategories&post=14156"},{"taxonomy":"post_tag","embeddable":true,"href":"https:\/\/www.automakers.cz\/index.php?rest_route=%2Fwp%2Fv2%2Ftags&post=14156"}],"curies":[{"name":"wp","href":"https:\/\/api.w.org\/{rel}","templated":true}]}}