{"id":14170,"date":"2025-06-24T06:12:09","date_gmt":"2025-06-24T06:12:09","guid":{"rendered":"https:\/\/www.automakers.cz\/?p=14170"},"modified":"2025-06-24T06:20:17","modified_gmt":"2025-06-24T06:20:17","slug":"audi-chce-letos-v-cesku-prodat-4500-vozu","status":"publish","type":"post","link":"https:\/\/www.automakers.cz\/?p=14170","title":{"rendered":"Audi chce letos v \u010cesku prodat 4500 voz\u016f"},"content":{"rendered":"<p><strong>Z\u00e1mek Ratm\u011b\u0159ice hostil n\u00e1rodn\u00ed premi\u00e9ru nov\u00e9ho Audi A6. Vedouc\u00ed divize zna\u010dky v Porsche \u010cR Marcel Archleb pohovo\u0159il tak\u00e9 o celkov\u00fdch prodejn\u00edch c\u00edlech importu pro leto\u0161n\u00ed rok.<\/strong><!--more--><\/p>\n<p>\u010cesk\u00e9 Audi loni t\u011bsn\u011b p\u0159ekonalo hranici registrovan\u00fdch 4000 kus\u016f, letos m\u00ed\u0159\u00ed v\u00fd\u0161e. V minul\u00e9m roce zah\u00e1jilo nejv\u011bt\u0161\u00ed modelovou ofenz\u00edvu ve sv\u00e9 historii, nasadilo Q<span class=\"highlight-query\">6<\/span> e-tron, <span class=\"highlight-query\">A<\/span><span class=\"highlight-query\">6<\/span>-e-tron, <span class=\"highlight-query\">A<\/span>5 <span class=\"highlight-query\">a<\/span> Q5. Letos p\u0159ich\u00e1z\u00ed k dealer\u016fm nov\u00e1 generace dvou karos\u00e1\u0159sk\u00fdch verz\u00ed vozu <span class=\"highlight-query\">A<\/span><span class=\"highlight-query\">6<\/span> <span class=\"highlight-query\">a<\/span> n\u00e1sledovat bude SUV Q3.<\/p>\n<p>&#8222;Minul\u00fd rok jsme m\u011bli pot\u00ed\u017ee s vydod\u00e1v\u00e1n\u00edm voz\u016f se \u0161estiv\u00e1lcov\u00fdmi motory, leto\u0161ek vypad\u00e1 l\u00e9pe, m\u00e1me co nab\u00eddnout. V ka\u017ed\u00e9m m\u011bs\u00edci roku 2025 jsme se meziro\u010dn\u011b zlep\u0161ili, nyn\u00ed jsme cel\u00fdch o 500 aut v\u00fd\u0161e ne\u017e loni. C\u00edlem pro cel\u00fd rok tak bude registrace<strong> 4500<\/strong> aut,&#8220; \u0159ekl <strong>Marcel Archleb.<\/strong><\/p>\n<p>Prodeje zna\u010dky m\u00e1 d\u00e1le posunout nov\u00e1 A6. <b>V nov\u00e9m Audi A6 e-tron se u\u017e mohli novin\u00e1\u0159i sv\u00e9zt letos v dubnu v jihomoravsk\u00e9m Kurd\u011bjov\u011b, v \u010dervnu se v Ratm\u011b\u0159ic\u00edch p\u0159edvedly verze Avant. <\/b>Sedan pak bude k m\u00e1n\u00ed na konci l\u00e9ta.<\/p>\n<p>&#8222;V minulosti jsme prod\u00e1vali 600-700 \u00e1\u0161estek, letos m\u00e1me objedn\u00e1no z v\u00fdroby<strong> 200 &#8211; 300 kus\u016f<\/strong>,&#8220; up\u0159esnil Archleb na\u0161emu \u010dasopisu.<\/p>\n<p><img loading=\"lazy\" decoding=\"async\" class=\"alignnone size-medium wp-image-14178\" src=\"http:\/\/www.automakers.cz\/wp-content\/uploads\/2025\/06\/Audi-A6-Avant-Ratmerice-900x506.jpg\" alt=\"\" width=\"900\" height=\"506\" srcset=\"https:\/\/www.automakers.cz\/wp-content\/uploads\/2025\/06\/Audi-A6-Avant-Ratmerice-900x506.jpg 900w, https:\/\/www.automakers.cz\/wp-content\/uploads\/2025\/06\/Audi-A6-Avant-Ratmerice-1024x576.jpg 1024w, https:\/\/www.automakers.cz\/wp-content\/uploads\/2025\/06\/Audi-A6-Avant-Ratmerice-768x432.jpg 768w, https:\/\/www.automakers.cz\/wp-content\/uploads\/2025\/06\/Audi-A6-Avant-Ratmerice-1536x864.jpg 1536w, https:\/\/www.automakers.cz\/wp-content\/uploads\/2025\/06\/Audi-A6-Avant-Ratmerice-1280x720.jpg 1280w, https:\/\/www.automakers.cz\/wp-content\/uploads\/2025\/06\/Audi-A6-Avant-Ratmerice.jpg 2048w\" sizes=\"auto, (max-width: 900px) 100vw, 900px\" \/>Na za\u010d\u00e1tku prodej\u016f sedm\u00e9 generace A6 budou u <span class=\"highlight-E5id0 highlight-E5M\">dealer\u016f<\/span> k dispozici vozy ve verzi <span class=\"highlight-E3id0 highlight-E3M\">Avant<\/span> (kombi) <span class=\"highlight-query\">a<\/span> se dv\u011bma motorizacemi &#8211; vzn\u011btov\u00fdm p\u0159epl\u0148ovan\u00fdm \u010dty\u0159v\u00e1lcem TDI s v\u00fdkonem 204 ko\u0148sk\u00fdch sil a p\u0159epl\u0148ovan\u00fdm z\u00e1\u017eehov\u00fdm \u0161estiv\u00e1lcem se zdvihov\u00fdm objemem 367 kon\u00ed. Oba agreg\u00e1ty jsou dopln\u011bn\u00e9 mildhybridn\u00edm osma\u010dty\u0159icetivoltov\u00fdm syst\u00e9mem.<\/p>\n<p>V nab\u00eddce je i\u00a0 plug-in hybridn\u00ed varianta, kter\u00e1 podle automobilky \u010dist\u011b na elekt\u0159inu ujede p\u0159es sto kilometr\u016f. Zna\u010dka slibuje tak\u00e9 diesely v\u010detn\u011b u n\u00e1s ne\u017e\u00e1dan\u011bj\u0161\u00edho t\u0159\u00edlitrov\u00e9ho \u0161estiv\u00e1lcov\u00e9ho turbodieselu.<\/p>\n<p><img loading=\"lazy\" decoding=\"async\" class=\"alignnone size-medium wp-image-14184\" src=\"http:\/\/www.automakers.cz\/wp-content\/uploads\/2025\/06\/Audi-A6-Avant-ceny-900x506.jpg\" alt=\"\" width=\"900\" height=\"506\" srcset=\"https:\/\/www.automakers.cz\/wp-content\/uploads\/2025\/06\/Audi-A6-Avant-ceny-900x506.jpg 900w, https:\/\/www.automakers.cz\/wp-content\/uploads\/2025\/06\/Audi-A6-Avant-ceny-1024x576.jpg 1024w, https:\/\/www.automakers.cz\/wp-content\/uploads\/2025\/06\/Audi-A6-Avant-ceny-768x432.jpg 768w, https:\/\/www.automakers.cz\/wp-content\/uploads\/2025\/06\/Audi-A6-Avant-ceny-1536x864.jpg 1536w, https:\/\/www.automakers.cz\/wp-content\/uploads\/2025\/06\/Audi-A6-Avant-ceny-1280x720.jpg 1280w, https:\/\/www.automakers.cz\/wp-content\/uploads\/2025\/06\/Audi-A6-Avant-ceny.jpg 2048w\" sizes=\"auto, (max-width: 900px) 100vw, 900px\" \/>Cen\u00edk Audi A6 za\u010d\u00edn\u00e1 na \u00farovni<strong> 1 716 900 K\u010d<\/strong> za dvoulitr, v cen\u011b je prodlou\u017een\u00e1 \u010dty\u0159let\u00e1 z\u00e1ruka s omezen\u00edm na sto dvacet tis\u00edc kilometr\u016f.<\/p>\n<p><strong>Erich Handl, Ratm\u011b\u0159ice<\/strong><\/p>\n<figure id=\"attachment_14182\" aria-describedby=\"caption-attachment-14182\" style=\"width: 900px\" class=\"wp-caption alignnone\"><img loading=\"lazy\" decoding=\"async\" class=\"size-medium wp-image-14182\" src=\"http:\/\/www.automakers.cz\/wp-content\/uploads\/2025\/06\/Audi-A6-Dvorak-Franta-900x506.jpg\" alt=\"\" width=\"900\" height=\"506\" srcset=\"https:\/\/www.automakers.cz\/wp-content\/uploads\/2025\/06\/Audi-A6-Dvorak-Franta-900x506.jpg 900w, https:\/\/www.automakers.cz\/wp-content\/uploads\/2025\/06\/Audi-A6-Dvorak-Franta-1024x576.jpg 1024w, https:\/\/www.automakers.cz\/wp-content\/uploads\/2025\/06\/Audi-A6-Dvorak-Franta-768x432.jpg 768w, https:\/\/www.automakers.cz\/wp-content\/uploads\/2025\/06\/Audi-A6-Dvorak-Franta-1536x864.jpg 1536w, https:\/\/www.automakers.cz\/wp-content\/uploads\/2025\/06\/Audi-A6-Dvorak-Franta-1280x720.jpg 1280w, https:\/\/www.automakers.cz\/wp-content\/uploads\/2025\/06\/Audi-A6-Dvorak-Franta.jpg 2048w\" sizes=\"auto, (max-width: 900px) 100vw, 900px\" \/><figcaption id=\"caption-attachment-14182\" class=\"wp-caption-text\"><strong>Po prezentaci nask\u00e1kali v Ratm\u011b\u0159ic\u00edch novin\u00e1\u0159i do testovac\u00edch vozidel<\/strong><\/figcaption><\/figure>\n<p>&nbsp;<\/p>\n<p>&nbsp;<\/p>\n<p>&nbsp;<\/p>\n","protected":false},"excerpt":{"rendered":"<p>Z\u00e1mek Ratm\u011b\u0159ice hostil n\u00e1rodn\u00ed premi\u00e9ru nov\u00e9ho Audi A6. Vedouc\u00ed divize zna\u010dky v Porsche \u010cR Marcel&#8230;<\/p>\n","protected":false},"author":1,"featured_media":14177,"comment_status":"closed","ping_status":"closed","sticky":false,"template":"","format":"standard","meta":{"footnotes":""},"categories":[37,12,20],"tags":[],"class_list":["post-14170","post","type-post","status-publish","format-standard","has-post-thumbnail","hentry","category-ceny-novinek","category-premiery","category-tiskovky"],"_links":{"self":[{"href":"https:\/\/www.automakers.cz\/index.php?rest_route=\/wp\/v2\/posts\/14170","targetHints":{"allow":["GET"]}}],"collection":[{"href":"https:\/\/www.automakers.cz\/index.php?rest_route=\/wp\/v2\/posts"}],"about":[{"href":"https:\/\/www.automakers.cz\/index.php?rest_route=\/wp\/v2\/types\/post"}],"author":[{"embeddable":true,"href":"https:\/\/www.automakers.cz\/index.php?rest_route=\/wp\/v2\/users\/1"}],"replies":[{"embeddable":true,"href":"https:\/\/www.automakers.cz\/index.php?rest_route=%2Fwp%2Fv2%2Fcomments&post=14170"}],"version-history":[{"count":13,"href":"https:\/\/www.automakers.cz\/index.php?rest_route=\/wp\/v2\/posts\/14170\/revisions"}],"predecessor-version":[{"id":14187,"href":"https:\/\/www.automakers.cz\/index.php?rest_route=\/wp\/v2\/posts\/14170\/revisions\/14187"}],"wp:featuredmedia":[{"embeddable":true,"href":"https:\/\/www.automakers.cz\/index.php?rest_route=\/wp\/v2\/media\/14177"}],"wp:attachment":[{"href":"https:\/\/www.automakers.cz\/index.php?rest_route=%2Fwp%2Fv2%2Fmedia&parent=14170"}],"wp:term":[{"taxonomy":"category","embeddable":true,"href":"https:\/\/www.automakers.cz\/index.php?rest_route=%2Fwp%2Fv2%2Fcategories&post=14170"},{"taxonomy":"post_tag","embeddable":true,"href":"https:\/\/www.automakers.cz\/index.php?rest_route=%2Fwp%2Fv2%2Ftags&post=14170"}],"curies":[{"name":"wp","href":"https:\/\/api.w.org\/{rel}","templated":true}]}}