{"id":14189,"date":"2025-06-24T08:46:04","date_gmt":"2025-06-24T08:46:04","guid":{"rendered":"https:\/\/www.automakers.cz\/?p=14189"},"modified":"2025-06-24T08:54:59","modified_gmt":"2025-06-24T08:54:59","slug":"cinane-dosahli-historicky-nejvyssiho-trzniho-podilu-v-evrope","status":"publish","type":"post","link":"https:\/\/www.automakers.cz\/?p=14189","title":{"rendered":"\u010c\u00ed\u0148an\u00e9 dos\u00e1hli rekordn\u00edho tr\u017en\u00edho pod\u00edlu v Evrop\u011b"},"content":{"rendered":"<p><strong>\u010c\u00ednsk\u00e9 automobilov\u00e9 zna\u010dky dos\u00e1hly v kv\u011btnu sv\u00e9ho historicky nejvy\u0161\u0161\u00edho tr\u017en\u00edho pod\u00edlu (5,4%) v Evrop\u011b pot\u00e9, co jejich prodeje vzrostly o 85 procent na v\u00edce ne\u017e 60 000 voz\u016f ve srovn\u00e1n\u00ed s rokem 2024.<\/strong><!--more--><\/p>\n<p>Celkov\u00e9 registrace vozidel jsou letos po o\u010dek\u00e1v\u00e1n\u00edm, p\u0159edev\u0161\u00edm kv\u016fli klesaj\u00edc\u00ed spot\u0159ebitelsk\u00e9 d\u016fv\u011b\u0159e vypl\u00fdvaj\u00edc\u00ed z obav z inflace, potenci\u00e1ln\u00edch vysok\u00fdch obchodn\u00edch cel v USA a \u0161ir\u0161\u00ed ekonomick\u00e9 nejistoty.<\/p>\n<p>V leto\u0161n\u00edm roce do\u0161lo k poklesu prodej\u016f na t\u0159ech z p\u011bti nejv\u011bt\u0161\u00edch trh\u016f \u2013 ve Francii, N\u011bmecku a It\u00e1lii. Spole\u010dnost GlobalData nad\u00e1le p\u0159edpov\u00edd\u00e1, \u017ee tr\u017eby nedos\u00e1hnou v\u00fdsledku roku 2024, p\u0159i\u010dem\u017e aktu\u00e1ln\u00ed evropsk\u00fd v\u00fdhled po\u010d\u00edt\u00e1 s prodejem celkem 11,4 milionu kus\u016f (-1 % meziro\u010dn\u011b).<\/p>\n<p><strong>Zdroj: GlobalData<\/strong><\/p>\n","protected":false},"excerpt":{"rendered":"<p>\u010c\u00ednsk\u00e9 automobilov\u00e9 zna\u010dky dos\u00e1hly v kv\u011btnu sv\u00e9ho historicky nejvy\u0161\u0161\u00edho tr\u017en\u00edho pod\u00edlu (5,4%) v Evrop\u011b pot\u00e9,&#8230;<\/p>\n","protected":false},"author":1,"featured_media":13374,"comment_status":"closed","ping_status":"closed","sticky":false,"template":"","format":"standard","meta":{"footnotes":""},"categories":[48,10],"tags":[],"class_list":["post-14189","post","type-post","status-publish","format-standard","has-post-thumbnail","hentry","category-registrace","category-statistika"],"_links":{"self":[{"href":"https:\/\/www.automakers.cz\/index.php?rest_route=\/wp\/v2\/posts\/14189","targetHints":{"allow":["GET"]}}],"collection":[{"href":"https:\/\/www.automakers.cz\/index.php?rest_route=\/wp\/v2\/posts"}],"about":[{"href":"https:\/\/www.automakers.cz\/index.php?rest_route=\/wp\/v2\/types\/post"}],"author":[{"embeddable":true,"href":"https:\/\/www.automakers.cz\/index.php?rest_route=\/wp\/v2\/users\/1"}],"replies":[{"embeddable":true,"href":"https:\/\/www.automakers.cz\/index.php?rest_route=%2Fwp%2Fv2%2Fcomments&post=14189"}],"version-history":[{"count":3,"href":"https:\/\/www.automakers.cz\/index.php?rest_route=\/wp\/v2\/posts\/14189\/revisions"}],"predecessor-version":[{"id":14194,"href":"https:\/\/www.automakers.cz\/index.php?rest_route=\/wp\/v2\/posts\/14189\/revisions\/14194"}],"wp:featuredmedia":[{"embeddable":true,"href":"https:\/\/www.automakers.cz\/index.php?rest_route=\/wp\/v2\/media\/13374"}],"wp:attachment":[{"href":"https:\/\/www.automakers.cz\/index.php?rest_route=%2Fwp%2Fv2%2Fmedia&parent=14189"}],"wp:term":[{"taxonomy":"category","embeddable":true,"href":"https:\/\/www.automakers.cz\/index.php?rest_route=%2Fwp%2Fv2%2Fcategories&post=14189"},{"taxonomy":"post_tag","embeddable":true,"href":"https:\/\/www.automakers.cz\/index.php?rest_route=%2Fwp%2Fv2%2Ftags&post=14189"}],"curies":[{"name":"wp","href":"https:\/\/api.w.org\/{rel}","templated":true}]}}