{"id":14196,"date":"2025-06-24T09:34:34","date_gmt":"2025-06-24T09:34:34","guid":{"rendered":"https:\/\/www.automakers.cz\/?p=14196"},"modified":"2025-06-24T09:36:39","modified_gmt":"2025-06-24T09:36:39","slug":"porsche-cr-poradalo-dalsi-rocnik-profesnich-dnu","status":"publish","type":"post","link":"https:\/\/www.automakers.cz\/?p=14196","title":{"rendered":"Porsche \u010cR po\u0159\u00e1dalo dal\u0161\u00ed ro\u010dn\u00edk Profesn\u00edch dn\u016f"},"content":{"rendered":"<p><strong>Porsche \u010cR v kv\u011btnu sezvalo do Tr\u00e9ninkov\u00e9 akademie v obci Zlatn\u00edky-Hodkovice \u017e\u00e1ky st\u0159edn\u00edch odborn\u00fdch \u0161kol z cel\u00e9ho \u010ceska v r\u00e1mci akce Profesn\u00ed dny 2025. C\u00edlem bylo motivovat budouc\u00ed uchaze\u010de o zam\u011bstn\u00e1n\u00ed a roz\u0161\u00ed\u0159it pov\u011bdom\u00ed o zna\u010dk\u00e1ch koncernu Volkswagen.<\/strong><!--more--><\/p>\n<p>Nejv\u011bt\u0161\u00ed import\u00e9r automobil\u016f do \u010cesk\u00e9 republiky dlouhodob\u011b podporuje vzd\u011bl\u00e1v\u00e1n\u00ed \u017e\u00e1k\u016f st\u0159edn\u00edch a u\u010d\u0148ovsk\u00fdch \u0161kol zam\u011b\u0159en\u00fdch na automobilov\u00e9 obory. Porsche \u010cesk\u00e1 republika je nap\u0159\u00edklad hlavn\u00edm partnerem sout\u011b\u017ee Autooprav\u00e1\u0159 Junior a \u017e\u00e1ky motivuje k vynikaj\u00edc\u00edm studijn\u00edm v\u00fdsledk\u016fm programem QHERO v r\u00e1mci projektu Best Employer.<\/p>\n<p>Tr\u00e9ninkov\u00e1 akademie spole\u010dnosti Porsche \u010cesk\u00e1 republika, otev\u0159en\u00e1 v roce 2022, hostila \u010dtrn\u00e1ctidenn\u00ed akci Profesn\u00ed dny 2025 ur\u010denou pro \u017e\u00e1ky st\u0159edn\u00edch \u0161kol s v\u00fdukou automobilov\u00fdch obor\u016f. Pozv\u00e1n\u00ed p\u0159ijalo celkem patn\u00e1ct \u0161kol, kter\u00e9 do obce Zlatn\u00edky-Hodkovice nedaleko Prahy vyslaly celkem 587 \u017e\u00e1k\u016f. Atraktivn\u00ed celodenn\u00ed program pro n\u011b p\u0159ipravili \u0161kolitel\u00e9 spole\u010dnosti Porsche \u010cesk\u00e1 republika za spolupr\u00e1ce z\u00e1stupc\u016f n\u011bkolika autorizovan\u00fdch servisn\u00edch partner\u016f<br \/>\nzna\u010dek koncernu Volkswagen.<\/p>\n<p>\u201eMotivace pro pr\u00e1ci v autooprav\u00e1renstv\u00ed a sm\u011br pro budouc\u00ed \u017eivot \u2013 to je n\u00e1\u0161 vzkaz \u017e\u00e1k\u016fm a u\u010d\u0148\u016fm \u0161kol, kter\u00fd jsme jim osobn\u011b cht\u011bli doru\u010dit p\u0159i leto\u0161n\u00edch Profesn\u00edch dnech,\u201c \u0159\u00edk\u00e1 Jan \u0160pinar, vedouc\u00ed poprodejn\u00edch slu\u017eeb spole\u010dnosti Porsche \u010cesk\u00e1 republika a dod\u00e1v\u00e1: \u201eJsem velmi r\u00e1d, \u017ee se tato akce za\u0159adila mezi na\u0161e tradi\u010dn\u00ed a \u017ee se na ni p\u0159ijela pod\u00edvat dokonce ve\u0159ejnopr\u00e1vn\u00ed \u010cesk\u00e1 televize. D\u016fle\u017eitost vzd\u011bl\u00e1v\u00e1n\u00ed v t\u011bchto oborech se n\u00e1m tak poda\u0159ilo dostat nejen mezi pozvan\u00e9 \u017e\u00e1ky, ale tak\u00e9 \u0161ir\u0161\u00ed ve\u0159ejnost.\u201c<\/p>\n<p>Celodenn\u00ed program akce Profesn\u00ed dny 2025 zahrnoval r\u016fzn\u00e9 \u010dinnosti a praktick\u00e9 uk\u00e1zky na interaktivn\u00edch stanovi\u0161t\u00edch v\u011bnovan\u00fdch odborn\u00fdm a profesn\u00edm t\u00e9mat\u016fm: od vysokonap\u011b\u0165ov\u00e9 techniky v oblasti elektromobility p\u0159es problematiku p\u0159evodovek a\u017e po opravy multimateri\u00e1lov\u00fdch karoseri\u00ed. Statickou prezentaci model\u016f a produkt\u016f dopl\u0148ovala mo\u017enost zku\u0161ebn\u00ed j\u00edzdy se \u0161kolitelem v elektromobilech zna\u010dky Volkswagen, p\u0159i\u010dem\u017e velkou pozornost si z\u00edskalo tak\u00e9 p\u0159\u00edtomn\u00e9 Lamborghini Urus. \u017d\u00e1ci z\u00edskali informace o pracovn\u00edch nab\u00eddk\u00e1ch z\u00e1stupc\u016f servisn\u00edch partner\u016f, vyzkou\u0161eli si poskytov\u00e1n\u00ed prvn\u00ed pomoci po autonehod\u011b prezentovan\u00e9 na motocyklistovi (v\u010detn\u011b praktick\u00e9 uk\u00e1zky funkce airbagov\u00e9 vesty) a tak\u00e9 \u00fanikovou hru.<\/p>\n<p><img loading=\"lazy\" decoding=\"async\" class=\"alignnone size-medium wp-image-14199\" src=\"http:\/\/www.automakers.cz\/wp-content\/uploads\/2025\/06\/Porsche-Prefesni-Days-900x600.jpg\" alt=\"\" width=\"900\" height=\"600\" \/><strong>Na odborn\u00e9m stanovi\u0161ti se zam\u011b\u0159en\u00edm na karoserie rozpozn\u00e1vali \u017e\u00e1ci jednotliv\u00e9 materi\u00e1ly pou\u017eit\u00e9 p\u0159i v\u00fdrob\u011b karoseri\u00ed modern\u00edch voz\u016f. Sv\u016fj prostor m\u011bla i vysokonap\u011b\u0165ov\u00e1 technika. Zde mohli \u017e\u00e1ci uplatnit sv\u00e9 znalosti nap\u0159. p\u0159i pozn\u00e1v\u00e1n\u00ed d\u00edl\u016f a nechyb\u011bla ani mo\u017enost vyrobit si sv\u016fj suven\u00fdr.<\/strong><\/p>\n<p>Spole\u010dnost Porsche \u010cesk\u00e1 republika se se svou dlouhodobou podporou u\u010d\u0148ovsk\u00e9ho \u0161kolstv\u00ed v \u010cesk\u00e9 republice c\u00edlen\u011b zasazuje o to, aby \u017e\u00e1ci automobilov\u00fdch obor\u016f z\u00edsk\u00e1vali kvalitn\u00ed odborn\u00e9 vzd\u011bl\u00e1n\u00ed na z\u00e1klad\u011b propojen\u00ed teorie a praxe, kter\u00e9 zohled\u0148uje nejnov\u011bj\u0161\u00ed trendy a vyu\u017e\u00edv\u00e1 nejmodern\u011bj\u0161\u00ed technologie. Krom\u011b partnerstv\u00ed se sout\u011b\u017e\u00ed Autooprav\u00e1\u0159 Junior realizuje spole\u010dnost Porsche \u010cesk\u00e1 republika tak\u00e9 projekt \u201eBest Employer\u201c s motiva\u010dn\u00edm programem pro \u017e\u00e1ky QHERO.<\/p>\n<p><strong>Erich Handl, Zlatn\u00edky<\/strong><\/p>\n<p><img loading=\"lazy\" decoding=\"async\" class=\"alignnone size-medium wp-image-14203\" src=\"http:\/\/www.automakers.cz\/wp-content\/uploads\/2025\/06\/Porsche-CR-Zlatniky-Profesni-dny-900x600.jpg\" alt=\"\" width=\"900\" height=\"600\" srcset=\"https:\/\/www.automakers.cz\/wp-content\/uploads\/2025\/06\/Porsche-CR-Zlatniky-Profesni-dny-900x600.jpg 900w, https:\/\/www.automakers.cz\/wp-content\/uploads\/2025\/06\/Porsche-CR-Zlatniky-Profesni-dny-1024x682.jpg 1024w, https:\/\/www.automakers.cz\/wp-content\/uploads\/2025\/06\/Porsche-CR-Zlatniky-Profesni-dny-768x512.jpg 768w, https:\/\/www.automakers.cz\/wp-content\/uploads\/2025\/06\/Porsche-CR-Zlatniky-Profesni-dny-1536x1024.jpg 1536w, https:\/\/www.automakers.cz\/wp-content\/uploads\/2025\/06\/Porsche-CR-Zlatniky-Profesni-dny.jpg 1898w\" sizes=\"auto, (max-width: 900px) 100vw, 900px\" \/><\/p>\n","protected":false},"excerpt":{"rendered":"<p>Porsche \u010cR v kv\u011btnu sezvalo do Tr\u00e9ninkov\u00e9 akademie v obci Zlatn\u00edky-Hodkovice \u017e\u00e1ky st\u0159edn\u00edch odborn\u00fdch \u0161kol&#8230;<\/p>\n","protected":false},"author":1,"featured_media":14199,"comment_status":"closed","ping_status":"closed","sticky":false,"template":"","format":"standard","meta":{"footnotes":""},"categories":[26,52,46],"tags":[],"class_list":["post-14196","post","type-post","status-publish","format-standard","has-post-thumbnail","hentry","category-eventy","category-servis","category-vzdelani"],"_links":{"self":[{"href":"https:\/\/www.automakers.cz\/index.php?rest_route=\/wp\/v2\/posts\/14196","targetHints":{"allow":["GET"]}}],"collection":[{"href":"https:\/\/www.automakers.cz\/index.php?rest_route=\/wp\/v2\/posts"}],"about":[{"href":"https:\/\/www.automakers.cz\/index.php?rest_route=\/wp\/v2\/types\/post"}],"author":[{"embeddable":true,"href":"https:\/\/www.automakers.cz\/index.php?rest_route=\/wp\/v2\/users\/1"}],"replies":[{"embeddable":true,"href":"https:\/\/www.automakers.cz\/index.php?rest_route=%2Fwp%2Fv2%2Fcomments&post=14196"}],"version-history":[{"count":5,"href":"https:\/\/www.automakers.cz\/index.php?rest_route=\/wp\/v2\/posts\/14196\/revisions"}],"predecessor-version":[{"id":14201,"href":"https:\/\/www.automakers.cz\/index.php?rest_route=\/wp\/v2\/posts\/14196\/revisions\/14201"}],"wp:featuredmedia":[{"embeddable":true,"href":"https:\/\/www.automakers.cz\/index.php?rest_route=\/wp\/v2\/media\/14199"}],"wp:attachment":[{"href":"https:\/\/www.automakers.cz\/index.php?rest_route=%2Fwp%2Fv2%2Fmedia&parent=14196"}],"wp:term":[{"taxonomy":"category","embeddable":true,"href":"https:\/\/www.automakers.cz\/index.php?rest_route=%2Fwp%2Fv2%2Fcategories&post=14196"},{"taxonomy":"post_tag","embeddable":true,"href":"https:\/\/www.automakers.cz\/index.php?rest_route=%2Fwp%2Fv2%2Ftags&post=14196"}],"curies":[{"name":"wp","href":"https:\/\/api.w.org\/{rel}","templated":true}]}}