{"id":14205,"date":"2025-06-24T09:50:13","date_gmt":"2025-06-24T09:50:13","guid":{"rendered":"https:\/\/www.automakers.cz\/?p=14205"},"modified":"2025-06-24T09:51:55","modified_gmt":"2025-06-24T09:51:55","slug":"skoda-a-shell-bodovaly-v-ankete-pluxee","status":"publish","type":"post","link":"https:\/\/www.automakers.cz\/?p=14205","title":{"rendered":"\u0160koda, KION a Shell boduj\u00ed v anket\u011b Pluxee"},"content":{"rendered":"<p><strong>Sout\u011b\u017e Pluxee Zam\u011bstnavatel roku 2025 zn\u00e1 sv\u00e9 v\u00edt\u011bze. Slavnostn\u00ed vyhl\u00e1\u0161en\u00ed se konalo 17. \u010dervna v pra\u017esk\u00e9m Metronom Business Center. Ocen\u011bn\u00ed z\u00edskaly firmy, kter\u00e9 dlouhodob\u011b pe\u010duj\u00ed o sv\u00e9 zam\u011bstnance, rozv\u00edjej\u00ed firemn\u00ed kulturu a \u00fasp\u011b\u0161n\u011b reaguj\u00ed na m\u011bn\u00edc\u00ed se pracovn\u00ed prost\u0159ed\u00ed.<\/strong><span id=\"more-2899\"><\/span><!--more--><\/p>\n<p>\u201eBlahop\u0159eji v\u0161em v\u00edt\u011bz\u016fm. Vyniknout v tak siln\u00e9 konkurenci nen\u00ed snadn\u00e9, zvl\u00e1\u0161t\u011b kdy\u017e se trh pr\u00e1ce rychle vyv\u00edj\u00ed a zam\u011bstnanci kladou st\u00e1le v\u011bt\u0161\u00ed d\u016fraz na smysluplnost pr\u00e1ce, flexibilitu a pracovn\u00ed prost\u0159ed\u00ed,\u201c uvedl <strong>Daniel \u010capek<\/strong>, gener\u00e1ln\u00ed \u0159editel <strong>Pluxee \u010cR<\/strong>, hlavn\u00edho partnera sout\u011b\u017ee.<\/p>\n<figure id=\"attachment_2900\" class=\"wp-caption alignnone\" aria-describedby=\"caption-attachment-2900\"><img loading=\"lazy\" decoding=\"async\" class=\"wp-image-2900 size-large\" src=\"https:\/\/www.czechbanking.cz\/wp-content\/uploads\/2025\/06\/Pluxee-Zamestnavatel-roku-moderator-Jan-Kovarik-a-Daniel-Capek-generalni-reditel-Pluxee-hlavniho-partnera-souteze-1-1024x768.jpg\" sizes=\"auto, (max-width: 640px) 100vw, 640px\" srcset=\"https:\/\/www.czechbanking.cz\/wp-content\/uploads\/2025\/06\/Pluxee-Zamestnavatel-roku-moderator-Jan-Kovarik-a-Daniel-Capek-generalni-reditel-Pluxee-hlavniho-partnera-souteze-1-1024x768.jpg 1024w, https:\/\/www.czechbanking.cz\/wp-content\/uploads\/2025\/06\/Pluxee-Zamestnavatel-roku-moderator-Jan-Kovarik-a-Daniel-Capek-generalni-reditel-Pluxee-hlavniho-partnera-souteze-1-300x225.jpg 300w, https:\/\/www.czechbanking.cz\/wp-content\/uploads\/2025\/06\/Pluxee-Zamestnavatel-roku-moderator-Jan-Kovarik-a-Daniel-Capek-generalni-reditel-Pluxee-hlavniho-partnera-souteze-1-768x576.jpg 768w, https:\/\/www.czechbanking.cz\/wp-content\/uploads\/2025\/06\/Pluxee-Zamestnavatel-roku-moderator-Jan-Kovarik-a-Daniel-Capek-generalni-reditel-Pluxee-hlavniho-partnera-souteze-1-1536x1152.jpg 1536w, https:\/\/www.czechbanking.cz\/wp-content\/uploads\/2025\/06\/Pluxee-Zamestnavatel-roku-moderator-Jan-Kovarik-a-Daniel-Capek-generalni-reditel-Pluxee-hlavniho-partnera-souteze-1.jpg 2000w\" alt=\"\" width=\"640\" height=\"480\" \/><figcaption id=\"caption-attachment-2900\" class=\"wp-caption-text\"><strong>Moder\u00e1tor Jan Kova\u0159\u00edk a Daniel \u010capek, gener\u00e1ln\u00ed \u0159editel Pluxee<\/strong><\/figcaption><\/figure>\n<p><strong>V\u00edt\u011bzov\u00e9 hlavn\u00edch kategori\u00ed:<\/strong><\/p>\n<p>\u2013 Do 500 zam\u011bstnanc\u016f: Shell Czech Republic<\/p>\n<figure id=\"attachment_2901\" class=\"wp-caption alignnone\" aria-describedby=\"caption-attachment-2901\"><img loading=\"lazy\" decoding=\"async\" class=\"wp-image-2901 size-large\" src=\"https:\/\/www.czechbanking.cz\/wp-content\/uploads\/2025\/06\/Pluxee-Zamestnavatel-roku-medailiste-v-kategorii-do-500-zamestnancu-1024x768.jpg\" sizes=\"auto, (max-width: 640px) 100vw, 640px\" srcset=\"https:\/\/www.czechbanking.cz\/wp-content\/uploads\/2025\/06\/Pluxee-Zamestnavatel-roku-medailiste-v-kategorii-do-500-zamestnancu-1024x768.jpg 1024w, https:\/\/www.czechbanking.cz\/wp-content\/uploads\/2025\/06\/Pluxee-Zamestnavatel-roku-medailiste-v-kategorii-do-500-zamestnancu-300x225.jpg 300w, https:\/\/www.czechbanking.cz\/wp-content\/uploads\/2025\/06\/Pluxee-Zamestnavatel-roku-medailiste-v-kategorii-do-500-zamestnancu-768x576.jpg 768w, https:\/\/www.czechbanking.cz\/wp-content\/uploads\/2025\/06\/Pluxee-Zamestnavatel-roku-medailiste-v-kategorii-do-500-zamestnancu.jpg 1500w\" alt=\"\" width=\"640\" height=\"480\" \/><figcaption id=\"caption-attachment-2901\" class=\"wp-caption-text\">Medailist\u00e9 v kategorii do 500 zam\u011bstnanc\u016f<\/figcaption><\/figure>\n<p>\u2013 Do 5000 zam\u011bstnanc\u016f: SAZKA (obh\u00e1jila lo\u0148sk\u00e9 v\u00edt\u011bzstv\u00ed)<\/p>\n<figure id=\"attachment_2902\" class=\"wp-caption alignnone\" aria-describedby=\"caption-attachment-2902\"><img loading=\"lazy\" decoding=\"async\" class=\"wp-image-2902 size-large\" src=\"https:\/\/www.czechbanking.cz\/wp-content\/uploads\/2025\/06\/Pluxee-Zamestnavatel-roku-oceneni-v-kategorii-do-5000-zamestnancu-1024x768.jpg\" sizes=\"auto, (max-width: 640px) 100vw, 640px\" srcset=\"https:\/\/www.czechbanking.cz\/wp-content\/uploads\/2025\/06\/Pluxee-Zamestnavatel-roku-oceneni-v-kategorii-do-5000-zamestnancu-1024x768.jpg 1024w, https:\/\/www.czechbanking.cz\/wp-content\/uploads\/2025\/06\/Pluxee-Zamestnavatel-roku-oceneni-v-kategorii-do-5000-zamestnancu-300x225.jpg 300w, https:\/\/www.czechbanking.cz\/wp-content\/uploads\/2025\/06\/Pluxee-Zamestnavatel-roku-oceneni-v-kategorii-do-5000-zamestnancu-768x576.jpg 768w, https:\/\/www.czechbanking.cz\/wp-content\/uploads\/2025\/06\/Pluxee-Zamestnavatel-roku-oceneni-v-kategorii-do-5000-zamestnancu.jpg 1500w\" alt=\"\" width=\"640\" height=\"480\" \/><figcaption id=\"caption-attachment-2902\" class=\"wp-caption-text\">Ocen\u011bn\u00ed v kategorii do 5000 zam\u011bstnanc\u016f<\/figcaption><\/figure>\n<p>\u2013 Nad 5000 zam\u011bstnanc\u016f: <strong>\u0160koda Auto<\/strong> (vr\u00e1tila se na prvn\u00ed m\u00edsto po t\u0159\u00edlet\u00e9 pauze)<\/p>\n<figure id=\"attachment_2903\" class=\"wp-caption alignnone\" aria-describedby=\"caption-attachment-2903\"><img loading=\"lazy\" decoding=\"async\" class=\"wp-image-2903 size-large\" src=\"https:\/\/www.czechbanking.cz\/wp-content\/uploads\/2025\/06\/Pluxee-Zamestnavatel-roku-medailiste-v-kategorii-nad-5000-zamestnancu-1024x768.jpg\" sizes=\"auto, (max-width: 640px) 100vw, 640px\" srcset=\"https:\/\/www.czechbanking.cz\/wp-content\/uploads\/2025\/06\/Pluxee-Zamestnavatel-roku-medailiste-v-kategorii-nad-5000-zamestnancu-1024x768.jpg 1024w, https:\/\/www.czechbanking.cz\/wp-content\/uploads\/2025\/06\/Pluxee-Zamestnavatel-roku-medailiste-v-kategorii-nad-5000-zamestnancu-300x225.jpg 300w, https:\/\/www.czechbanking.cz\/wp-content\/uploads\/2025\/06\/Pluxee-Zamestnavatel-roku-medailiste-v-kategorii-nad-5000-zamestnancu-768x576.jpg 768w, https:\/\/www.czechbanking.cz\/wp-content\/uploads\/2025\/06\/Pluxee-Zamestnavatel-roku-medailiste-v-kategorii-nad-5000-zamestnancu.jpg 1500w\" alt=\"\" width=\"640\" height=\"480\" \/><figcaption id=\"caption-attachment-2903\" class=\"wp-caption-text\"><strong>Medailist\u00e9 v kategorii nad 5000 zam\u011bstnanc\u016f<\/strong><\/figcaption><\/figure>\n<p>Sout\u011b\u017e, organizovan\u00e1 Klubem zam\u011bstnavatel\u016f, pom\u00e1h\u00e1 firm\u00e1m m\u011b\u0159it a zlep\u0161ovat \u00farove\u0148 person\u00e1ln\u00ed p\u00e9\u010de, kultury a motivace. Vedle hlavn\u00edch kategori\u00ed byly ud\u011bleny i speci\u00e1ln\u00ed ceny za f\u00e9rovost, ochranu zdrav\u00ed, nejlep\u0161\u00ed HR projekt a p\u0159edstaveni byli finalist\u00e9 sout\u011b\u017ee Kant\u00fdna roku.<\/p>\n<p>\u201eJe vid\u011bt, \u017ee zam\u011bstnavatel\u00e9 p\u0159ikl\u00e1daj\u00ed st\u00e1le v\u011bt\u0161\u00ed v\u00e1hu celkov\u00e9 p\u00e9\u010di o zam\u011bstnance: od f\u00e9rov\u00e9 komunikace p\u0159es du\u0161evn\u00ed zdrav\u00ed a\u017e po v\u00fd\u017eivu,\u201c komentoval trend Daniel \u010capek.<\/p>\n<p>Sout\u011b\u017e Pluxee Zam\u011bstnavatel roku tak i letos potvrdila sv\u016fj v\u00fdznam v oblasti HR a strategick\u00e9ho pl\u00e1nov\u00e1n\u00ed firem, a to v dob\u011b, kdy je schopnost budovat atraktivn\u00ed zam\u011bstnavatelskou zna\u010dku kl\u00ed\u010dov\u00e1 pro z\u00edsk\u00e1v\u00e1n\u00ed a udr\u017een\u00ed talent\u016f.<\/p>\n<p><strong>Zdroj: Dana Samkov\u00e1<\/strong><\/p>\n","protected":false},"excerpt":{"rendered":"<p>Sout\u011b\u017e Pluxee Zam\u011bstnavatel roku 2025 zn\u00e1 sv\u00e9 v\u00edt\u011bze. Slavnostn\u00ed vyhl\u00e1\u0161en\u00ed se konalo 17. \u010dervna v&#8230;<\/p>\n","protected":false},"author":1,"featured_media":14207,"comment_status":"closed","ping_status":"closed","sticky":false,"template":"","format":"standard","meta":{"footnotes":""},"categories":[32,26,5],"tags":[],"class_list":["post-14205","post","type-post","status-publish","format-standard","has-post-thumbnail","hentry","category-ankety","category-eventy","category-personalie"],"_links":{"self":[{"href":"https:\/\/www.automakers.cz\/index.php?rest_route=\/wp\/v2\/posts\/14205","targetHints":{"allow":["GET"]}}],"collection":[{"href":"https:\/\/www.automakers.cz\/index.php?rest_route=\/wp\/v2\/posts"}],"about":[{"href":"https:\/\/www.automakers.cz\/index.php?rest_route=\/wp\/v2\/types\/post"}],"author":[{"embeddable":true,"href":"https:\/\/www.automakers.cz\/index.php?rest_route=\/wp\/v2\/users\/1"}],"replies":[{"embeddable":true,"href":"https:\/\/www.automakers.cz\/index.php?rest_route=%2Fwp%2Fv2%2Fcomments&post=14205"}],"version-history":[{"count":3,"href":"https:\/\/www.automakers.cz\/index.php?rest_route=\/wp\/v2\/posts\/14205\/revisions"}],"predecessor-version":[{"id":14208,"href":"https:\/\/www.automakers.cz\/index.php?rest_route=\/wp\/v2\/posts\/14205\/revisions\/14208"}],"wp:featuredmedia":[{"embeddable":true,"href":"https:\/\/www.automakers.cz\/index.php?rest_route=\/wp\/v2\/media\/14207"}],"wp:attachment":[{"href":"https:\/\/www.automakers.cz\/index.php?rest_route=%2Fwp%2Fv2%2Fmedia&parent=14205"}],"wp:term":[{"taxonomy":"category","embeddable":true,"href":"https:\/\/www.automakers.cz\/index.php?rest_route=%2Fwp%2Fv2%2Fcategories&post=14205"},{"taxonomy":"post_tag","embeddable":true,"href":"https:\/\/www.automakers.cz\/index.php?rest_route=%2Fwp%2Fv2%2Ftags&post=14205"}],"curies":[{"name":"wp","href":"https:\/\/api.w.org\/{rel}","templated":true}]}}