{"id":14212,"date":"2025-06-25T05:56:28","date_gmt":"2025-06-25T05:56:28","guid":{"rendered":"https:\/\/www.automakers.cz\/?p=14212"},"modified":"2025-06-25T05:57:26","modified_gmt":"2025-06-25T05:57:26","slug":"elektromobily-v-cr-pribyvaji-jejich-podil-je-stale-pod-prumerem-eu","status":"publish","type":"post","link":"https:\/\/www.automakers.cz\/?p=14212","title":{"rendered":"Elektromobily v \u010cR p\u0159ib\u00fdvaj\u00ed, jejich pod\u00edl je st\u00e1le pod pr\u016fm\u011brem EU"},"content":{"rendered":"<p><strong>V \u010cesk\u00e9 republice do\u0161lo v obdob\u00ed leden a\u017e kv\u011bten 2025 k\u202fmeziro\u010dn\u00edmu n\u00e1r\u016fstu registrac\u00ed nov\u00fdch bateriov\u00fdch elektrick\u00fdch vozidel (BEV) o 111,7 %, co\u017e p\u0159edstavuje v\u016fbec nejvy\u0161\u0161\u00ed tempo r\u016fstu v r\u00e1mci cel\u00e9 Evropsk\u00e9 unie.<\/strong> <!--more--><\/p>\n<p>Zat\u00edmco pr\u016fm\u011brn\u00fd r\u016fst nap\u0159\u00ed\u010d \u010dlensk\u00fdmi st\u00e1ty \u010dinil 26,1 %, \u010desk\u00fd trh s bateriov\u00fdmi elektromobily tak vykazuje mimo\u0159\u00e1dnou dynamiku. P\u0159esto z\u016fst\u00e1v\u00e1 pod\u00edl BEVs na celkov\u00fdch registrac\u00edch v \u010cesku relativn\u011b n\u00edzk\u00fd \u2013 5,5 %, co\u017e zemi \u0159ad\u00ed na 19. m\u00edsto mezi 27 \u010dlensk\u00fdmi st\u00e1ty EU. V absolutn\u00edch \u010d\u00edslech bylo v \u010cesku za dan\u00e9 obdob\u00ed registrov\u00e1no 5 552 BEVs, zat\u00edmco v cel\u00e9 EU \u0161lo o 701 089 vozidel, s pr\u016fm\u011brn\u00fdm pod\u00edlem 15,4 %. Vypl\u00fdv\u00e1 to z aktualizovan\u00fdch informac\u00ed webu cistadoprava.cz, kter\u00e9 vych\u00e1zej\u00ed ze zdrojov\u00fdch dat Evropsk\u00e9ho sdru\u017een\u00ed v\u00fdrobc\u016f automobil\u016f.<\/p>\n<p><strong>EU letos registrovala 4,5 milionu vozidel<\/strong><\/p>\n<p>V obdob\u00ed od ledna do kv\u011btna 2025 bylo v zem\u00edch Evropsk\u00e9 unie registrov\u00e1no celkem 4 566 970 nov\u00fdch osobn\u00edch vozidel, co\u017e p\u0159edstavuje meziro\u010dn\u00ed pokles o 0,6 %. Hlavn\u00ed evropsk\u00e9 trhy zaznamenaly \u00fatlum \u2013 ve Francii pokles \u010dinil 8,2 %, v N\u011bmecku 2,4 % a v It\u00e1lii 0,5 %. Naproti tomu \u0160pan\u011blsko vyk\u00e1zalo v\u00fdrazn\u00fd r\u016fst registrac\u00ed (+13,6 %). \u010cesk\u00e1 republika se za\u0159adila mezi zem\u011b s pozitivn\u00edm trendem, kdy\u017e po\u010det registrac\u00ed vzrostl meziro\u010dn\u011b o 3,7 %.<\/p>\n<p>Z hlediska pohonn\u00fdch jednotek z\u016fst\u00e1vaj\u00ed v EU nej\u010dast\u011bj\u0161\u00ed volbou z\u00e1kazn\u00edk\u016f hybridn\u00ed vozidla bez mo\u017enosti extern\u00edho dob\u00edjen\u00ed, kter\u00e1 tvo\u0159ila 35,1 % nov\u00fdch registrac\u00ed (+19,8 % meziro\u010dn\u011b). Druhou p\u0159\u00ed\u010dku obsadila benzinov\u00e1 vozidla s pod\u00edlem 28,6 %, av\u0161ak s v\u00fdrazn\u00fdm poklesem (-20,2 %), zat\u00edmco bateriov\u00e9 elektromobily se s 15,4% pod\u00edlem staly t\u0159et\u00ed nejpreferovan\u011bj\u0161\u00ed volbou. Naopak dieselov\u00e1 vozidla nad\u00e1le ztr\u00e1cela \u2013 s pod\u00edlem 9,5 % zaznamenala meziro\u010dn\u00ed pokles o 26,6 %. Plug-in hybridn\u00ed vozy p\u0159edstavovaly 8,2 % registrac\u00ed (+15,0 %).<\/p>\n<p>V absolutn\u00edch \u010d\u00edslech p\u0159ibylo v zem\u00edch EU za p\u011bt m\u011bs\u00edc\u016f celkem 145 074 nov\u00fdch bateriov\u00fdch elektromobil\u016f oproti stejn\u00e9mu obdob\u00ed lo\u0148sk\u00e9ho roku. N\u00e1r\u016fst zaznamenaly t\u0159i ze \u010dty\u0159 nejv\u011bt\u0161\u00edch trh\u016f v EU, kter\u00e9 p\u0159edstavuj\u00ed 62 % v\u0161ech registrac\u00ed bateriov\u00fdch elektromobil\u016f: N\u011bmecko (+43,2 %), Belgie (+26,7 %) a Nizozemsko (+6,7 %). Naproti tomu Francie zaznamenala pokles o 7,1 %.<\/p>\n<figure id=\"attachment_9940\" aria-describedby=\"caption-attachment-9940\" style=\"width: 900px\" class=\"wp-caption alignnone\"><img loading=\"lazy\" decoding=\"async\" class=\"size-medium wp-image-9940\" src=\"http:\/\/www.automakers.cz\/wp-content\/uploads\/2024\/12\/01_Prvni-verejna-ultrarychla-dobijeci-stanice-s-intergrovanou-baterii-v-CR-small-2-900x678.jpg\" alt=\"\" width=\"900\" height=\"678\" srcset=\"https:\/\/www.automakers.cz\/wp-content\/uploads\/2024\/12\/01_Prvni-verejna-ultrarychla-dobijeci-stanice-s-intergrovanou-baterii-v-CR-small-2-900x678.jpg 900w, https:\/\/www.automakers.cz\/wp-content\/uploads\/2024\/12\/01_Prvni-verejna-ultrarychla-dobijeci-stanice-s-intergrovanou-baterii-v-CR-small-2-1024x771.jpg 1024w, https:\/\/www.automakers.cz\/wp-content\/uploads\/2024\/12\/01_Prvni-verejna-ultrarychla-dobijeci-stanice-s-intergrovanou-baterii-v-CR-small-2-768x579.jpg 768w, https:\/\/www.automakers.cz\/wp-content\/uploads\/2024\/12\/01_Prvni-verejna-ultrarychla-dobijeci-stanice-s-intergrovanou-baterii-v-CR-small-2.jpg 1200w\" sizes=\"auto, (max-width: 900px) 100vw, 900px\" \/><figcaption id=\"caption-attachment-9940\" class=\"wp-caption-text\">B\u011b\u017en\u00e1 platebn\u00ed karta na v\u011bt\u0161in\u011b \u010desk\u00fdch zat\u00edm dob\u00edje\u010dek nefunguje<\/figcaption><\/figure>\n<p>\u010cesk\u00e1 republika v kontextu elektromobility v\u00fdrazn\u011b postoupila \u2013 s 5 552 nov\u011b registrovan\u00fdmi bateriov\u00fdmi elektromobily dos\u00e1hla meziro\u010dn\u00edho r\u016fstu 111,7 %, co\u017e p\u0159edstavuje nejvy\u0161\u0161\u00ed tempo r\u016fstu v cel\u00e9 EU. P\u0159esto z\u016fst\u00e1v\u00e1 jejich pod\u00edl na celkov\u00fdch registrac\u00edch st\u00e1le relativn\u011b n\u00edzk\u00fd (5,5 %), co\u017e \u0159ad\u00ed \u010cesko na 19. m\u00edsto mezi \u010dlensk\u00fdmi st\u00e1ty. Vy\u0161\u0161\u00ed pod\u00edl ze zem\u00ed V4 zaznamenalo nap\u0159\u00edklad Ma\u010farsko (7,2 %), ni\u017e\u0161\u00ed pak Polsko (4,4 %) a Slovensko (4,2 %). Nejvy\u0161\u0161\u00ed penetrace bateriov\u00fdch elektromobil\u016f byla evidov\u00e1na v D\u00e1nsku (63,9 %), n\u00e1sledovan\u00e9m Nizozemskem (35,0 %) a Finskem (34,3 %).<\/p>\n<p>Podle \u0159editele Centra dopravn\u00edho v\u00fdzkumu (CDV) Jind\u0159icha Fri\u010de stoj\u00ed za leto\u0161n\u00edm v\u00fdrazn\u00fdm r\u016fstem registrac\u00ed elektromobil\u016f v \u010cesku kombinace n\u011bkolika faktor\u016f. \u201eKl\u00ed\u010dovou roli sehr\u00e1l lo\u0148sk\u00fd dota\u010dn\u00ed program pro firmy, jeho\u017e efekty se do registrac\u00ed prom\u00edtly se zpo\u017ed\u011bn\u00edm. Meziro\u010dn\u00ed n\u00e1r\u016fst nav\u00edc umoc\u0148uje skute\u010dnost, \u017ee \u010cesko dlouhodob\u011b vych\u00e1z\u00ed z n\u00edzk\u00e9ho v\u00fdchoz\u00edho z\u00e1kladu. K vy\u0161\u0161\u00edm \u010d\u00edsl\u016fm p\u0159isp\u00edv\u00e1 tak\u00e9 \u0161ir\u0161\u00ed nab\u00eddka cenov\u011b dostupn\u011bj\u0161\u00edch model\u016f a st\u00e1le siln\u011bj\u0161\u00ed tlak na sni\u017eov\u00e1n\u00ed emis\u00ed ve firemn\u00edch flotil\u00e1ch. V neposledn\u00ed \u0159ad\u011b je r\u016fst podpo\u0159en zlep\u0161uj\u00edc\u00ed se dostupnost\u00ed ve\u0159ejn\u00e9 dob\u00edjec\u00ed infrastruktury,\u201c vysv\u011btluje Fri\u010d.<\/p>\n<p>Dopl\u0148uje, \u017ee od ledna do kv\u011btna 2025 bylo nej\u010dast\u011bji registrovan\u00fdm bateriov\u00fdm elektromobilem v \u010cesku SUV \u0160koda Elroq (1\u202f209 registrac\u00ed), n\u00e1sledovan\u00e9 modely \u0160koda Enyaq (850) a Tesla Model Y (607).<\/p>\n<p>\u201eAktu\u00e1ln\u011b je na tuzemsk\u00fdch silnic\u00edch provozov\u00e1no p\u0159es 46\u202ftis\u00edc osobn\u00edch bateriov\u00fdch elektromobil\u016f kategorie M1, kter\u00e9 maj\u00ed k dispozici v\u00edce ne\u017e 6\u202ftis\u00edc ve\u0159ejn\u011b p\u0159\u00edstupn\u00fdch dob\u00edjec\u00edch bod\u016f,\u201c uzav\u00edr\u00e1 \u0159editel CDV.<\/p>\n<p>Centrum dopravn\u00edho v\u00fdzkumu ve spolupr\u00e1ci s Ministerstvem dopravy realizuje do konce \u010dervna on-line pr\u016fzkum zam\u011b\u0159en\u00fd na praktick\u00e9 zku\u0161enosti u\u017eivatel\u016f bateriov\u00fdch elektromobil\u016f v \u010cesk\u00e9 republice. C\u00edlem je z\u00edskat informace o ka\u017edodenn\u00edm pou\u017e\u00edv\u00e1n\u00ed elektromobil\u016f, v\u010detn\u011b zvyklost\u00ed p\u0159i dob\u00edjen\u00ed, vyu\u017e\u00edv\u00e1n\u00ed ve\u0159ejn\u00e9 a neve\u0159ejn\u00e9 infrastruktury. Pr\u016fzkum je anonymn\u00ed a jeho v\u00fdsledky pomohou p\u0159i pl\u00e1nov\u00e1n\u00ed dal\u0161\u00edho rozvoje elektromobility a dob\u00edjec\u00ed infrastruktury v \u010cesku. Z\u00e1v\u011bry pr\u016fzkumu budou zve\u0159ejn\u011bny na webu \u010cist\u00e1 doprava.<\/p>\n<p>Provoz webov\u00fdch str\u00e1nek cistadoprava.cz je realizov\u00e1n za finan\u010dn\u00ed podpory Ministerstva dopravy v r\u00e1mci programu dlouhodob\u00e9ho koncep\u010dn\u00edho rozvoje v\u00fdzkumn\u00fdch organizac\u00ed a Pra\u017esk\u00e9 energetiky.<\/p>\n<p><strong>Zdroj: CDV<\/strong><\/p>\n<figure id=\"attachment_13959\" aria-describedby=\"caption-attachment-13959\" style=\"width: 900px\" class=\"wp-caption alignnone\"><img loading=\"lazy\" decoding=\"async\" class=\"size-medium wp-image-13959\" src=\"http:\/\/www.automakers.cz\/wp-content\/uploads\/2025\/06\/LW_250610_TOYOTA_BZ4X_PRAGUE_CZ_HR_0003-900x675.jpg\" alt=\"\" width=\"900\" height=\"675\" srcset=\"https:\/\/www.automakers.cz\/wp-content\/uploads\/2025\/06\/LW_250610_TOYOTA_BZ4X_PRAGUE_CZ_HR_0003-900x675.jpg 900w, https:\/\/www.automakers.cz\/wp-content\/uploads\/2025\/06\/LW_250610_TOYOTA_BZ4X_PRAGUE_CZ_HR_0003-1024x768.jpg 1024w, https:\/\/www.automakers.cz\/wp-content\/uploads\/2025\/06\/LW_250610_TOYOTA_BZ4X_PRAGUE_CZ_HR_0003-768x576.jpg 768w, https:\/\/www.automakers.cz\/wp-content\/uploads\/2025\/06\/LW_250610_TOYOTA_BZ4X_PRAGUE_CZ_HR_0003.jpg 1280w\" sizes=\"auto, (max-width: 900px) 100vw, 900px\" \/><figcaption id=\"caption-attachment-13959\" class=\"wp-caption-text\">Toyota bZ4X<\/figcaption><\/figure>\n","protected":false},"excerpt":{"rendered":"<p>V \u010cesk\u00e9 republice do\u0161lo v obdob\u00ed leden a\u017e kv\u011bten 2025 k\u202fmeziro\u010dn\u00edmu n\u00e1r\u016fstu registrac\u00ed nov\u00fdch bateriov\u00fdch&#8230;<\/p>\n","protected":false},"author":1,"featured_media":1370,"comment_status":"closed","ping_status":"closed","sticky":false,"template":"","format":"standard","meta":{"footnotes":""},"categories":[9,10],"tags":[],"class_list":["post-14212","post","type-post","status-publish","format-standard","has-post-thumbnail","hentry","category-elektromobily","category-statistika"],"_links":{"self":[{"href":"https:\/\/www.automakers.cz\/index.php?rest_route=\/wp\/v2\/posts\/14212","targetHints":{"allow":["GET"]}}],"collection":[{"href":"https:\/\/www.automakers.cz\/index.php?rest_route=\/wp\/v2\/posts"}],"about":[{"href":"https:\/\/www.automakers.cz\/index.php?rest_route=\/wp\/v2\/types\/post"}],"author":[{"embeddable":true,"href":"https:\/\/www.automakers.cz\/index.php?rest_route=\/wp\/v2\/users\/1"}],"replies":[{"embeddable":true,"href":"https:\/\/www.automakers.cz\/index.php?rest_route=%2Fwp%2Fv2%2Fcomments&post=14212"}],"version-history":[{"count":3,"href":"https:\/\/www.automakers.cz\/index.php?rest_route=\/wp\/v2\/posts\/14212\/revisions"}],"predecessor-version":[{"id":14214,"href":"https:\/\/www.automakers.cz\/index.php?rest_route=\/wp\/v2\/posts\/14212\/revisions\/14214"}],"wp:featuredmedia":[{"embeddable":true,"href":"https:\/\/www.automakers.cz\/index.php?rest_route=\/wp\/v2\/media\/1370"}],"wp:attachment":[{"href":"https:\/\/www.automakers.cz\/index.php?rest_route=%2Fwp%2Fv2%2Fmedia&parent=14212"}],"wp:term":[{"taxonomy":"category","embeddable":true,"href":"https:\/\/www.automakers.cz\/index.php?rest_route=%2Fwp%2Fv2%2Fcategories&post=14212"},{"taxonomy":"post_tag","embeddable":true,"href":"https:\/\/www.automakers.cz\/index.php?rest_route=%2Fwp%2Fv2%2Ftags&post=14212"}],"curies":[{"name":"wp","href":"https:\/\/api.w.org\/{rel}","templated":true}]}}