{"id":14264,"date":"2025-06-26T09:33:20","date_gmt":"2025-06-26T09:33:20","guid":{"rendered":"https:\/\/www.automakers.cz\/?p=14264"},"modified":"2025-06-26T09:33:20","modified_gmt":"2025-06-26T09:33:20","slug":"hana-machacova-v-dozorci-rade-vig","status":"publish","type":"post","link":"https:\/\/www.automakers.cz\/?p=14264","title":{"rendered":"Hana Macha\u010dov\u00e1 v dozor\u010d\u00ed rad\u011b VIG"},"content":{"rendered":"<p><strong><span class=\"citation-55\">Hana Macha\u010dov\u00e1, dlouholet\u00e1 \u010dlenka veden\u00ed poji\u0161\u0165ovny Kooperativa, byla jmenov\u00e1na \u010dlenkou dozor\u010d\u00ed rady Vienna Insurance Group (VIG)<\/span>.<\/strong><!--more--><\/p>\n<p><span class=\"citation-54\">Macha\u010dov\u00e1 \u00fasp\u011b\u0161n\u011b p\u016fsobila v poji\u0161\u0165ovn\u011b Kooperativa v\u00edce ne\u017e 30 let, v\u011bt\u0161inu z toho jako \u010dlenka p\u0159edstavenstva zodpov\u011bdn\u00e1 za obchodn\u00ed aktivity<\/span>. <span class=\"citation-53\">Povol\u00e1n\u00edm je pr\u00e1vni\u010dka a v sou\u010dasn\u00e9 dob\u011b \u0159\u00edd\u00ed soci\u00e1ln\u00ed projekty v Nadaci Kooperativy<\/span>. <span class=\"citation-52\">Skupina VIG t\u00edmto zu\u017eitkuje jej\u00ed letit\u00e9 zku\u0161enosti s pojistn\u00fdm trhem, pr\u00e1vem v poji\u0161\u0165ovnictv\u00ed a zejm\u00e9na znalostmi z oblasti obchodu<\/span>.<\/p>\n<p><span class=\"citation-51\">\u201eV Kooperativ\u011b jsem se ji\u017e od poloviny 90. let 20. stolet\u00ed zab\u00fdvala p\u0159edev\u0161\u00edm distribuc\u00ed poji\u0161t\u011bn\u00ed. Obchod byla v\u017edy velk\u00e1 v\u00fdzva, proto\u017ee mi d\u00e1val mo\u017enost p\u0159\u00edm\u00e9ho srovn\u00e1n\u00ed s konkurenc\u00ed, kter\u00e1 je v \u010cesk\u00e9 republice obzvl\u00e1\u0161\u0165 ostr\u00e1. Je samoz\u0159ejm\u011b velk\u00e1 \u010dest b\u00fdt \u010dlenkou dozor\u010d\u00ed rady jedn\u00e9 z nejv\u011bt\u0161\u00edch evropsk\u00fdch poji\u0161\u0165ovac\u00edch skupin a o sv\u00e9 zku\u0161enosti se velmi r\u00e1da pod\u011bl\u00edm,\u201c uv\u00e1d\u00ed Hana Macha\u010dov\u00e1<\/span>.<\/p>\n<p><span class=\"citation-50\">Vienna Insurance Group (VIG) je p\u0159edn\u00ed poji\u0161\u0165ovac\u00ed skupinou v cel\u00e9m regionu st\u0159edn\u00ed a v\u00fdchodn\u00ed Evropy<\/span>. <span class=\"citation-49\">V\u00edce ne\u017e 50 poji\u0161\u0165oven a penzijn\u00edch fond\u016f ve 30 zem\u00edch tvo\u0159\u00ed skupinu s dlouholetou tradic\u00ed, siln\u00fdmi zna\u010dkami a \u00fazk\u00fdmi vztahy se z\u00e1kazn\u00edky<\/span>. <span class=\"citation-48\">P\u0159ibli\u017en\u011b 30 000 zam\u011bstnanc\u016f VIG se star\u00e1 o ka\u017edodenn\u00ed pot\u0159eby p\u0159ibli\u017en\u011b 33 milion\u016f z\u00e1kazn\u00edk\u016f<\/span>.<\/p>\n<p><strong>Zdroj: VIG<\/strong><\/p>\n","protected":false},"excerpt":{"rendered":"<p>Hana Macha\u010dov\u00e1, dlouholet\u00e1 \u010dlenka veden\u00ed poji\u0161\u0165ovny Kooperativa, byla jmenov\u00e1na \u010dlenkou dozor\u010d\u00ed rady Vienna Insurance Group&#8230;<\/p>\n","protected":false},"author":1,"featured_media":14265,"comment_status":"closed","ping_status":"closed","sticky":false,"template":"","format":"standard","meta":{"footnotes":""},"categories":[6,5,35],"tags":[],"class_list":["post-14264","post","type-post","status-publish","format-standard","has-post-thumbnail","hentry","category-management","category-personalie","category-pojisteni"],"_links":{"self":[{"href":"https:\/\/www.automakers.cz\/index.php?rest_route=\/wp\/v2\/posts\/14264","targetHints":{"allow":["GET"]}}],"collection":[{"href":"https:\/\/www.automakers.cz\/index.php?rest_route=\/wp\/v2\/posts"}],"about":[{"href":"https:\/\/www.automakers.cz\/index.php?rest_route=\/wp\/v2\/types\/post"}],"author":[{"embeddable":true,"href":"https:\/\/www.automakers.cz\/index.php?rest_route=\/wp\/v2\/users\/1"}],"replies":[{"embeddable":true,"href":"https:\/\/www.automakers.cz\/index.php?rest_route=%2Fwp%2Fv2%2Fcomments&post=14264"}],"version-history":[{"count":2,"href":"https:\/\/www.automakers.cz\/index.php?rest_route=\/wp\/v2\/posts\/14264\/revisions"}],"predecessor-version":[{"id":14267,"href":"https:\/\/www.automakers.cz\/index.php?rest_route=\/wp\/v2\/posts\/14264\/revisions\/14267"}],"wp:featuredmedia":[{"embeddable":true,"href":"https:\/\/www.automakers.cz\/index.php?rest_route=\/wp\/v2\/media\/14265"}],"wp:attachment":[{"href":"https:\/\/www.automakers.cz\/index.php?rest_route=%2Fwp%2Fv2%2Fmedia&parent=14264"}],"wp:term":[{"taxonomy":"category","embeddable":true,"href":"https:\/\/www.automakers.cz\/index.php?rest_route=%2Fwp%2Fv2%2Fcategories&post=14264"},{"taxonomy":"post_tag","embeddable":true,"href":"https:\/\/www.automakers.cz\/index.php?rest_route=%2Fwp%2Fv2%2Ftags&post=14264"}],"curies":[{"name":"wp","href":"https:\/\/api.w.org\/{rel}","templated":true}]}}