{"id":14280,"date":"2025-06-26T10:12:52","date_gmt":"2025-06-26T10:12:52","guid":{"rendered":"https:\/\/www.automakers.cz\/?p=14280"},"modified":"2025-06-26T10:14:33","modified_gmt":"2025-06-26T10:14:33","slug":"cinsky-xpeng-vstoupil-na-cesky-trh","status":"publish","type":"post","link":"https:\/\/www.automakers.cz\/?p=14280","title":{"rendered":"\u010c\u00ednsk\u00fd Xpeng vstoupil na \u010desk\u00fd trh"},"content":{"rendered":"<p><strong>Sme\u010dka motoristick\u00fdch novin\u00e1\u0159\u016f se v \u00fater\u00fd pro tiskovce zna\u010dky BYD p\u0159esunula do hole\u0161ovick\u00e9ho um\u011bleck\u00e9ho centra DOX, kde prob\u011bhla tiskov\u00e1 konference p\u0159i p\u0159\u00edle\u017eitosti uveden\u00ed dal\u0161\u00ed \u010d\u00ednsk\u00e9 automobilky na \u010desk\u00fd trh. \u0160lo tentokr\u00e1t o Xpeng.<\/strong><!--more--><\/p>\n<p><strong>Kdo je Xpeng a co nab\u00edz\u00ed?<\/strong><\/p>\n<p>\u010c\u00ednsk\u00fd zna\u010dka Xpeng byla zalo\u017een\u00e1 v roce 2014 v Kantonu a specializuje se na v\u00fdvoj a v\u00fdrobu \u010dist\u011b elektricky poh\u00e1n\u011bn\u00fdch vozidel. Od roku 2023 dr\u017e\u00ed 4,99 % akci\u00ed automobilky Xpeng koncern Volkswagen, se kter\u00fdm spolupracuje na v\u00fdvoji nov\u00e9 glob\u00e1ln\u00ed platformy pro elektromobily.<\/p>\n<p>V Evrop\u011b p\u0159edstavuje Xpeng jednu z m\u00e1la zna\u010dek, kter\u00e9 nevyr\u00e1b\u00ed spalovac\u00ed motory ani jejich hybridn\u00ed verze a v\u011bnuje se v\u00fdhradn\u011b elektromobil\u016fm.<\/p>\n<p><iframe loading=\"lazy\"  id=\"_ytid_12602\"  width=\"640\" height=\"360\"  data-origwidth=\"640\" data-origheight=\"360\" src=\"https:\/\/www.youtube.com\/embed\/bpvzxPu8ZxE?enablejsapi=1&#038;autoplay=0&#038;cc_load_policy=0&#038;cc_lang_pref=&#038;iv_load_policy=1&#038;loop=0&#038;modestbranding=0&#038;rel=1&#038;fs=1&#038;playsinline=0&#038;autohide=2&#038;theme=dark&#038;color=red&#038;controls=1&#038;\" class=\"__youtube_prefs__  epyt-is-override  no-lazyload\" title=\"YouTube player\"  allow=\"accelerometer; autoplay; clipboard-write; encrypted-media; gyroscope; picture-in-picture\" allowfullscreen data-no-lazy=\"1\" data-skipgform_ajax_framebjll=\"\"><\/iframe><\/p>\n<p><strong>Kdo stoj\u00ed za importem voz\u016f Xpeng?<\/strong><\/p>\n<p>Dovozem elektromobil\u016f Xpeng na \u010desk\u00fd trh je spole\u010dnost Hedin Distribution CZ, kter\u00e1 je sou\u010d\u00e1st\u00ed \u0161v\u00e9dsk\u00e9 skupiny Hedin Mobility Group. Tato spole\u010dnost pat\u0159ila loni mezi t\u0159i nejv\u011bt\u0161\u00ed prodejn\u00ed a distribu\u010dn\u00ed organizace v Evrop\u011b, s ro\u010dn\u00edm objemem prodeje 259 000 voz\u016f. P\u016fsob\u00ed v 14 zem\u00edch, distribuuje vozidla 15. zna\u010dek v s\u00edti 330 vlastn\u00edch dealerstv\u00ed.<\/p>\n<p>V r\u00e1mci Evropy je Hedin Mobility Group nejv\u011bt\u0161\u00edm obchodn\u00edm partnerem zna\u010dek Mercedes-Benz, Kia, Ford a MG a druh\u00fdm nejv\u011bt\u0161\u00edm partnerem zna\u010dky BMW. V \u010cesk\u00e9 republice je zn\u00e1m\u00e1 p\u0159edev\u0161\u00edm d\u00edky akvizici ve spole\u010dnosti Ho\u0161ek Motor v Brn\u011b.<\/p>\n<p><strong>Vysok\u00e9 c\u00edle na zat\u00edm mal\u00e9m a dost obsazen\u00e9m h\u0159i\u0161ti<\/strong><\/p>\n<p>Uveden\u00ed elektromobil\u016f zna\u010dky Xpeng se zhostili Petr Lehk\u00fd, Deputy CEO Hedin Distribution CEE a Country manager XPENG pro \u010cR a Robert Baumgartner, CEO Hedin Distribution CEE. Ti tak\u00e9 p\u0159edstavili trojici elektromobil\u016f \u2013 G6, G9 a P7, plus velmi atraktivn\u00ed pouta\u010d v podob\u011b modelu elektrick\u00e9ho l\u00e9taj\u00edc\u00edho auta, na b\u00e1zi osobn\u00edho dronu.<\/p>\n<p>Na tiskovce se mluvilo o c\u00edli, dos\u00e1hnout s vozidly Xpeng na 10 % \u010desk\u00e9ho trhu elektromobil\u016f, co\u017e je hodn\u011b ambici\u00f3zn\u00ed p\u0159edstava. Vezmeme-li v \u00favahu, \u017ee o doposud p\u011btiprocentn\u00ed pod\u00edl elektromobil\u016f na celkov\u00e9m \u010desk\u00e9m trhu usiluje u\u017e 37 zna\u010dek a sv\u00fdmi registracemi dosahuje 37 % pod\u00edl dom\u00e1c\u00ed \u0160koda, jde sv\u00fdm zp\u016fsobem o hodn\u011b odv\u00e1\u017en\u00e9 p\u0159\u00e1n\u00ed.<\/p>\n<p><strong>Co vozidla Xpeng nab\u00eddnou<\/strong><\/p>\n<p>Konkurence nen\u00ed mal\u00e1. Samotn\u00e1 vozidla Xpeng sv\u00fdmi parametry m\u00ed\u0159\u00ed mezi pr\u00e9miov\u00e9 konkurenty, a to i cenov\u011b. Nab\u00edzej\u00ed sice \u0161pi\u010dkov\u00e9 technologie, v\u010detn\u011b vyu\u017e\u00edv\u00e1n\u00ed um\u011bl\u00e9 inteligence, elegantn\u00ed design vn\u011b i uvnit\u0159, ale podobn\u00fdmi ambicemi se mohou chlubit tak\u00e9 mnoh\u00e9 dal\u0161\u00ed zna\u010dky.<\/p>\n<p>Ultrarychl\u00e9 nab\u00edjen\u00ed, inteligentn\u00ed ekosyst\u00e9m Xpilot s p\u011bti pokro\u010dil\u00fdmi milimetrov\u00fdmi radary, 12 ultrazvukov\u00fdch senzor\u016f a dvan\u00e1ct kamer, jsou skv\u011bl\u00e9 argumenty. Technick\u00e9 \u00fadaje p\u016fsob\u00ed rovn\u011b\u017e l\u00e1kav\u011b, kdy\u017e nap\u0159. model P7 dok\u00e1\u017ee zrychlit z 0 na 100 km\/h za 4,1 s, m\u00e1 dojezd 576 km a nejv\u011bt\u0161\u00ed SUV, G9 m\u00e1 dojezd 570 km atd. Bude to sta\u010dit t\u0159eba na zavedenou Teslu?<\/p>\n<p><strong>Individualita m\u016f\u017ee l\u00e1kat<\/strong><\/p>\n<p>Podle slov Roberta Baumgartnera nen\u00ed Xpeng b\u011b\u017en\u00e1 automobilka. Je to technologick\u00e1 zna\u010dka, kter\u00e1 do osobn\u00ed p\u0159epravy p\u0159en\u00e1\u0161\u00ed prvky zn\u00e1m\u00e9 sp\u00ed\u0161e z oblasti letectv\u00ed, jako jsou pokro\u010dil\u00e1 prostorov\u00e1 orientace, vysp\u011bl\u00e9 adaptivn\u00ed syst\u00e9my a inteligentn\u00ed automatizace, to v\u0161e u\u017e dostupn\u00e9 p\u0159i ka\u017edodenn\u00edm pou\u017e\u00edv\u00e1n\u00ed a v atraktivn\u00ed designu.<\/p>\n<p><strong>Prvn\u00ed prodejce na Praze 5<\/strong><\/p>\n<p>T\u00edm je spole\u010dnosti Mach Motors, kde si u\u017e mohou z\u00e1kazn\u00edci nov\u00e9 elektromobily Xpeng prohl\u00e9dnout a zarezervovat. Ceny za\u010d\u00ednaj\u00ed u model\u016f SUV, G6 od 1 119 900 K\u010d, G9 od 1 499 900 K\u010d a pro sedan P7 pak od 1 229 900 K\u010d.<\/p>\n<p>B\u011bhem n\u00e1sleduj\u00edc\u00edch m\u011bs\u00edc\u016f by m\u011bly b\u00fdt otev\u0159eny dal\u0161\u00ed prodejny a servisn\u00ed m\u00edsta s t\u00edm, \u017ee do konce roku 2026 jich bude \u0161est. C\u00edlem je prodat minim\u00e1ln\u011b 1000 voz\u016f Xpeng.<\/p>\n<p><strong>Karel Ber\u00e1nek, DOX Hole\u0161ovice, Video: Lud\u011bk Kortus<\/strong><\/p>\n<p><img loading=\"lazy\" decoding=\"async\" class=\"alignnone size-medium wp-image-14258\" src=\"http:\/\/www.automakers.cz\/wp-content\/uploads\/2025\/06\/Xpeng-TK-vyvoj-podium-900x741.jpeg\" alt=\"\" width=\"900\" height=\"741\" srcset=\"https:\/\/www.automakers.cz\/wp-content\/uploads\/2025\/06\/Xpeng-TK-vyvoj-podium-900x741.jpeg 900w, https:\/\/www.automakers.cz\/wp-content\/uploads\/2025\/06\/Xpeng-TK-vyvoj-podium-1024x843.jpeg 1024w, https:\/\/www.automakers.cz\/wp-content\/uploads\/2025\/06\/Xpeng-TK-vyvoj-podium-768x632.jpeg 768w, https:\/\/www.automakers.cz\/wp-content\/uploads\/2025\/06\/Xpeng-TK-vyvoj-podium.jpeg 1082w\" sizes=\"auto, (max-width: 900px) 100vw, 900px\" \/><\/p>\n<p><strong>Novinky Xpeng pro \u010desk\u00fd trh prezentovali Petr Lehk\u00fd (vlevo) a Robert Baumgartner (vpravo)<\/strong><\/p>\n","protected":false},"excerpt":{"rendered":"<p>Sme\u010dka motoristick\u00fdch novin\u00e1\u0159\u016f se v \u00fater\u00fd pro tiskovce zna\u010dky BYD p\u0159esunula do hole\u0161ovick\u00e9ho um\u011bleck\u00e9ho centra&#8230;<\/p>\n","protected":false},"author":1,"featured_media":14285,"comment_status":"closed","ping_status":"closed","sticky":false,"template":"","format":"standard","meta":{"footnotes":""},"categories":[59,12,20,66],"tags":[],"class_list":["post-14280","post","type-post","status-publish","format-standard","has-post-thumbnail","hentry","category-automakers-tv","category-premiery","category-tiskovky","category-video"],"_links":{"self":[{"href":"https:\/\/www.automakers.cz\/index.php?rest_route=\/wp\/v2\/posts\/14280","targetHints":{"allow":["GET"]}}],"collection":[{"href":"https:\/\/www.automakers.cz\/index.php?rest_route=\/wp\/v2\/posts"}],"about":[{"href":"https:\/\/www.automakers.cz\/index.php?rest_route=\/wp\/v2\/types\/post"}],"author":[{"embeddable":true,"href":"https:\/\/www.automakers.cz\/index.php?rest_route=\/wp\/v2\/users\/1"}],"replies":[{"embeddable":true,"href":"https:\/\/www.automakers.cz\/index.php?rest_route=%2Fwp%2Fv2%2Fcomments&post=14280"}],"version-history":[{"count":7,"href":"https:\/\/www.automakers.cz\/index.php?rest_route=\/wp\/v2\/posts\/14280\/revisions"}],"predecessor-version":[{"id":14286,"href":"https:\/\/www.automakers.cz\/index.php?rest_route=\/wp\/v2\/posts\/14280\/revisions\/14286"}],"wp:featuredmedia":[{"embeddable":true,"href":"https:\/\/www.automakers.cz\/index.php?rest_route=\/wp\/v2\/media\/14285"}],"wp:attachment":[{"href":"https:\/\/www.automakers.cz\/index.php?rest_route=%2Fwp%2Fv2%2Fmedia&parent=14280"}],"wp:term":[{"taxonomy":"category","embeddable":true,"href":"https:\/\/www.automakers.cz\/index.php?rest_route=%2Fwp%2Fv2%2Fcategories&post=14280"},{"taxonomy":"post_tag","embeddable":true,"href":"https:\/\/www.automakers.cz\/index.php?rest_route=%2Fwp%2Fv2%2Ftags&post=14280"}],"curies":[{"name":"wp","href":"https:\/\/api.w.org\/{rel}","templated":true}]}}