{"id":14300,"date":"2025-06-26T15:17:12","date_gmt":"2025-06-26T15:17:12","guid":{"rendered":"https:\/\/www.automakers.cz\/?p=14300"},"modified":"2025-06-26T15:17:29","modified_gmt":"2025-06-26T15:17:29","slug":"novy-cfo-ve-scanii-ceska-republika","status":"publish","type":"post","link":"https:\/\/www.automakers.cz\/?p=14300","title":{"rendered":"Nov\u00fd CFO ve Scanii \u010cesk\u00e1 republika"},"content":{"rendered":"<p><strong><b>\u010cesk\u00e1 Scania ohl\u00e1sila zm\u011bnu na pozici finan\u010dn\u00edho \u0159editele (CFO). S \u00fa\u010dinnost\u00ed od 1. \u010dervence 2025 se t\u00e9to funkce uj\u00edm\u00e1 Ints Krasti\u0146\u0161, zku\u0161en\u00fd mana\u017eer v oblasti financ\u00ed, kter\u00fd do \u010ceska p\u0159ich\u00e1z\u00ed z pozice CFO Scania Ukrajina. <\/b><\/strong><!--more--><\/p>\n<p>Ints Krasti\u0146\u0161 p\u016fsob\u00ed ve skupin\u011b Scania od roku 2006 a b\u011bhem sv\u00e9 kari\u00e9ry zast\u00e1val \u0159adu kl\u00ed\u010dov\u00fdch finan\u010dn\u00edch a mana\u017eersk\u00fdch pozic. M\u00e1 rozs\u00e1hl\u00e9 zku\u0161enosti z oblasti finan\u010dn\u00edho \u0159\u00edzen\u00ed v r\u016fzn\u00fdch zem\u00edch regionu, v\u010detn\u011b Loty\u0161ska, Litvy, Estonska a Ukrajiny. Je absolventem BA School of Business and Finance v Rize a dr\u017eitelem ACCA kvalifikace.<\/p>\n<p>V r\u00e1mci sv\u00e9 dosavadn\u00ed praxe se zam\u011b\u0159oval na \u0159\u00edzen\u00ed financ\u00ed, optimalizaci n\u00e1klad\u016f i podporu strategick\u00fdch projekt\u016f v oblasti udr\u017eitelnosti a r\u016fstu. Ve sv\u00e9 nov\u00e9 roli bude Ints Krasti\u0146\u0161 odpov\u011bdn\u00fd za finan\u010dn\u00ed \u0159\u00edzen\u00ed cel\u00e9ho regionu Scania CER (Central European Region), kter\u00fd zahrnuje \u010ceskou republiku, Slovensko a Ma\u010farsko.<\/p>\n<p>Na t\u00e9to pozici nahrad\u00ed Andrease \u00d6debrinka, kter\u00fd p\u0159ech\u00e1z\u00ed do veden\u00ed finan\u010dn\u00edho odd\u011blen\u00ed ScaniaK, kde se od 1. kv\u011btna 2025 ujal funkce CFO.<\/p>\n<p>\u201eR\u00e1d bych pod\u011bkoval Andreasovi za jeho p\u0159\u00ednos b\u011bhem p\u016fsoben\u00ed v na\u0161em regionu a pop\u0159\u00e1l mu mnoho \u00fasp\u011bch\u016f v nov\u00e9 roli,\u201c uvedl Zden\u011bk Petr\u00e1s, gener\u00e1ln\u00ed \u0159editel Scania CER. \u201eZ\u00e1rove\u0148 v\u00edt\u00e1m Intse v na\u0161em t\u00fdmu. V\u011b\u0159\u00edm, \u017ee jeho zku\u0161enosti a energick\u00fd p\u0159\u00edstup p\u0159isp\u011bj\u00ed k dal\u0161\u00edmu rozvoji na\u0161\u00ed spole\u010dnosti.\u201c<\/p>\n<p><strong>Zdroj: Scania, Jan Kuhn<\/strong><\/p>\n<p><img loading=\"lazy\" decoding=\"async\" class=\"alignnone size-medium wp-image-9785\" src=\"http:\/\/www.automakers.cz\/wp-content\/uploads\/2024\/12\/Scania-logo-900x605.jpg\" alt=\"\" width=\"900\" height=\"605\" srcset=\"https:\/\/www.automakers.cz\/wp-content\/uploads\/2024\/12\/Scania-logo-900x605.jpg 900w, https:\/\/www.automakers.cz\/wp-content\/uploads\/2024\/12\/Scania-logo-1024x688.jpg 1024w, https:\/\/www.automakers.cz\/wp-content\/uploads\/2024\/12\/Scania-logo-768x516.jpg 768w, https:\/\/www.automakers.cz\/wp-content\/uploads\/2024\/12\/Scania-logo-1536x1032.jpg 1536w, https:\/\/www.automakers.cz\/wp-content\/uploads\/2024\/12\/Scania-logo-2048x1376.jpg 2048w\" sizes=\"auto, (max-width: 900px) 100vw, 900px\" \/><\/p>\n","protected":false},"excerpt":{"rendered":"<p>\u010cesk\u00e1 Scania ohl\u00e1sila zm\u011bnu na pozici finan\u010dn\u00edho \u0159editele (CFO). S \u00fa\u010dinnost\u00ed od 1. \u010dervence 2025&#8230;<\/p>\n","protected":false},"author":1,"featured_media":14302,"comment_status":"closed","ping_status":"closed","sticky":false,"template":"","format":"standard","meta":{"footnotes":""},"categories":[6,5],"tags":[],"class_list":["post-14300","post","type-post","status-publish","format-standard","has-post-thumbnail","hentry","category-management","category-personalie"],"_links":{"self":[{"href":"https:\/\/www.automakers.cz\/index.php?rest_route=\/wp\/v2\/posts\/14300","targetHints":{"allow":["GET"]}}],"collection":[{"href":"https:\/\/www.automakers.cz\/index.php?rest_route=\/wp\/v2\/posts"}],"about":[{"href":"https:\/\/www.automakers.cz\/index.php?rest_route=\/wp\/v2\/types\/post"}],"author":[{"embeddable":true,"href":"https:\/\/www.automakers.cz\/index.php?rest_route=\/wp\/v2\/users\/1"}],"replies":[{"embeddable":true,"href":"https:\/\/www.automakers.cz\/index.php?rest_route=%2Fwp%2Fv2%2Fcomments&post=14300"}],"version-history":[{"count":3,"href":"https:\/\/www.automakers.cz\/index.php?rest_route=\/wp\/v2\/posts\/14300\/revisions"}],"predecessor-version":[{"id":14307,"href":"https:\/\/www.automakers.cz\/index.php?rest_route=\/wp\/v2\/posts\/14300\/revisions\/14307"}],"wp:featuredmedia":[{"embeddable":true,"href":"https:\/\/www.automakers.cz\/index.php?rest_route=\/wp\/v2\/media\/14302"}],"wp:attachment":[{"href":"https:\/\/www.automakers.cz\/index.php?rest_route=%2Fwp%2Fv2%2Fmedia&parent=14300"}],"wp:term":[{"taxonomy":"category","embeddable":true,"href":"https:\/\/www.automakers.cz\/index.php?rest_route=%2Fwp%2Fv2%2Fcategories&post=14300"},{"taxonomy":"post_tag","embeddable":true,"href":"https:\/\/www.automakers.cz\/index.php?rest_route=%2Fwp%2Fv2%2Ftags&post=14300"}],"curies":[{"name":"wp","href":"https:\/\/api.w.org\/{rel}","templated":true}]}}