{"id":14326,"date":"2025-06-27T08:25:51","date_gmt":"2025-06-27T08:25:51","guid":{"rendered":"https:\/\/www.automakers.cz\/?p=14326"},"modified":"2025-06-27T09:47:59","modified_gmt":"2025-06-27T09:47:59","slug":"fiat-grande-panda-se-ukazal-na-salabce","status":"publish","type":"post","link":"https:\/\/www.automakers.cz\/?p=14326","title":{"rendered":"Fiat Grande Panda se uk\u00e1zal na Salabce"},"content":{"rendered":"<p><strong>\u0160\u00e9f F Automobil Importu Jarom\u00edr He\u0159mansk\u00fd uvedl 26. \u010dervna na trh model FIAT GRANDE PANDA. Tiskov\u00e1 konference se konala na pra\u017esk\u00e9 vinici Salabka, k test\u016fm byla k dispozici elektrick\u00e1 verze vozu. Fiat letos po\u010d\u00edt\u00e1 s prodejem n\u011bkolika stovek kus\u016f.<\/strong><!--more--><\/p>\n<p>&#8222;Panda je glob\u00e1ln\u00edm produktem Fiatu u\u017e 45 let, za tu dobu se prodalo osm milion\u016f kus\u016f. V \u010cesku to bylo dohromady 27 tis\u00edc vozidel. My m\u00e1me z tov\u00e1rny letos objedn\u00e1no letos n\u011bkolik stovek kus\u016f, v p\u0159\u00ed\u0161t\u00edm roce se chceme dostat na registraci 600 aut,&#8220; <strong>\u0159ekl \u010dasopisu AUTOmakers He\u0159mansk\u00fd<\/strong>.<\/p>\n<p>Celkov\u011b ale letos p\u016fjde <strong>F Automobil Import<\/strong> s \u010d\u00edsly dol\u016f kv\u016fli ukon\u010den\u00ed prodeje Fiatu 500.<\/p>\n<p>&#8222;Loni jsme registrovali 2500 vozidel,<strong> letos je v pl\u00e1n u dva tis\u00edce kus\u016f,<\/strong>&#8220; doplnil \u0161\u00e9f importu s t\u00edm, \u017ee a\u017e do roku 2029 se bude z\u00e1rove\u0148 doprod\u00e1vat st\u00e1vaj\u00edc\u00ed verze Pandy.<\/p>\n<p><img loading=\"lazy\" decoding=\"async\" class=\"alignnone size-medium wp-image-14342\" src=\"http:\/\/www.automakers.cz\/wp-content\/uploads\/2025\/06\/Fiat-Grande-Panda-nebe-900x600.jpg\" alt=\"\" width=\"900\" height=\"600\" \/><strong>Benz\u00ednov\u00e1 verze Pandy a\u017e na podzim<\/strong><\/p>\n<p>Grande Panda, kterou Fiat vyr\u00e1b\u00ed v Srbsku, bude v tuzemsku nejprve k m\u00e1n\u00ed v elektrick\u00e9 verzi, ta u\u017e byla k m\u00e1n\u00ed pro testy na Salabce. Bude n\u00e1sledovat hybrid a na podzim p\u0159ijde verze, od kter\u00e9 se o\u010dek\u00e1vaj\u00ed nejv\u011bt\u0161\u00ed objemy prodeje &#8211; benz\u00ednov\u00fd manu\u00e1l 1,2 litru.<\/p>\n<figure id=\"attachment_14336\" aria-describedby=\"caption-attachment-14336\" style=\"width: 900px\" class=\"wp-caption alignnone\"><img loading=\"lazy\" decoding=\"async\" class=\"size-medium wp-image-14336\" src=\"http:\/\/www.automakers.cz\/wp-content\/uploads\/2025\/06\/Fiat-Panda-Tom-Hyan-900x506.jpeg\" alt=\"\" width=\"900\" height=\"506\" srcset=\"https:\/\/www.automakers.cz\/wp-content\/uploads\/2025\/06\/Fiat-Panda-Tom-Hyan-900x506.jpeg 900w, https:\/\/www.automakers.cz\/wp-content\/uploads\/2025\/06\/Fiat-Panda-Tom-Hyan-1024x576.jpeg 1024w, https:\/\/www.automakers.cz\/wp-content\/uploads\/2025\/06\/Fiat-Panda-Tom-Hyan-768x432.jpeg 768w, https:\/\/www.automakers.cz\/wp-content\/uploads\/2025\/06\/Fiat-Panda-Tom-Hyan-1536x864.jpeg 1536w, https:\/\/www.automakers.cz\/wp-content\/uploads\/2025\/06\/Fiat-Panda-Tom-Hyan-1280x720.jpeg 1280w, https:\/\/www.automakers.cz\/wp-content\/uploads\/2025\/06\/Fiat-Panda-Tom-Hyan.jpeg 2048w\" sizes=\"auto, (max-width: 900px) 100vw, 900px\" \/><figcaption id=\"caption-attachment-14336\" class=\"wp-caption-text\"><strong>Pandu prov\u011b\u0159il na Salabce i p\u0159edseda poroty ankety Auto roku Tom Hyan<\/strong><\/figcaption><\/figure>\n<p>Panda sd\u00edl\u00ed platformu voz\u016f skupiny <span class=\"highlight-E1id3 highlight-E4id0 highlight-E1M highlight-E4M\">Stellantis (<\/span><span class=\"highlight-E3id4 highlight-E3M\">Citro\u00ebn<\/span> <span class=\"highlight-E3id4 highlight-E3M\">C3<\/span> <span class=\"highlight-E3id4 highlight-E3M\">Aircross<\/span> a <span class=\"highlight-E3id5 highlight-E3M\">Opel<\/span> <span class=\"highlight-E3id5 highlight-E3M\">Frontera) s <\/span>d\u00e9lkou 3,99 m. V\u00fd\u0161ka \u010din\u00ed 1,57 m a \u0161\u00ed\u0159ka 1,76 m (bez zrc\u00e1tek). Model bude k dispozici v sedmi barevn\u00fdch proveden\u00edch \u2013 \u017elut\u00e9 Limone, bronzov\u00e9 Luna, azurov\u00e9 Acqua, modr\u00e9 <span class=\"highlight-E0id1 highlight-E0M\">Lago<\/span>, \u010derven\u00e9 <span class=\"highlight-E1id1 highlight-E1M\">Passione<\/span>, \u010dern\u00e9 Cinema a b\u00edl\u00e9 Gelato. Zavazadlov\u00fd prostor m\u00e1 361 litr\u016f v elektrick\u00e9 verzi a 412 litr\u016f ve spalovac\u00ed.<\/p>\n<p><img loading=\"lazy\" decoding=\"async\" class=\"alignnone size-medium wp-image-14333\" src=\"http:\/\/www.automakers.cz\/wp-content\/uploads\/2025\/06\/Fiat-Panda-palubka-meda-900x506.jpeg\" alt=\"\" width=\"900\" height=\"506\" srcset=\"https:\/\/www.automakers.cz\/wp-content\/uploads\/2025\/06\/Fiat-Panda-palubka-meda-900x506.jpeg 900w, https:\/\/www.automakers.cz\/wp-content\/uploads\/2025\/06\/Fiat-Panda-palubka-meda-1024x576.jpeg 1024w, https:\/\/www.automakers.cz\/wp-content\/uploads\/2025\/06\/Fiat-Panda-palubka-meda-768x432.jpeg 768w, https:\/\/www.automakers.cz\/wp-content\/uploads\/2025\/06\/Fiat-Panda-palubka-meda-1536x864.jpeg 1536w, https:\/\/www.automakers.cz\/wp-content\/uploads\/2025\/06\/Fiat-Panda-palubka-meda-1280x720.jpeg 1280w, https:\/\/www.automakers.cz\/wp-content\/uploads\/2025\/06\/Fiat-Panda-palubka-meda.jpeg 2048w\" sizes=\"auto, (max-width: 900px) 100vw, 900px\" \/>Palubn\u00ed desce dominuje 10\u201c digit\u00e1ln\u00ed sdru\u017een\u00fd p\u0159\u00edstroj a 10,25\u201c displej infotainmentu, kter\u00fd je standardem elektrick\u00e9 verze, spalovac\u00ed m\u016f\u017ee b\u00fdt v z\u00e1kladu i bez st\u0159edov\u00e9ho displeje, kter\u00fd nahrazuje dr\u017e\u00e1k chytr\u00fdch telefon\u016f.<\/p>\n<p><strong>Dojezd na jedno nabit\u00ed 320 km<\/strong><\/p>\n<p>Prodej Pandy startuje s elektrickou verz\u00ed s bateri\u00ed o kapacit\u011b 44 kWh a elektromotorem s v\u00fdkonem 83 kW (113 k), kter\u00e9 v kombinovan\u00e9m cyklu <span class=\"highlight-E3id1 highlight-E3M\">WLTP<\/span> nab\u00edzej\u00ed dojezd 320 km. Pozd\u011bji se chyst\u00e1 je\u0161t\u011b verze s v\u011bt\u0161\u00ed bateri\u00ed o kapacit\u011b 54 kWh a dojezdem a\u017e 400 km. Maxim\u00e1ln\u00ed DC dob\u00edjec\u00ed v\u00fdkon je 100 kW. Cena za\u010d\u00edn\u00e1 na 589 900 K\u010d v\u010d. DPH.<\/p>\n<p>N\u00e1sledovat bude mild-hybridn\u00ed verze s p\u0159epl\u0148ovan\u00fdm t\u0159\u00edv\u00e1lcov\u00fdm motorem o objemu 1,2 litru s v\u00fdkonem 100 k, 48voltovou Li-ion bateri\u00ed a \u0161estistup\u0148ovou elektrifikovanou dvouspojkovou p\u0159evodovkou (eDCT), kter\u00e1 zahrnuje elektromotor s v\u00fdkonem 21 kW, m\u011bni\u010d a centr\u00e1ln\u00ed jednotku p\u0159evodovky. Cena za\u010d\u00edn\u00e1 na 459 900 K\u010d v\u010d. DPH.<\/p>\n<p><img loading=\"lazy\" decoding=\"async\" class=\"alignnone size-medium wp-image-14335\" src=\"http:\/\/www.automakers.cz\/wp-content\/uploads\/2025\/06\/Fiat-Panda-cenik-orez-900x491.jpg\" alt=\"\" width=\"900\" height=\"491\" srcset=\"https:\/\/www.automakers.cz\/wp-content\/uploads\/2025\/06\/Fiat-Panda-cenik-orez-900x491.jpg 900w, https:\/\/www.automakers.cz\/wp-content\/uploads\/2025\/06\/Fiat-Panda-cenik-orez-1024x559.jpg 1024w, https:\/\/www.automakers.cz\/wp-content\/uploads\/2025\/06\/Fiat-Panda-cenik-orez-768x419.jpg 768w, https:\/\/www.automakers.cz\/wp-content\/uploads\/2025\/06\/Fiat-Panda-cenik-orez.jpg 1187w\" sizes=\"auto, (max-width: 900px) 100vw, 900px\" \/>Pro ob\u011b motorizace plat\u00ed prodlou\u017een\u00e1 tov\u00e1rn\u00ed z\u00e1ruka 7 let nebo 100 tis\u00edc kilometr\u016f na auto, v p\u0159\u00edpad\u011b elektromobilu pak je\u0161t\u011b 8 let nebo 160 tis\u00edc kilometr\u016f na baterii.<\/p>\n<p><strong>Erich Handl, Salabka<\/strong><\/p>\n<p><img loading=\"lazy\" decoding=\"async\" class=\"alignnone size-medium wp-image-14334\" src=\"http:\/\/www.automakers.cz\/wp-content\/uploads\/2025\/06\/Fiat-Panda-kolaz-Salabka-2025-brana-900x900.jpeg\" alt=\"\" width=\"900\" height=\"900\" srcset=\"https:\/\/www.automakers.cz\/wp-content\/uploads\/2025\/06\/Fiat-Panda-kolaz-Salabka-2025-brana-900x900.jpeg 900w, https:\/\/www.automakers.cz\/wp-content\/uploads\/2025\/06\/Fiat-Panda-kolaz-Salabka-2025-brana-1024x1024.jpeg 1024w, https:\/\/www.automakers.cz\/wp-content\/uploads\/2025\/06\/Fiat-Panda-kolaz-Salabka-2025-brana-768x768.jpeg 768w, https:\/\/www.automakers.cz\/wp-content\/uploads\/2025\/06\/Fiat-Panda-kolaz-Salabka-2025-brana.jpeg 1080w\" sizes=\"auto, (max-width: 900px) 100vw, 900px\" \/><\/p>\n<p>&nbsp;<\/p>\n","protected":false},"excerpt":{"rendered":"<p>\u0160\u00e9f F Automobil Importu Jarom\u00edr He\u0159mansk\u00fd uvedl 26. \u010dervna na trh model FIAT GRANDE PANDA&#8230;.<\/p>\n","protected":false},"author":1,"featured_media":14341,"comment_status":"closed","ping_status":"closed","sticky":false,"template":"","format":"standard","meta":{"footnotes":""},"categories":[31],"tags":[],"class_list":["post-14326","post","type-post","status-publish","format-standard","has-post-thumbnail","hentry","category-news"],"_links":{"self":[{"href":"https:\/\/www.automakers.cz\/index.php?rest_route=\/wp\/v2\/posts\/14326","targetHints":{"allow":["GET"]}}],"collection":[{"href":"https:\/\/www.automakers.cz\/index.php?rest_route=\/wp\/v2\/posts"}],"about":[{"href":"https:\/\/www.automakers.cz\/index.php?rest_route=\/wp\/v2\/types\/post"}],"author":[{"embeddable":true,"href":"https:\/\/www.automakers.cz\/index.php?rest_route=\/wp\/v2\/users\/1"}],"replies":[{"embeddable":true,"href":"https:\/\/www.automakers.cz\/index.php?rest_route=%2Fwp%2Fv2%2Fcomments&post=14326"}],"version-history":[{"count":8,"href":"https:\/\/www.automakers.cz\/index.php?rest_route=\/wp\/v2\/posts\/14326\/revisions"}],"predecessor-version":[{"id":14343,"href":"https:\/\/www.automakers.cz\/index.php?rest_route=\/wp\/v2\/posts\/14326\/revisions\/14343"}],"wp:featuredmedia":[{"embeddable":true,"href":"https:\/\/www.automakers.cz\/index.php?rest_route=\/wp\/v2\/media\/14341"}],"wp:attachment":[{"href":"https:\/\/www.automakers.cz\/index.php?rest_route=%2Fwp%2Fv2%2Fmedia&parent=14326"}],"wp:term":[{"taxonomy":"category","embeddable":true,"href":"https:\/\/www.automakers.cz\/index.php?rest_route=%2Fwp%2Fv2%2Fcategories&post=14326"},{"taxonomy":"post_tag","embeddable":true,"href":"https:\/\/www.automakers.cz\/index.php?rest_route=%2Fwp%2Fv2%2Ftags&post=14326"}],"curies":[{"name":"wp","href":"https:\/\/api.w.org\/{rel}","templated":true}]}}